{"id":3493,"date":"2022-06-12T18:13:35","date_gmt":"2022-06-12T18:13:35","guid":{"rendered":"http:\/\/www.chnk.pl\/?p=3493"},"modified":"2022-06-12T18:13:35","modified_gmt":"2022-06-12T18:13:35","slug":"niedziela-najswietszej-trojcy-2","status":"publish","type":"post","link":"https:\/\/www.chnk.pl\/?p=3493","title":{"rendered":"Niedziela Naj\u015bwi\u0119tszej Tr\u00f3jcy"},"content":{"rendered":"<p><strong>&nbsp;<\/strong><\/p>\n<p><strong>OG\u0141OSZENIA DUSZPASTERSKIE<\/strong><\/p>\n<p><strong>NIEDZIELA NAJ\u015aWI\u0118TSZEJ TR\u00d3JCY<\/strong><\/p>\n<p><strong>&nbsp;12 czerwca 2022 r.<\/strong><\/p>\n<p>&nbsp;<\/p>\n<ol>\n<li>W czwartek, Uroczysto\u015b\u0107 Naj\u015bwi\u0119tszego Cia\u0142a i Krwi Chrystusa (Bo\u017ce Cia\u0142o). Centralna procesja rozpocznie si\u0119 msz\u0105 \u015bw. w Parafii Bo\u017cego Cia\u0142a o godz. 10.00 i przejdzie do Katedry. Bo\u017ce Cia\u0142o jest publicznym wyznaniem wiary w Boga obecnego w Eucharystii, dajmy temu wyraz uczestnicz\u0105c w procesji og\u00f3lnomiejskiej. Msza \u015bw. w naszej Parafii w \u015brod\u0119 o godz. 18.00 (ju\u017c \u015bwi\u0105teczna) i w Bo\u017ce Cia\u0142o o godz. 8.00, 9.30, 11.15, 15.00 i po procesji oko\u0142o 16.30. Nie b\u0119dzie Mszy \u015bw. o godz. 12.30 i 18.00. Prosimy o udekorowanie okien i balkon\u00f3w, prosimy o to tak\u017ce tych parafian, kt\u00f3rzy wyje\u017cd\u017caj\u0105. W \u015brod\u0119 okazja do spowiedzi \u015bw. od godz. 16.30 do 18.00. W oktawie Bo\u017cego Cia\u0142a w dni powszednie msza \u015bw. o godz. 18.00 z procesj\u0105, a w niedziel\u0119 po mszy \u015bw. o godz. 9.30. Dziewczynki (zw\u0142aszcza pierwszokomunijne) prosimy o sypanie kwiat\u00f3w w Bo\u017ce Cia\u0142o i w oktaw\u0119. Pr\u00f3ba sypania kwiat\u00f3w w \u015brod\u0119, przy ko\u015bciele, o godz. 17.00. Prosimy o przynoszenie p\u0142atk\u00f3w kwiat\u00f3w i zostawianie ich przy zakrystii oraz zb\u0119dnych koszyczk\u00f3w do sypania kwiat\u00f3w.<\/li>\n<li>OKTAWA BO\u017bEGO CIA\u0141A: pi\u0105tek i sobota: godz. 17.30 r\u00f3\u017caniec, godz.18.00 &#8211; nieszpory, msza \u015bw., Litania do Serca Pana Jezusa i procesja. Niedziela, 19.06: godz. 9.30 \u2013 msza \u015bw., Litania do Serca Pana Jezusa i procesja, a o godz. 17.25 \u2013 r\u00f3\u017caniec salety\u0144ski w intencji rodzin. Poniedzia\u0142ek, wtorek, \u015broda i czwartek: godz. 17.30 \u2013 r\u00f3\u017caniec, godz.18.00 &#8211; nieszpory, msza \u015bw., Litania do Serca Pana Jezusa i procesja.<\/li>\n<li>Zbi\u00f3rka dla ministrant\u00f3w przed Bo\u017cym Cia\u0142em w \u015brod\u0119 o 19:00 w ko\u015bciele<\/li>\n<li>Spotkanie duszpasterstwa m\u0142odzie\u017cy w pi\u0105tek o 19:15 w salce.<\/li>\n<li>Parafia organizuje p\u00f3\u0142kolonie dla dzieci ze szko\u0142y podstawowej w dniach 11\u201314 lipca, w godz. 9:00\u201315:00. Dziecko mo\u017ce uczestniczy\u0107 w jednym, dw\u00f3ch, trzech lub czterech spo\u015br\u00f3d tych dni. Ka\u017cdego dnia planowane jest wyj\u015bcie, a na zako\u0144czenie obiad. Koszt: 30 z\u0142 za jeden dzie\u0144 od dziecka. Maksymalnie w jednym dniu uczestniczy\u0107 mo\u017ce 30 dzieci, decyduje kolejno\u015b\u0107 zg\u0142osze\u0144. Plan oraz deklaracje zg\u0142oszenia dziecka prosimy zabra\u0107 ze stolika z pras\u0105. Zapisy \u2013 z wype\u0142nionymi deklaracjami (na ka\u017cdy dzie\u0144 osobna deklaracja) i p\u0142atno\u015bci\u0105 \u2013 przyjmowane b\u0119d\u0105 w salce parafialnej (wej\u015bcie z dziedzi\u0144ca) w terminach: 15 czerwca w godz. 19-20; 19 czerwca po Mszy o 11:15; 26 czerwca po Mszy o 11:15.<\/li>\n<li>Razem z Biurem Podr\u00f3\u017cy Misja Travel organizujemy pielgrzymk\u0119 do Ziemi \u015awi\u0119tej w terminie 10 \u2013 17 listopada. W programie najwa\u017cniejsze miejsca dzia\u0142alno\u015bci Chrystusa, m.in.: Betania, Betlejem, g\u00f3ra Tabor, Nazaret, Kafarnaum, dwa dni w Jerozolimie oraz rejs po Jeziorze Galilejskim i k\u0105piel w Morzu Martwym. Wylot z Poznania. Termin listopadowy pozwala unikn\u0105\u0107 uci\u0105\u017cliwych upa\u0142\u00f3w, a jednocze\u015bnie nadal jest ciep\u0142o. Koszt: 3490 z\u0142 + 210$. Program i szczeg\u00f3\u0142y przy stoliku z pras\u0105. Zg\u0142oszenia u ks. wikariusza.<\/li>\n<\/ol>\n<p><strong>7.<\/strong>Informujemy, \u017ce bierzmowanie odb\u0119dzie si\u0119 13 pa\u017adziernika na Mszy \u015bw. o godz. 16:30.<\/p>\n<ol start=\"8\">\n<li>W przysz\u0142\u0105 niedziel\u0119, przed ko\u015bcio\u0142em, kwesta na KUL i Wydzia\u0142 Teologiczny.<\/li>\n<li><strong>9<\/strong><strong>. <\/strong>Zach\u0119camy do czytania prasy katolickiej. Przy zakrystii: <em>Przewodnik Katolicki, Go\u015b\u0107 Niedzielny, Ma\u0142y Przewodnik Katolicki, <\/em>gazetka parafialna.<\/li>\n<li>M\u00f3dlmy si\u0119 za zmar\u0142ych parafian. Za dusz\u0119 \u015bp. Marii Grzywaczewskiej, os. Lecha 127.(msza \u015bw. pogrzebowa we wtorek o godz. 8.45, pogrzeb na G\u00f3rczynie o godz. 11.00). Wieczny odpoczynek racz zmar\u0142ym da\u0107 Panie.<\/li>\n<\/ol>\n<p>&nbsp;<\/p>\n<p>&nbsp;<\/p>\n<p><strong>&nbsp;<\/strong><\/p>\n<p><strong>&nbsp;<\/strong><\/p>\n<p><strong>&nbsp;<\/strong><\/p>\n<p><strong>&nbsp;<\/strong><\/p>\n<p><strong>&nbsp;<\/strong><\/p>\n<p><strong>&nbsp;<\/strong><\/p>\n<p><strong>UROCZYSTO\u015a\u0106 BO\u017bEGO CIA\u0141A I OKTAWA<\/strong><\/p>\n<p>&nbsp;<\/p>\n<p>&nbsp;<\/p>\n<p><strong>BO\u017bE CIA\u0141O 16.06.2022r. Msza \u015bw.:<\/strong><\/p>\n<p>(w przeddzie\u0144) \u015broda: godz. 17.30 r\u00f3\u017caniec, 18.00 &#8211; msza \u015bw.,<\/p>\n<p>czwartek: 8.00,&nbsp; 9.30,&nbsp; 11.15,&nbsp; 15.30,&nbsp; 16.30 (po procesji) Nie ma mszy \u015bw. o godz. 12.30 i 18.00<\/p>\n<p>&nbsp;<\/p>\n<p><strong>OKTAWA BO\u017bEGO CIA\u0141A<\/strong>&nbsp;<\/p>\n<p><u>&nbsp;<\/u><\/p>\n<p><u>pi\u0105tek,<\/u> 17.6. godz. 17.30 r\u00f3\u017caniec, godz.18.00 &#8211; nieszpory, msza \u015bw., Litania do Serca Pana Jezusa i procesja.<\/p>\n<p><u>&nbsp;<\/u><\/p>\n<p><u>sobota<\/u>, 18.6. godz. 17.30 r\u00f3\u017caniec, godz. 18.00 &#8211; nieszpory, msza \u015bw., Litania do Serca Pana Jezusa i procesja<\/p>\n<p><u>&nbsp;<\/u><\/p>\n<p><u>niedziela<\/u>, 19.6.&nbsp; godz.&nbsp; 9.30 \u2013 msza \u015bw., Litania do Serca Pana Jezusa&nbsp;&nbsp;&nbsp;&nbsp;&nbsp;&nbsp;&nbsp;&nbsp;&nbsp;&nbsp;&nbsp;&nbsp;&nbsp;&nbsp;&nbsp;&nbsp;&nbsp;&nbsp;&nbsp;&nbsp; i procesja, godz. 17.25 \u2013 r\u00f3\u017caniec w intencji rodzin,&nbsp;&nbsp;&nbsp;&nbsp;<\/p>\n<p><u>&nbsp;<\/u><\/p>\n<p><u>poniedzia\u0142ek<\/u>, 20.6. godz. 17.30 &#8211; r\u00f3\u017caniec, godz.18.00 &#8211; nieszpory,msza \u015bw., Litania do Serca Pana Jezusa i procesja<\/p>\n<p><u>&nbsp;<\/u><\/p>\n<p><u>wtorek <\/u>, 21.6. godz.17.30 r\u00f3\u017caniec, godz. 18.00 &#8211; nieszpory, msza \u015bw., Litania do Serca Pana Jezusa i procesja<\/p>\n<p><u>&nbsp;<\/u><\/p>\n<p><u>\u015broda<\/u>, 22. 6. godz.18.00 &#8211; nieszpory, msza \u015bw.,&nbsp; Litania do Serca Pana Jezusa i procesja<\/p>\n<p><u>&nbsp;<\/u><\/p>\n<p><u>czwartek<\/u>, 23.6. godz.17.30 r\u00f3\u017caniec, godz. 18.00 &#8211; nieszpory, msza \u015bw., Litania do Serca Pana Jezusa i procesja<\/p>\n<p>&nbsp;<\/p>\n<p>&nbsp;<\/p>\n<p>&nbsp;<\/p>\n<p>&nbsp;<\/p>\n<p>&nbsp;<\/p>\n<p>&nbsp;<\/p>\n<p>&nbsp;<\/p>\n<p>&nbsp;<\/p>\n<p>&nbsp;<\/p>\n<p>&nbsp;<\/p>\n<p>&nbsp;<\/p>\n<p>&nbsp;<\/p>\n<p>&nbsp;<\/p>\n<p>&nbsp;<\/p>\n<p>&nbsp;<\/p>\n<p>&nbsp;<\/p>\n<p>&nbsp;<\/p>\n<p>&nbsp;<\/p>\n<p>&nbsp;<\/p>\n<p>&nbsp;<\/p>\n<p>&nbsp;<\/p>\n<p>&nbsp;<\/p>\n<p>&nbsp;<\/p>\n<p>&nbsp;<\/p>\n<p>&nbsp;&nbsp;&nbsp;&nbsp;&nbsp;&nbsp;&nbsp;&nbsp;&nbsp;&nbsp;&nbsp;&nbsp;&nbsp;&nbsp;&nbsp;&nbsp;&nbsp;&nbsp;&nbsp;&nbsp;&nbsp;&nbsp;&nbsp;&nbsp;&nbsp;&nbsp;&nbsp;&nbsp;&nbsp;&nbsp;&nbsp;&nbsp;&nbsp;&nbsp;&nbsp;&nbsp;&nbsp;&nbsp;&nbsp;&nbsp;&nbsp;&nbsp;&nbsp;&nbsp;&nbsp;&nbsp;&nbsp;&nbsp;&nbsp;&nbsp;&nbsp;&nbsp;&nbsp;&nbsp;&nbsp;&nbsp;&nbsp;&nbsp;&nbsp;&nbsp;&nbsp;&nbsp;&nbsp;&nbsp;&nbsp;&nbsp;&nbsp;&nbsp;&nbsp;&nbsp;&nbsp;&nbsp;&nbsp;&nbsp;&nbsp;&nbsp;&nbsp;&nbsp;&nbsp;&nbsp;&nbsp;&nbsp;&nbsp;&nbsp;&nbsp;&nbsp;&nbsp;&nbsp;<\/p>\n<p>&nbsp;<\/p>\n<p>&nbsp;<\/p>\n","protected":false},"excerpt":{"rendered":"<p>&nbsp; OG\u0141OSZENIA DUSZPASTERSKIE NIEDZIELA NAJ\u015aWI\u0118TSZEJ TR\u00d3JCY &nbsp;12 czerwca 2022 r. &nbsp; W czwartek, Uroczysto\u015b\u0107 Naj\u015bwi\u0119tszego Cia\u0142a i Krwi Chrystusa (Bo\u017ce Cia\u0142o). Centralna procesja rozpocznie si\u0119 msz\u0105 \u015bw. w Parafii Bo\u017cego Cia\u0142a o godz. 10.00 i przejdzie do Katedry. Bo\u017ce Cia\u0142o jest publicznym wyznaniem wiary w Boga obecnego w Eucharystii, dajmy temu wyraz uczestnicz\u0105c w procesji &#8230; <span class=\"more\"><a class=\"more-link\" href=\"https:\/\/www.chnk.pl\/?p=3493\">czytaj wi\u0119cej<\/a><\/span><\/p>\n","protected":false},"author":3,"featured_media":0,"comment_status":"open","ping_status":"open","sticky":false,"template":"","format":"standard","meta":{"ngg_post_thumbnail":0,"footnotes":""},"categories":[1],"tags":[],"_links":{"self":[{"href":"https:\/\/www.chnk.pl\/index.php?rest_route=\/wp\/v2\/posts\/3493"}],"collection":[{"href":"https:\/\/www.chnk.pl\/index.php?rest_route=\/wp\/v2\/posts"}],"about":[{"href":"https:\/\/www.chnk.pl\/index.php?rest_route=\/wp\/v2\/types\/post"}],"author":[{"embeddable":true,"href":"https:\/\/www.chnk.pl\/index.php?rest_route=\/wp\/v2\/users\/3"}],"replies":[{"embeddable":true,"href":"https:\/\/www.chnk.pl\/index.php?rest_route=%2Fwp%2Fv2%2Fcomments&post=3493"}],"version-history":[{"count":1,"href":"https:\/\/www.chnk.pl\/index.php?rest_route=\/wp\/v2\/posts\/3493\/revisions"}],"predecessor-version":[{"id":3494,"href":"https:\/\/www.chnk.pl\/index.php?rest_route=\/wp\/v2\/posts\/3493\/revisions\/3494"}],"wp:attachment":[{"href":"https:\/\/www.chnk.pl\/index.php?rest_route=%2Fwp%2Fv2%2Fmedia&parent=3493"}],"wp:term":[{"taxonomy":"category","embeddable":true,"href":"https:\/\/www.chnk.pl\/index.php?rest_route=%2Fwp%2Fv2%2Fcategories&post=3493"},{"taxonomy":"post_tag","embeddable":true,"href":"https:\/\/www.chnk.pl\/index.php?rest_route=%2Fwp%2Fv2%2Ftags&post=3493"}],"curies":[{"name":"wp","href":"https:\/\/api.w.org\/{rel}","templated":true}]}}