{"id":3488,"date":"2022-06-04T19:58:31","date_gmt":"2022-06-04T19:58:31","guid":{"rendered":"http:\/\/www.chnk.pl\/?p=3488"},"modified":"2022-06-04T19:58:58","modified_gmt":"2022-06-04T19:58:58","slug":"zeslanie-ducha-swietego-5","status":"publish","type":"post","link":"https:\/\/www.chnk.pl\/?p=3488","title":{"rendered":"Zes\u0142anie Ducha \u015awi\u0119tego"},"content":{"rendered":"<p><strong>&nbsp;<\/strong><\/p>\n<p><strong>OG\u0141OSZENIA DUSZPASTERSKIE<\/strong><\/p>\n<p><strong>ZES\u0141ANIE DUCHA \u015aWI\u0118TEGO<\/strong><\/p>\n<p><strong>5 czerwca 2022 r.<\/strong><\/p>\n<ol>\n<li>Kalendarz liturgiczny: poniedzia\u0142ek \u2013 NMP Matki Ko\u015bcio\u0142a, \u015broda \u2013 \u015bw. Jadwigi Kr\u00f3lowej, czwartek \u2013 \u015bwi\u0119to Jezusa Chrystusa Najwy\u017cszego i Wiecznego Kap\u0142an, pi\u0105tek \u2013 b\u0142. Bogumi\u0142a, sobota \u2013 \u015bw. Barnaby.<\/li>\n<li>W poniedzia\u0142ek, II \u015bwi\u0119to Zielonych \u015awi\u0105t, \u015awi\u0119to Naj\u015bwi\u0119tszej Maryi Panny Matki Ko\u015bcio\u0142a. Zapraszamy na msz\u0119 \u015bw. o godz.: 8.00 i 18.00.<\/li>\n<li>Nabo\u017ce\u0144stwo do Naj\u015bwi\u0119tszego Serca Pana Jezusa po wieczornej mszy \u015bw.<\/li>\n<li>Kr\u0105g Biblijny w \u015brod\u0119 po wieczornej mszy \u015bw. w salce parafialnej. Spotkanie wsp\u00f3lnoty r\u00f3\u017ca\u0144cowej w \u015brod\u0119 po wieczornej mszy \u015bw. w ko\u015bciele.<\/li>\n<li><strong> Odpust w naszej Parafii. <\/strong>Ojciec \u015bw. Benedykt XVI ustanowi\u0142 \u015bwi\u0119to Jezusa Chrystusa Najwy\u017cszego i Wiecznego Kap\u0142ana. Odpust w naszej parafii w najbli\u017cszy czwartek. Adoracja Naj\u015bwi\u0119tszego Sakramentu o godz. 18.00 w intencji Ojca \u015bw. Franciszka, i o powo\u0142ania kap\u0142a\u0144skie. Suma odpustowa o godz. 19.00. Sum\u0119 odprawi ks. dr Stanis\u0142aw Walewicz.<\/li>\n<li>Spotkanie duszpasterstwa m\u0142odzie\u017cy w pi\u0105tek o 19:15 w salce.<\/li>\n<li>Spotkanie wsp\u00f3lnoty rodzin w sobot\u0119 o 19:15 w ko\u015bciele i potem w salce. Zapraszamy osoby w ka\u017cdym wieku i w ka\u017cdym stanie \u017cycia.<\/li>\n<li>W przysz\u0142\u0105 niedziel\u0119, Tr\u00f3jcy \u015awi\u0119tej, ko\u0144czy si\u0119 czas spowiedzi \u015bw. wielkanocnej.<\/li>\n<li>Podzi\u0119kowanie rodzicom dzieci pierwszokomunijnych za przygotowanie ko\u015bcio\u0142a na uroczysto\u015b\u0107 pierwszokomunijn\u0105 i za udzia\u0142 w Bia\u0142ym Tygodniu. Prosimy tych rodzic\u00f3w o przygotowanie o\u0142tarza na procesj\u0119 Bo\u017cego Cia\u0142a. Spotkanie w sprawie o\u0142tarzy na Bo\u017ce Cia\u0142o dla wszystkich przygotowuj\u0105cych o\u0142tarze w pi\u0105tek o godz. 18.45 w salce parafialnej.<\/li>\n<li>Parafia organizuje p\u00f3\u0142kolonie dla dzieci ze szko\u0142y podstawowej w dniach 11-14 lipca, w godz. 9:00-15:00. Dziecko mo\u017ce uczestniczy\u0107 w jednym, dw\u00f3ch, trzech lub czterech spo\u015br\u00f3d nich. Szczeg\u00f3\u0142y i zapisy wkr\u00f3tce.<\/li>\n<li>Zapraszamy rodzic\u00f3w i dzieci na spotkanie przy ciastku po Mszy \u015bw. o 11:15.<\/li>\n<li>Marsz dla \u017bycia przejdzie ulicami Poznania w niedziel\u0119, 12 czerwca. O godz. 14:30 festyn rodzinny na pl. A. Mickiewicza. Nast\u0119pnie marsz w kierunku Katedry, gdzie Msza \u015aw. Zach\u0119camy do uczestnictwa oraz do w\u0142\u0105czenia si\u0119 w promocj\u0119 wydarzenia w\u015br\u00f3d znajomych. Rodzina to warto\u015bci fundamentalne! Informacje na <a href=\"http:\/\/www.marszdlazycia.pl\/\">www.marszdlazycia.pl<\/a><\/li>\n<li>Razem z Biurem Podr\u00f3\u017cy Misja Travel organizujemy pielgrzymk\u0119 do Ziemi \u015awi\u0119tej w terminie 10-17 listopada. W programie najwa\u017cniejsze miejsca dzia\u0142alno\u015bci Pana Jezusa, m.in.: Betania, Betlejem, Jerozolima, Jerycho, Nazaret, Kafarnaum, Jezioro Galilejskie Morze Martwe. Wylot z Poznania. Termin listopadowy pozwala unikn\u0105\u0107 uci\u0105\u017cliwych upa\u0142\u00f3w, a jednocze\u015bnie nadal jest ciep\u0142o \u2013 pogoda wtedy przypomina polsk\u0105 wiosn\u0119 (15-20 stopni C). Koszt: 3490 z\u0142 + 210$. Ze wzgl\u0119du na wzrost cen, po 22 czerwca koszt wzro\u015bnie o 200 z\u0142. Program i szczeg\u00f3\u0142y pielgrzymki przy stoliku z pras\u0105. Zg\u0142oszenia po mszach w zakrystii, w biurze parafialnym lub u ks. wikariusza.<\/li>\n<li>Zach\u0119camy do czytania Przewodnika Katolickiego. Prosimy dzieci, aby zabiera\u0142y Ziarno z niedzieln\u0105 Ewangeli\u0105 i odczyta\u0142y j\u0105 w rodzinie przed wsp\u00f3lnym posi\u0142kiem, albo w czasie wieczornego pacierza.<\/li>\n<li>M\u00f3dlmy si\u0119 za zmar\u0142ych parafian. Za dusz\u0119 \u015bp. Marii Przybylak, os. Lecha 16. Pogrzeb odby\u0142 si\u0119 w Kicinie. Wieczny odpoczynek racz zmar\u0142ym da\u0107 Panie.<\/li>\n<\/ol>\n<p>&nbsp;<\/p>\n<p>&nbsp;<\/p>\n<p>&nbsp;<\/p>\n<p>&nbsp;<\/p>\n<p>&nbsp;<\/p>\n<p>&nbsp;<\/p>\n<p>&nbsp;<\/p>\n<p>&nbsp;<\/p>\n<p>&nbsp;<\/p>\n<p><strong>&nbsp;<\/strong><\/p>\n<p><strong>&nbsp;<\/strong><\/p>\n<p><strong>&nbsp;<\/strong><\/p>\n<p><strong>&nbsp;<\/strong><\/p>\n<p><strong>&nbsp;<\/strong><\/p>\n<p><strong>&nbsp;<\/strong><\/p>\n<p>&nbsp;<\/p>\n<p><strong>&nbsp;<\/strong><\/p>\n","protected":false},"excerpt":{"rendered":"<p>&nbsp; OG\u0141OSZENIA DUSZPASTERSKIE ZES\u0141ANIE DUCHA \u015aWI\u0118TEGO 5 czerwca 2022 r. Kalendarz liturgiczny: poniedzia\u0142ek \u2013 NMP Matki Ko\u015bcio\u0142a, \u015broda \u2013 \u015bw. Jadwigi Kr\u00f3lowej, czwartek \u2013 \u015bwi\u0119to Jezusa Chrystusa Najwy\u017cszego i Wiecznego Kap\u0142an, pi\u0105tek \u2013 b\u0142. Bogumi\u0142a, sobota \u2013 \u015bw. Barnaby. W poniedzia\u0142ek, II \u015bwi\u0119to Zielonych \u015awi\u0105t, \u015awi\u0119to Naj\u015bwi\u0119tszej Maryi Panny Matki Ko\u015bcio\u0142a. Zapraszamy na msz\u0119 \u015bw. &#8230; <span class=\"more\"><a class=\"more-link\" href=\"https:\/\/www.chnk.pl\/?p=3488\">czytaj wi\u0119cej<\/a><\/span><\/p>\n","protected":false},"author":3,"featured_media":0,"comment_status":"open","ping_status":"open","sticky":false,"template":"","format":"standard","meta":{"ngg_post_thumbnail":0,"footnotes":""},"categories":[1],"tags":[],"_links":{"self":[{"href":"https:\/\/www.chnk.pl\/index.php?rest_route=\/wp\/v2\/posts\/3488"}],"collection":[{"href":"https:\/\/www.chnk.pl\/index.php?rest_route=\/wp\/v2\/posts"}],"about":[{"href":"https:\/\/www.chnk.pl\/index.php?rest_route=\/wp\/v2\/types\/post"}],"author":[{"embeddable":true,"href":"https:\/\/www.chnk.pl\/index.php?rest_route=\/wp\/v2\/users\/3"}],"replies":[{"embeddable":true,"href":"https:\/\/www.chnk.pl\/index.php?rest_route=%2Fwp%2Fv2%2Fcomments&post=3488"}],"version-history":[{"count":1,"href":"https:\/\/www.chnk.pl\/index.php?rest_route=\/wp\/v2\/posts\/3488\/revisions"}],"predecessor-version":[{"id":3489,"href":"https:\/\/www.chnk.pl\/index.php?rest_route=\/wp\/v2\/posts\/3488\/revisions\/3489"}],"wp:attachment":[{"href":"https:\/\/www.chnk.pl\/index.php?rest_route=%2Fwp%2Fv2%2Fmedia&parent=3488"}],"wp:term":[{"taxonomy":"category","embeddable":true,"href":"https:\/\/www.chnk.pl\/index.php?rest_route=%2Fwp%2Fv2%2Fcategories&post=3488"},{"taxonomy":"post_tag","embeddable":true,"href":"https:\/\/www.chnk.pl\/index.php?rest_route=%2Fwp%2Fv2%2Ftags&post=3488"}],"curies":[{"name":"wp","href":"https:\/\/api.w.org\/{rel}","templated":true}]}}