{"id":3484,"date":"2022-05-28T16:43:45","date_gmt":"2022-05-28T16:43:45","guid":{"rendered":"http:\/\/www.chnk.pl\/?p=3484"},"modified":"2022-05-28T16:44:06","modified_gmt":"2022-05-28T16:44:06","slug":"7-niedziela-wielkanocy-wniebowstapienie-panskie","status":"publish","type":"post","link":"https:\/\/www.chnk.pl\/?p=3484","title":{"rendered":"7 Niedziela Wielkanocy Wniebowst\u0105pienie Pa\u0144skie"},"content":{"rendered":"<p style=\"text-align: center;\">&nbsp;<\/p>\n<p><strong>&nbsp;<\/strong><\/p>\n<p><strong>OG\u0141OSZENIA DUSZPASTERSKIE<\/strong><\/p>\n<p><strong>NIEDZIELA VII WIELKANOCY<\/strong><\/p>\n<p><strong><em>WNIEBOWST\u0104PIENIE PA\u0143SKIE<\/em><\/strong><\/p>\n<p><strong>&nbsp;&nbsp;&nbsp;&nbsp;&nbsp;&nbsp;&nbsp;&nbsp;&nbsp;&nbsp;&nbsp;&nbsp;&nbsp;&nbsp;&nbsp;&nbsp;&nbsp;&nbsp;&nbsp;&nbsp;&nbsp;&nbsp;&nbsp;&nbsp;&nbsp;&nbsp;&nbsp;&nbsp;&nbsp;&nbsp;&nbsp;&nbsp;&nbsp;&nbsp;&nbsp;&nbsp;&nbsp;&nbsp;&nbsp;&nbsp;&nbsp;&nbsp;&nbsp;&nbsp;&nbsp;&nbsp;&nbsp;&nbsp;&nbsp;&nbsp;&nbsp;&nbsp;&nbsp;&nbsp;&nbsp;&nbsp;&nbsp;&nbsp;&nbsp;&nbsp;&nbsp;&nbsp;&nbsp;&nbsp;&nbsp;&nbsp;&nbsp;&nbsp;&nbsp;&nbsp;&nbsp;&nbsp;&nbsp;&nbsp;&nbsp;&nbsp;&nbsp;&nbsp;&nbsp;&nbsp; 29 maja 2022 r.<\/strong><\/p>\n<ol>\n<li>Kalendarz liturgiczny: poniedzia\u0142ek \u2013 \u015bw. Jana Sankandra i &nbsp;\u015bw. Zdzis\u0142awy, wtorek \u2013 \u015bwi\u0119to Nawiedzenia NMP, \u015broda \u2013 \u015bw. Justyna, czwartek \u2013 \u015bw. Marcelina i Piotra, pi\u0105tek \u2013 \u015bw. Karola Lwangi<\/li>\n<li>Bia\u0142y Tydzie\u0144 od poniedzia\u0142ku do pi\u0105tku o godz. 18.00.<\/li>\n<li>Rocznica I Komunii \u015bw. w poniedzia\u0142ek, 30 maja br., na mszy \u015bw. o godz. 19.15. Dzieci uczestnicz\u0105 w strojach pierwszokomunijnych lub innych od\u015bwi\u0119tnych. Na t\u0119 uroczyst\u0105 msz\u0119 \u015bw. dzieci przynosz\u0105 ksi\u0105\u017ceczki pierwszopi\u0105tkowe. Okazja do spowiedzi \u015bw. dla tych dzieci jeszcze dzisiaj, w niedziel\u0119, od godz. 16.30 do 17.30.<\/li>\n<li>Kr\u0105g Biblijny w \u015brod\u0119 o godz. 18.45 w salce parafialnej (po wieczornej mszy \u015bw.)<\/li>\n<li>W tym tygodniu: I czwartek, I pi\u0105tek, i I sobota miesi\u0105ca. Adoracja Naj\u015bwi\u0119t\u00adszego Sakra\u00admentu w czwartek od godz. 17.00 do 18.00 w intencji poszanowania \u017cycia ludzkiego. Zapraszamy na r\u00f3\u017caniec wszystkich, kt\u00f3rzy podj\u0119li duchow\u0105 adopcj\u0119 dziecka nienarodzonego. Adoracja w intencji zachowania i uproszenie nowych powo\u0142a\u0144 kap\u0142a\u0144skich, zakonnych i misyjnych po wieczornej mszy \u015bw. do godz. 21.00. Comiesi\u0119czna spowied\u017a i komunia \u015bw. dla klas: 4, 5, 6, 7 i 8 w pi\u0105tek od godz. 15.00, msza \u015bw. pierwszopi\u0105tkowa o godz. 18.00. Odwiedzimy chorych z sakramentami \u015bw. w pi\u0105tek, 3 czerwca i w sobot\u0119 11 czerwca. Nowe zg\u0142oszenia w zakrystii. Nabo\u017ce\u0144stwo pierwszosobotnie, do Niepokalanego Serca Matki Bo\u017cej w sobot\u0119: r\u00f3\u017caniec o godz. 7.15 i msza \u015bw.&nbsp; Spotkanie wsp\u00f3lnoty ma\u0142\u017ce\u0144stw w sobot\u0119, 11 czerwca, o godz. 19.00 w ko\u015bciele.<\/li>\n<li>Spotkanie kandydat\u00f3w do bierzmowania w czwartek o 19:00 w salce.<\/li>\n<li>Spotkanie duszpasterstwa m\u0142odzie\u017cy w pi\u0105tek o 19:15 w salce.<\/li>\n<li>Zapraszamy na czuwanie modlitewne w Wigili\u0119 Zes\u0142ania Ducha \u015awi\u0119tego w sobot\u0119, 4 czerwca w godz. 19:00 do 21:00.<\/li>\n<li>Zapraszamy rodzic\u00f3w i dzieci na spotkanie przy ciastku w przysz\u0142\u0105 niedziel\u0119 po Mszy \u015bw. o 11:15.<\/li>\n<li>Parafia organizuje p\u00f3\u0142kolonie dla dzieci ze szko\u0142y podstawowej w dniach 11-14 lipca, w godz. 9:00-15:00. B\u0119d\u0105 to cztery oddzielne wydarzenia \u2013 dziecko mo\u017ce uczestniczy\u0107 w jednym, dw\u00f3ch, trzech lub czterech spo\u015br\u00f3d nich. Szczeg\u00f3\u0142y i zapisy w p\u00f3\u017aniejszym terminie.<\/li>\n<li>Parafia planuje zorganizowa\u0107 pielgrzymk\u0119 do Ziemi \u015awi\u0119tej w listopadzie br. Szczeg\u00f3\u0142y wkr\u00f3tce<\/li>\n<li>Zbli\u017ca si\u0119 Uroczysto\u015b\u0107 Bo\u017cego Cia\u0142a. Prosimy, aby o\u0142tarze przygotowali: I &#8211; Rodzice dzieci klas trzecich. II &#8211; Rodzice ministrant\u00f3w III &#8211; M\u0142odzie\u017c i m\u0142ode ma\u0142\u017ce\u0144stwa, IV &#8211; Wsp\u00f3lnoty R\u00f3\u017ca\u0144cowe.<\/li>\n<li>Odpust w Parafii Nawiedzenia NMP we wtorek. Suma odpustowa o godz. 18.30.<\/li>\n<li>Zach\u0119camy do czytania prasy katolickiej. Przy zakrystii: Przewodnik Katolicki, Ma\u0142y Przewodnik Katolicki, Go\u015b\u0107 Niedzielny, Ziarno, gazetka parafialna.<\/li>\n<li>M\u00f3dlmy si\u0119 za zmar\u0142ych Parafian. Za dusz\u0119 \u015bp. Mariana Paupy, os. Lecha 117, \u015bp. Haliny Baraniak, os. Lecha 124, \u015bp. Kazimierza Wieczorka, os. Lecha 45. Wieczny odpoczynek raz zmar\u0142ym da\u0107 Panie.<\/li>\n<\/ol>\n","protected":false},"excerpt":{"rendered":"<p>&nbsp; &nbsp; OG\u0141OSZENIA DUSZPASTERSKIE NIEDZIELA VII WIELKANOCY WNIEBOWST\u0104PIENIE PA\u0143SKIE &nbsp;&nbsp;&nbsp;&nbsp;&nbsp;&nbsp;&nbsp;&nbsp;&nbsp;&nbsp;&nbsp;&nbsp;&nbsp;&nbsp;&nbsp;&nbsp;&nbsp;&nbsp;&nbsp;&nbsp;&nbsp;&nbsp;&nbsp;&nbsp;&nbsp;&nbsp;&nbsp;&nbsp;&nbsp;&nbsp;&nbsp;&nbsp;&nbsp;&nbsp;&nbsp;&nbsp;&nbsp;&nbsp;&nbsp;&nbsp;&nbsp;&nbsp;&nbsp;&nbsp;&nbsp;&nbsp;&nbsp;&nbsp;&nbsp;&nbsp;&nbsp;&nbsp;&nbsp;&nbsp;&nbsp;&nbsp;&nbsp;&nbsp;&nbsp;&nbsp;&nbsp;&nbsp;&nbsp;&nbsp;&nbsp;&nbsp;&nbsp;&nbsp;&nbsp;&nbsp;&nbsp;&nbsp;&nbsp;&nbsp;&nbsp;&nbsp;&nbsp;&nbsp;&nbsp;&nbsp; 29 maja 2022 r. Kalendarz liturgiczny: poniedzia\u0142ek \u2013 \u015bw. Jana Sankandra i &nbsp;\u015bw. Zdzis\u0142awy, wtorek \u2013 \u015bwi\u0119to Nawiedzenia NMP, \u015broda \u2013 \u015bw. Justyna, czwartek \u2013 \u015bw. Marcelina i Piotra, pi\u0105tek \u2013 \u015bw. Karola Lwangi Bia\u0142y Tydzie\u0144 od poniedzia\u0142ku do pi\u0105tku o godz. 18.00. Rocznica I &#8230; <span class=\"more\"><a class=\"more-link\" href=\"https:\/\/www.chnk.pl\/?p=3484\">czytaj wi\u0119cej<\/a><\/span><\/p>\n","protected":false},"author":3,"featured_media":0,"comment_status":"open","ping_status":"open","sticky":false,"template":"","format":"standard","meta":{"ngg_post_thumbnail":0,"footnotes":""},"categories":[1],"tags":[],"_links":{"self":[{"href":"https:\/\/www.chnk.pl\/index.php?rest_route=\/wp\/v2\/posts\/3484"}],"collection":[{"href":"https:\/\/www.chnk.pl\/index.php?rest_route=\/wp\/v2\/posts"}],"about":[{"href":"https:\/\/www.chnk.pl\/index.php?rest_route=\/wp\/v2\/types\/post"}],"author":[{"embeddable":true,"href":"https:\/\/www.chnk.pl\/index.php?rest_route=\/wp\/v2\/users\/3"}],"replies":[{"embeddable":true,"href":"https:\/\/www.chnk.pl\/index.php?rest_route=%2Fwp%2Fv2%2Fcomments&post=3484"}],"version-history":[{"count":2,"href":"https:\/\/www.chnk.pl\/index.php?rest_route=\/wp\/v2\/posts\/3484\/revisions"}],"predecessor-version":[{"id":3486,"href":"https:\/\/www.chnk.pl\/index.php?rest_route=\/wp\/v2\/posts\/3484\/revisions\/3486"}],"wp:attachment":[{"href":"https:\/\/www.chnk.pl\/index.php?rest_route=%2Fwp%2Fv2%2Fmedia&parent=3484"}],"wp:term":[{"taxonomy":"category","embeddable":true,"href":"https:\/\/www.chnk.pl\/index.php?rest_route=%2Fwp%2Fv2%2Fcategories&post=3484"},{"taxonomy":"post_tag","embeddable":true,"href":"https:\/\/www.chnk.pl\/index.php?rest_route=%2Fwp%2Fv2%2Ftags&post=3484"}],"curies":[{"name":"wp","href":"https:\/\/api.w.org\/{rel}","templated":true}]}}