{"id":3480,"date":"2022-05-21T15:56:15","date_gmt":"2022-05-21T15:56:15","guid":{"rendered":"http:\/\/www.chnk.pl\/?p=3480"},"modified":"2022-05-21T15:56:15","modified_gmt":"2022-05-21T15:56:15","slug":"6-niedziela-wielkanocna-5","status":"publish","type":"post","link":"https:\/\/www.chnk.pl\/?p=3480","title":{"rendered":"6 Niedziela Wielkanocna"},"content":{"rendered":"<p>&nbsp;<\/p>\n<p>OG\u0141OSZENIA DUSZPASTERSKIE<br \/>\nNIEDZIELA VI WIELKANOCNA<br \/>\n22 maja 2022 r.<br \/>\n1. Kalendarz liturgiczny: wtorek \u2013 NMP Wspomo\u017cycielki Wiernych, \u015broda \u2013 \u015bw. Grzegorza, czwartek \u2013 \u015bw. Filipa Nereusza, pi\u0105tek \u2013 \u015bw. Augustyna z Canterbury i \u015bw. Paw\u0142a VI<br \/>\n2. Nabo\u017ce\u0144stwa majowe o godz. 17.30. \u015arodowa nowenna do Matki Bo\u017cej Nieustaj\u0105cej Pomocy razem z majowym nabo\u017ce\u0144stwem.<br \/>\n3. W poniedzia\u0142ek, wtorek i \u015brod\u0119 kwartalne dni modlitwy o dobre urodzaje i za kraje g\u0142oduj\u0105ce. We wtorek po mszy \u015bw. porannej procesja b\u0142agalna do krzy\u017ca i litania do \u015awi\u0119tych.<br \/>\n4. Kr\u0105g Biblijny w \u015brod\u0119 o godz. 18.45 (po mszy \u015bw.) w salce parafialnej.<br \/>\n5. W przysz\u0142\u0105 niedziel\u0119, w uroczysto\u015b\u0107 Wniebowst\u0105pienia Pa\u0144skiego, o godz. 11.00, dzieci przyst\u0105pi\u0105 do I Komunii \u015bw. Prosimy wszystkich zwykle uczestnicz\u0105cych we mszy \u015bw. o godz. 11.15, aby w przysz\u0142\u0105 niedziel\u0119 wybrali inn\u0105 godzin\u0119.<br \/>\n6. Dzieci pierwszokomunijne \u2013 pr\u00f3by liturgiczne w czwartek i w pi\u0105tek o godz. 16.00, rozpocz\u0119cie przy krzy\u017cu. Spowied\u017a \u015bw. dzieci w sobot\u0119: ch\u0142opcy o godz. 9.00, dziewczynki o godz. 9.45. Spowied\u017a \u015bw. dla rodzin w sobot\u0119 od godz. 7.15 do 8.00 i od 16.00 do 19.00. Dekorowanie ko\u015bcio\u0142a przez rodzic\u00f3w w czwartek i pi\u0105tek o godz. 19.00.<br \/>\n7. Bia\u0142y Tydzie\u0144 od poniedzia\u0142ku do pi\u0105tku. Msza \u015bw. o godz. 18.00.<br \/>\n8. Rocznica I Komunii \u015bw. w poniedzia\u0142ek, 30 maja na mszy \u015bw. o godz. 19.15. Zebranie rodzic\u00f3w tych dzieci w najbli\u017cszy poniedzia\u0142ek, 23 maja, o godz. 19.00 w ko\u015bciele.<br \/>\n9. Zapraszamy na Msz\u0119 \u015bw. z modlitw\u0105 o uzdrowienie w czwartek o 19:15. Zapisane intencje prosimy z\u0142o\u017cy\u0107 do koszyka, kt\u00f3ry b\u0119dzie wystawiony pod ch\u00f3rem. Tego dnia przypada Dzie\u0144 Matki, b\u0119dziemy zatem modlili si\u0119 w intencji naszych Mam \u2013 \u017cyj\u0105cych i zmar\u0142ych. Intencj\u0105 Mszy \u015bw. b\u0119dzie te\u017c modlitwa za o\u015bmioklasist\u00f3w, kt\u00f3rym \u2013 na czas egzamin\u00f3w \u2013 \u017cyczymy Bo\u017cego b\u0142ogos\u0142awie\u0144stwa.<br \/>\n10. Spotkanie duszpasterstwa m\u0142odzie\u017cy w pi\u0105tek o 19:15 w salce.<br \/>\n11. Zbi\u00f3rka dla ministrant\u00f3w w sobot\u0119 o 10:30 w salce.<br \/>\n12. Ks. Arcybiskup Stanis\u0142aw G\u0105decki zaprasza uczestnik\u00f3w Synodu oraz wszystkich ch\u0119tnych do udzia\u0142u w SPOTKANIU PRESYNODALNYM, 27 maja (pi\u0105tek) o g. 19.00 w Kinepolis w Poznaniu, przy ul. B. Krzywoustego 72. Celem tego SPOTKANIA jest wsp\u00f3lna modlitwa oraz pierwsze publiczne zaprezentowanie wynik\u00f3w spotka\u0144 synodalnych w ca\u0142ej Archidiecezji Pozna\u0144skiej. Odb\u0119dzie si\u0119 tak\u017ce publiczna dyskusja na temat przysz\u0142o\u015bci Ko\u015bcio\u0142a.<br \/>\n13. Fundacja Akademia Jana Lubra\u0144skiego zaprasza na wyk\u0142ady laureat\u00f3w Nagrody \u201eDivinis et humanis\u201d ksi\u0119dza prof. Micha\u0142a Hellera oraz architekta S\u0142awomira Rosolskiego, 27 maja 2022 r., pi\u0105tek, godz. 17.00 Aula Centrum Wyk\u0142adowego Politechniki Pozna\u0144skiej, ul. Piotrowo 2 (wst\u0119p wolny)<br \/>\n14. Zapraszamy na czuwanie modlitewne w Wigili\u0119 Zes\u0142ania Ducha \u015awi\u0119tego w sobot\u0119 4 czerwca w godz. 19:00-21:00.<br \/>\n15. W przysz\u0142\u0105 niedziel\u0119, przed ko\u015bcio\u0142em, mo\u017cliwo\u015b\u0107 z\u0142o\u017cenia ofiary na Arcybiskupie Seminarium Duchowne.<br \/>\n16. B\u00f3g zap\u0142a\u0107 za ofiary na danin\u0119 diecezjaln\u0105 i doposa\u017canie naszego ko\u015bcio\u0142a<br \/>\n17. Zach\u0119camy do czytania prasy religijnej. Przy zakrystii: Przewodnik Katolicki, Ma\u0142y Przewodnik Katolicki, Go\u015b\u0107 Niedzielny i gazetka parafialna.<\/p>\n<p>&nbsp;<\/p>\n<p>&nbsp;<\/p>\n<p>&nbsp;<\/p>\n<p>&nbsp;<\/p>\n<p>&nbsp;<\/p>\n<p>&nbsp;<\/p>\n<p>&nbsp;<\/p>\n<p>W LIPCU I SIERPNIU<\/p>\n<p>NIE B\u0118DZIE<\/p>\n<p>MSZY \u015aW. NIEDZIELNEJ<\/p>\n<p>O GODZ. 12.30.<\/p>\n<p>&nbsp;<\/p>\n<p>&nbsp;<\/p>\n<p>W LIPCU I SIERPNIU<\/p>\n<p>CHRZEST NA MSZY \u015aW. O GODZ. 11.15<\/p>\n<p>W DRUG\u0104 I CZWART\u0104 NIEDZIEL\u0118 MIESI\u0104CA<\/p>\n<p>&nbsp;<\/p>\n","protected":false},"excerpt":{"rendered":"<p>&nbsp; OG\u0141OSZENIA DUSZPASTERSKIE NIEDZIELA VI WIELKANOCNA 22 maja 2022 r. 1. Kalendarz liturgiczny: wtorek \u2013 NMP Wspomo\u017cycielki Wiernych, \u015broda \u2013 \u015bw. Grzegorza, czwartek \u2013 \u015bw. Filipa Nereusza, pi\u0105tek \u2013 \u015bw. Augustyna z Canterbury i \u015bw. Paw\u0142a VI 2. Nabo\u017ce\u0144stwa majowe o godz. 17.30. \u015arodowa nowenna do Matki Bo\u017cej Nieustaj\u0105cej Pomocy razem z majowym nabo\u017ce\u0144stwem. 3. &#8230; <span class=\"more\"><a class=\"more-link\" href=\"https:\/\/www.chnk.pl\/?p=3480\">czytaj wi\u0119cej<\/a><\/span><\/p>\n","protected":false},"author":3,"featured_media":0,"comment_status":"open","ping_status":"open","sticky":false,"template":"","format":"standard","meta":{"ngg_post_thumbnail":0,"footnotes":""},"categories":[1],"tags":[],"_links":{"self":[{"href":"https:\/\/www.chnk.pl\/index.php?rest_route=\/wp\/v2\/posts\/3480"}],"collection":[{"href":"https:\/\/www.chnk.pl\/index.php?rest_route=\/wp\/v2\/posts"}],"about":[{"href":"https:\/\/www.chnk.pl\/index.php?rest_route=\/wp\/v2\/types\/post"}],"author":[{"embeddable":true,"href":"https:\/\/www.chnk.pl\/index.php?rest_route=\/wp\/v2\/users\/3"}],"replies":[{"embeddable":true,"href":"https:\/\/www.chnk.pl\/index.php?rest_route=%2Fwp%2Fv2%2Fcomments&post=3480"}],"version-history":[{"count":1,"href":"https:\/\/www.chnk.pl\/index.php?rest_route=\/wp\/v2\/posts\/3480\/revisions"}],"predecessor-version":[{"id":3481,"href":"https:\/\/www.chnk.pl\/index.php?rest_route=\/wp\/v2\/posts\/3480\/revisions\/3481"}],"wp:attachment":[{"href":"https:\/\/www.chnk.pl\/index.php?rest_route=%2Fwp%2Fv2%2Fmedia&parent=3480"}],"wp:term":[{"taxonomy":"category","embeddable":true,"href":"https:\/\/www.chnk.pl\/index.php?rest_route=%2Fwp%2Fv2%2Fcategories&post=3480"},{"taxonomy":"post_tag","embeddable":true,"href":"https:\/\/www.chnk.pl\/index.php?rest_route=%2Fwp%2Fv2%2Ftags&post=3480"}],"curies":[{"name":"wp","href":"https:\/\/api.w.org\/{rel}","templated":true}]}}