{"id":3477,"date":"2022-05-15T07:13:16","date_gmt":"2022-05-15T07:13:16","guid":{"rendered":"http:\/\/www.chnk.pl\/?p=3477"},"modified":"2022-05-15T07:13:16","modified_gmt":"2022-05-15T07:13:16","slug":"5-niedziela-wielkanocna-5","status":"publish","type":"post","link":"https:\/\/www.chnk.pl\/?p=3477","title":{"rendered":"5 Niedziela Wielkanocna"},"content":{"rendered":"<p>&nbsp;<\/p>\n<p><strong>OG\u0141OSZENIA DUSZPASTERSKIE<\/strong><\/p>\n<p><strong>NIEDZIELA V WIELKANOCNA<\/strong><\/p>\n<p><strong>15 maja 2022 r.<\/strong><\/p>\n<ol>\n<li>Kalendarz liturgiczny:<\/li>\n<\/ol>\n<p>poniedzia\u0142ek<strong> \u2013 <\/strong>\u015bw. Andrzeja Boboli,<\/p>\n<p>\u015broda &#8211; \u015bw. Jana, papie\u017ca i m\u0119czennika,<\/p>\n<p>pi\u0105tek \u2013 \u015bw. Bernardyna ze Sieny,<\/p>\n<p>sobota \u015bw. Eugeniusza de Mazenod<\/p>\n<p>&nbsp;<\/p>\n<ol start=\"2\">\n<li>Nabo\u017ce\u0144stwa majowe codziennie o godz. 17.30. W \u015brod\u0119 nowenna do Matki Bo\u017cej Nieustaj\u0105cej Pomocy w \u0142\u0105czno\u015bci z majowym nabo\u017ce\u0144stwem. Specjalne nabo\u017ce\u0144stwo majowe dla dzieci w pi\u0105tek o godz. 16.30. Po nabo\u017ce\u0144stwie \u015bpiewanie pie\u015bni maryjnych z zespo\u0142em scholi dzieci\u0119cej.<\/li>\n<\/ol>\n<p><strong>&nbsp;<\/strong><\/p>\n<ol start=\"3\">\n<li>Zapraszamy na Kr\u0105g Biblijny w \u015brod\u0119 o godz. 18.45 do salki parafialnej.<\/li>\n<\/ol>\n<p><strong>&nbsp;<\/strong><\/p>\n<ol start=\"4\">\n<li>Spotkanie Rady Duszpasterskiej w \u015brod\u0119 o godz. 19.30 w salce parafialnej.<\/li>\n<\/ol>\n<p><strong>&nbsp;<\/strong><\/p>\n<ol start=\"5\">\n<li>W czwartek 19 dzie\u0144 miesi\u0105ca, w naszej Parafii Dzie\u0144 Salety\u0144ski. Zapraszamy na msz\u0119 \u015bw. wieczorn\u0105 i adoracj\u0119 Naj\u015bwi\u0119tszego Sakramentu, a po adoracji procesja \u015bwiat\u0142a z czternastoma stacjami ku czci Chrystusa zmartwychwsta\u0142ego.<\/li>\n<\/ol>\n<p><strong>&nbsp;<\/strong><\/p>\n<ol start=\"6\">\n<li>Zapraszamy m\u0142odzie\u017c na rajd rowerowy do Bolechowa w sobot\u0119 21 maja. Trasa poprowadzi terenami zielonymi wzd\u0142u\u017c Warty. Na miejscu m.in. Msza \u015bw. polowa i ognisko. Zg\u0142oszenia i szczeg\u00f3\u0142y u ks. wikariusza.<\/li>\n<\/ol>\n<p><strong>&nbsp;<\/strong><\/p>\n<ol start=\"7\">\n<li>Rocznica I Komunii \u015bw. w poniedzia\u0142ek, 30 maja na mszy \u015bw. o godz. 19.15. Zebranie rodzic\u00f3w tych dzieci w poniedzia\u0142ek, 23 maja o godz. 19.00 w ko\u015bciele.<\/li>\n<li>Piesza pielgrzymka kobiet od Maryi do J\u00f3zefa w niedziel\u0119 22 maja br. Pocz\u0105tek w Tulcach o godz. 7.00. Zako\u0144czenie u OO. Karmelit\u00f3w o godz. 14.00. Zapisy na furcie klasztornej lub e-mail <a href=\"mailto:pielgrzymkakobiet@karmelicibosi.pl\">pielgrzymkakobiet@karmelicibosi.pl<\/a> (szczeg\u00f3\u0142y na tablicy og\u0142osze\u0144).<\/li>\n<\/ol>\n<p><strong>&nbsp;<\/strong><\/p>\n<ol start=\"9\">\n<li>Komisja Liturgiczna Archidiecezji Pozna\u0144skiej organizuje kurs dla fotograf\u00f3w<br \/>\ni operator\u00f3w sprz\u0119tu audiowizualnego, kt\u00f3ry odb\u0119dzie si\u0119 w ko\u015bciele pw.&nbsp;\u015bw. J\u00f3zefa Oblubie\u0144ca NMP w Baranowie k. Poznania, w sobot\u0119 11 czerwca 2022 roku od&nbsp;godz. 10:00 do 13:00. Formularz zg\u0142oszeniowy do pobrania w zakrystii lub w Biurze Parafialnym do 3 czerwca br.<\/li>\n<li><strong>10<\/strong><strong>.<\/strong> B\u00f3g zap\u0142a\u0107 za ofiary na danin\u0119 diecezjaln\u0105 i na potrzeby naszego ko\u015bcio\u0142a.<\/li>\n<li><strong>11<\/strong><strong>. <\/strong>Zach\u0119camy do czytania prasy katolickiej. Przy zakrystii: <em>Przewodnik Katolicki, Ma\u0142y Przewodnik Katolicki, Go\u015b\u0107 Niedzielny, Ziarno,<\/em> gazetka parafialna.<\/li>\n<\/ol>\n<p><strong>&nbsp;<\/strong><\/p>\n<p>&nbsp;<\/p>\n<p>&nbsp;<\/p>\n<p>&nbsp;<\/p>\n<p>&nbsp;<\/p>\n<p>&nbsp;<\/p>\n<p>&nbsp;<\/p>\n<p>&nbsp;<\/p>\n<p>&nbsp;<\/p>\n<p>&nbsp;<\/p>\n<p>&nbsp;<\/p>\n<p>&nbsp;<\/p>\n<p>&nbsp;<\/p>\n<p>&nbsp;<\/p>\n<p>&nbsp;<\/p>\n<p>&nbsp;<\/p>\n<p>&nbsp;<\/p>\n<p>&nbsp;<\/p>\n<p>&nbsp;<\/p>\n<p>&nbsp;<\/p>\n<p>&nbsp;<\/p>\n<p>&nbsp;<\/p>\n<p>&nbsp;<\/p>\n<p>&nbsp;<\/p>\n<p>&nbsp;<\/p>\n<p>&nbsp;<\/p>\n<p>&nbsp;<\/p>\n<p>&nbsp;<\/p>\n<p>&nbsp;<\/p>\n<p>&nbsp;<\/p>\n<p>&nbsp;<\/p>\n<p>&nbsp;<\/p>\n<p>&nbsp;<\/p>\n<p>&nbsp;<\/p>\n<p>&nbsp;<\/p>\n<p>&nbsp;<\/p>\n<p>&nbsp;&nbsp;&nbsp;&nbsp;&nbsp;&nbsp;&nbsp;&nbsp;&nbsp;&nbsp;&nbsp;&nbsp;&nbsp;&nbsp;&nbsp;&nbsp;&nbsp;&nbsp;&nbsp;&nbsp;&nbsp;&nbsp;&nbsp;&nbsp;&nbsp;&nbsp;&nbsp;&nbsp;&nbsp;&nbsp;&nbsp;&nbsp;&nbsp;&nbsp;&nbsp;&nbsp;&nbsp;&nbsp;&nbsp;&nbsp;&nbsp;&nbsp;&nbsp;&nbsp;&nbsp;&nbsp;&nbsp;&nbsp;&nbsp;&nbsp;&nbsp;&nbsp;&nbsp;&nbsp;&nbsp;&nbsp;&nbsp;&nbsp;&nbsp;&nbsp;&nbsp;&nbsp;&nbsp;&nbsp;&nbsp;&nbsp;&nbsp;&nbsp;&nbsp;&nbsp;&nbsp;&nbsp;&nbsp;&nbsp;&nbsp;&nbsp;&nbsp;&nbsp;&nbsp;&nbsp;&nbsp;&nbsp;&nbsp;&nbsp;&nbsp;&nbsp;&nbsp;&nbsp;&nbsp;&nbsp;&nbsp;&nbsp;&nbsp;&nbsp;&nbsp;&nbsp;&nbsp;&nbsp;&nbsp;&nbsp;&nbsp;&nbsp;&nbsp;&nbsp;&nbsp;&nbsp;&nbsp;&nbsp;&nbsp;&nbsp;&nbsp;&nbsp;&nbsp;&nbsp;&nbsp;&nbsp;&nbsp;&nbsp;&nbsp;&nbsp;&nbsp;&nbsp;&nbsp;&nbsp;&nbsp;&nbsp;&nbsp;&nbsp;&nbsp;&nbsp;&nbsp;&nbsp;&nbsp;&nbsp;&nbsp;&nbsp;&nbsp;&nbsp;&nbsp;&nbsp;&nbsp;&nbsp;&nbsp;&nbsp;&nbsp;&nbsp;&nbsp;&nbsp;&nbsp;&nbsp;&nbsp;&nbsp;&nbsp;&nbsp;&nbsp;&nbsp;&nbsp;&nbsp;&nbsp;&nbsp;&nbsp;&nbsp;&nbsp;&nbsp;&nbsp;&nbsp;&nbsp;&nbsp;&nbsp;&nbsp;&nbsp;&nbsp;&nbsp;&nbsp;&nbsp;&nbsp;&nbsp;&nbsp;&nbsp;&nbsp;&nbsp;&nbsp;&nbsp;&nbsp;&nbsp;&nbsp;&nbsp;&nbsp;&nbsp;&nbsp;&nbsp;&nbsp;&nbsp;&nbsp;&nbsp;&nbsp;&nbsp;&nbsp;&nbsp;&nbsp;&nbsp;&nbsp;&nbsp;&nbsp;&nbsp;&nbsp;&nbsp;&nbsp;&nbsp;&nbsp;&nbsp;&nbsp;&nbsp;&nbsp;&nbsp;&nbsp;&nbsp;&nbsp;&nbsp;&nbsp;&nbsp;&nbsp;&nbsp;&nbsp;&nbsp;&nbsp;&nbsp;&nbsp;&nbsp;&nbsp;&nbsp;&nbsp;&nbsp;&nbsp;&nbsp;&nbsp;&nbsp;&nbsp;&nbsp;&nbsp;&nbsp;&nbsp;&nbsp;&nbsp;&nbsp;&nbsp;&nbsp;&nbsp;&nbsp;&nbsp;&nbsp;&nbsp;&nbsp;&nbsp;&nbsp; &nbsp;&nbsp;&nbsp;&nbsp;&nbsp;&nbsp;&nbsp;&nbsp;&nbsp;&nbsp;&nbsp;&nbsp;&nbsp;&nbsp;&nbsp;&nbsp;&nbsp;&nbsp;&nbsp;&nbsp;&nbsp;&nbsp;&nbsp;&nbsp;&nbsp;&nbsp;&nbsp;&nbsp;&nbsp;&nbsp;&nbsp;&nbsp;&nbsp;&nbsp;&nbsp;&nbsp;&nbsp;&nbsp;&nbsp;&nbsp;&nbsp;<\/p>\n","protected":false},"excerpt":{"rendered":"<p>&nbsp; OG\u0141OSZENIA DUSZPASTERSKIE NIEDZIELA V WIELKANOCNA 15 maja 2022 r. Kalendarz liturgiczny: poniedzia\u0142ek \u2013 \u015bw. Andrzeja Boboli, \u015broda &#8211; \u015bw. Jana, papie\u017ca i m\u0119czennika, pi\u0105tek \u2013 \u015bw. Bernardyna ze Sieny, sobota \u015bw. Eugeniusza de Mazenod &nbsp; Nabo\u017ce\u0144stwa majowe codziennie o godz. 17.30. W \u015brod\u0119 nowenna do Matki Bo\u017cej Nieustaj\u0105cej Pomocy w \u0142\u0105czno\u015bci z majowym nabo\u017ce\u0144stwem. &#8230; <span class=\"more\"><a class=\"more-link\" href=\"https:\/\/www.chnk.pl\/?p=3477\">czytaj wi\u0119cej<\/a><\/span><\/p>\n","protected":false},"author":3,"featured_media":0,"comment_status":"open","ping_status":"open","sticky":false,"template":"","format":"standard","meta":{"ngg_post_thumbnail":0,"footnotes":""},"categories":[3],"tags":[],"_links":{"self":[{"href":"https:\/\/www.chnk.pl\/index.php?rest_route=\/wp\/v2\/posts\/3477"}],"collection":[{"href":"https:\/\/www.chnk.pl\/index.php?rest_route=\/wp\/v2\/posts"}],"about":[{"href":"https:\/\/www.chnk.pl\/index.php?rest_route=\/wp\/v2\/types\/post"}],"author":[{"embeddable":true,"href":"https:\/\/www.chnk.pl\/index.php?rest_route=\/wp\/v2\/users\/3"}],"replies":[{"embeddable":true,"href":"https:\/\/www.chnk.pl\/index.php?rest_route=%2Fwp%2Fv2%2Fcomments&post=3477"}],"version-history":[{"count":1,"href":"https:\/\/www.chnk.pl\/index.php?rest_route=\/wp\/v2\/posts\/3477\/revisions"}],"predecessor-version":[{"id":3478,"href":"https:\/\/www.chnk.pl\/index.php?rest_route=\/wp\/v2\/posts\/3477\/revisions\/3478"}],"wp:attachment":[{"href":"https:\/\/www.chnk.pl\/index.php?rest_route=%2Fwp%2Fv2%2Fmedia&parent=3477"}],"wp:term":[{"taxonomy":"category","embeddable":true,"href":"https:\/\/www.chnk.pl\/index.php?rest_route=%2Fwp%2Fv2%2Fcategories&post=3477"},{"taxonomy":"post_tag","embeddable":true,"href":"https:\/\/www.chnk.pl\/index.php?rest_route=%2Fwp%2Fv2%2Ftags&post=3477"}],"curies":[{"name":"wp","href":"https:\/\/api.w.org\/{rel}","templated":true}]}}