{"id":3472,"date":"2022-05-07T14:43:11","date_gmt":"2022-05-07T14:43:11","guid":{"rendered":"http:\/\/www.chnk.pl\/?p=3472"},"modified":"2022-05-07T14:43:11","modified_gmt":"2022-05-07T14:43:11","slug":"4-niedziela-wielkanocna-5","status":"publish","type":"post","link":"https:\/\/www.chnk.pl\/?p=3472","title":{"rendered":"4 Niedziela Wielkanocna"},"content":{"rendered":"<p><strong>&nbsp;<\/strong><\/p>\n<p><strong>&nbsp;<\/strong><\/p>\n<p><strong>OG\u0141OSZENIA DUSZPASTERSKIE<\/strong><\/p>\n<p><strong>NIEDZIELA IV WIELKANOCNA<\/strong><\/p>\n<p><strong>8 maja 2022 r.<\/strong><\/p>\n<ol>\n<li>Kalendarz liturgiczny: poniedzia\u0142ek \u2013 \u015bw. Stanis\u0142awa biskupa i m\u0119czennika, g\u0142\u00f3wnego patrona Polski i Archidiecezji, pi\u0105tek Naj\u015bwi\u0119tszej Mary Panny Fatimskiej, sobota \u2013 \u015bw. Macieja aposto\u0142a.<\/li>\n<li>Dzisiaj, Niedziel\u0105 Dobrego Pasterza\u201d rozpoczynamy \u015awiatowy Tydzie\u0144 Modlitw o Powo\u0142ania. Za przyczyn\u0105 Kr\u00f3lowej Aposto\u0142\u00f3w prosimy Pana Jezusa o nowe, \u015bwi\u0119te powo\u0142ania do kap\u0142a\u0144stwa i \u017cycia konsekrowanego. Modli\u0107 si\u0119 b\u0119dziemy w tej intencji na nabo\u017ce\u0144stwach majowych o godz. 17.30. W sobot\u0119 odb\u0119d\u0105 si\u0119 \u015bwi\u0119cenia diakonatu w katedrze.<\/li>\n<li>Zapraszamy na Kr\u0105g Biblijny w \u015brod\u0119 o godz. 18.45 (po mszy \u015bw.) w salce parafialnej.<\/li>\n<li>Spotkanie dzieci pierwszokomunijnych w czwartek o godz. 15.45 i 16.45 w salce parafialnej. Dzieci przynosz\u0105 ksi\u0105\u017ceczki do nabo\u017ce\u0144stwa.<\/li>\n<li>Spotkanie kandydat\u00f3w do bierzmowania w czwartek o godz. 19.00 w salce.<\/li>\n<li>Spotkanie duszpasterstwa m\u0142odzie\u017cy w pi\u0105tek o g.19.15 w ko\u015bciele.<\/li>\n<li>Caritas Archidiecezji Pozna\u0144skiej organizuje Festyn Rodzinny \u201eB\u0105d\u017amy Razem\u201d z okazji Dnia Dziecka. Festyn odb\u0119dzie si\u0119 w niedziel\u0119 22 maja na terenie Mi\u0119dzynarodowych Targach Pozna\u0144skich od godziny 12:00 do 18:00. Od godz. 11.00 w ko\u015bciele \u015bw. Micha\u0142a Archanio\u0142a Msza \u015awi\u0119ta pod przewodnictwem Ksi\u0119dza Biskupa Szymona Stu\u0142kowskiego w intencji rodzin oraz pokoju na Ukrainie. O godzinie 12.00 otwarcie festynu. W programie m.in: loterie, pokazy, gry i zabawy sportowe dla dzieci, konsultacje medyczne. Na scenie pojawi si\u0119 Roksana W\u0119giel, Kasia Wilk i ukrai\u0144ski zesp\u00f3\u0142 Taraka.<\/li>\n<li>Zapraszamy na wyk\u0142ad pani prof. Anny Piotrowicz zatytu\u0142owany:&nbsp;Wizerunek Maryi w<em>Zapiskach wi\u0119ziennych<\/em>b\u0142. Stefana Kardyna\u0142a Wyszy\u0144skiego, Prymasa Polski, kt\u00f3ry odb\u0119dzie si\u0119 21 maja br. o godz 17.00 w Galerii VA prowadzonej przez Fundacj\u0119 Pro Veritate et Arte w Poznaniu, przy Al. Marcinkowskiego 26.<\/li>\n<li>Archidiecezjalna pielgrzymka do Ziemi \u015aw. odb\u0119dzie si\u0119 w dniach od 20 do 27 lipca br. Podstawowe informacje w zakrystii i biurze parafialnym.<\/li>\n<\/ol>\n<p><strong>10 <\/strong>Dyrektor Zak\u0142adu Opieku\u0144czo-Leczniczego &nbsp;w Poznaniu&nbsp; zaprasza do w\u0142\u0105czenia si\u0119&nbsp;&nbsp;&nbsp;&nbsp;&nbsp;&nbsp;&nbsp;&nbsp;&nbsp;&nbsp;&nbsp;&nbsp;&nbsp;&nbsp;&nbsp;&nbsp; w Wolontariat, kt\u00f3rego celem jest wsparcie pacjent\u00f3w. To dzia\u0142anie dostarcza pacjentom poczucie, \u017ce s\u0105 wa\u017cni na ka\u017cdym etapie swojego \u017cycia. Zaproszenie kierujemy do os\u00f3b,&nbsp; kt\u00f3re mog\u0105 po\u015bwi\u0119ci\u0107 raz w tygodniu dwie godziny na taki wolontariat. Osoby ch\u0119tne prosimy o zg\u0142oszenie si\u0119 telefonicznie: 509904644 lub wype\u0142nienie formularza i przes\u0142anie go na mail: <a href=\"mailto:barbara.grochal@mogilenska.pl\">barbara.grochal@mogilenska.pl<\/a>. Szkolenie wolontariuszy rozpocznie si\u0119 w 19 maja 2022r. Szczeg\u00f3\u0142owy opis zada\u0144 Wolontariusza znajduje si\u0119 na stronie: https:\/\/www.mogilenska.pl\/artykul\/nabor-na-wolontariuszy<\/p>\n<ol start=\"11\">\n<li>Zach\u0119camy do czytania prasy katolickiej. Przy zakrystii: <em>Przewodnik Katolicki<\/em><em>, <\/em><em>Ma\u0142y Przewodnik Katolicki, Go\u015b\u0107 Niedzielny<\/em><em>, Ziarno, gazetka parafialna.<\/em><\/li>\n<li>M\u00f3dlmy si\u0119 za zmar\u0142ych parafian. Za dusz\u0119 \u015bp. Czes\u0142aw Ku\u017aniaka, os. Lecha 60 (msza \u015bw. pogrzebowa we wtorek o godz. 10.45) i \u015bp. Marka Straussa, os. Lecha 30 (pogrzeb w G\u0142uszynie). Wieczny odpoczynek racz zmar\u0142ym da\u0107 Panie.<\/li>\n<\/ol>\n<p>&nbsp;<\/p>\n<p>&nbsp;<\/p>\n<p>&nbsp;<\/p>\n<p>&nbsp;<\/p>\n<p>&nbsp;<\/p>\n<p>&nbsp;<\/p>\n<p>&nbsp;&nbsp;&nbsp;&nbsp;&nbsp;&nbsp;&nbsp;&nbsp;&nbsp;&nbsp;&nbsp;&nbsp;&nbsp;&nbsp;&nbsp;&nbsp;&nbsp;&nbsp;&nbsp;&nbsp;&nbsp;&nbsp;&nbsp;&nbsp;&nbsp;&nbsp;&nbsp;&nbsp;&nbsp;&nbsp;&nbsp;&nbsp;&nbsp;&nbsp;&nbsp;&nbsp;&nbsp;&nbsp;&nbsp;&nbsp;&nbsp;&nbsp;&nbsp;&nbsp;&nbsp;&nbsp;&nbsp;&nbsp;&nbsp;&nbsp;&nbsp;&nbsp;&nbsp;&nbsp;&nbsp;&nbsp;&nbsp;&nbsp;&nbsp;&nbsp;&nbsp;&nbsp;&nbsp;&nbsp;&nbsp;&nbsp;&nbsp;&nbsp;&nbsp;&nbsp;&nbsp;&nbsp;&nbsp;&nbsp;&nbsp;&nbsp;&nbsp;&nbsp;&nbsp; &nbsp;&nbsp;&nbsp;&nbsp;&nbsp;&nbsp;&nbsp;&nbsp;&nbsp;&nbsp;&nbsp;&nbsp;&nbsp;&nbsp;&nbsp;&nbsp;&nbsp;&nbsp;&nbsp;&nbsp;&nbsp;&nbsp;&nbsp;&nbsp;&nbsp;&nbsp;&nbsp;&nbsp;&nbsp;&nbsp;&nbsp;&nbsp;&nbsp;&nbsp;&nbsp;&nbsp;&nbsp;&nbsp;&nbsp;&nbsp;&nbsp;&nbsp;&nbsp;&nbsp;&nbsp;&nbsp;&nbsp;&nbsp;&nbsp;&nbsp;&nbsp;&nbsp;&nbsp;&nbsp;&nbsp;&nbsp;&nbsp;&nbsp;&nbsp;&nbsp;&nbsp;&nbsp;&nbsp;&nbsp;&nbsp;&nbsp;&nbsp;&nbsp;&nbsp;&nbsp;&nbsp;&nbsp;&nbsp;&nbsp;&nbsp;&nbsp;&nbsp;&nbsp;&nbsp;&nbsp;&nbsp;&nbsp;&nbsp;&nbsp;&nbsp;&nbsp;&nbsp;&nbsp;&nbsp;&nbsp;&nbsp;&nbsp;&nbsp;&nbsp;&nbsp;&nbsp;&nbsp;&nbsp;&nbsp;&nbsp;&nbsp;&nbsp;&nbsp;&nbsp;&nbsp;&nbsp;&nbsp;&nbsp;&nbsp;&nbsp;&nbsp;&nbsp;&nbsp;&nbsp;&nbsp;&nbsp;&nbsp;&nbsp;&nbsp;&nbsp;&nbsp;&nbsp;&nbsp;&nbsp;&nbsp;&nbsp;&nbsp;&nbsp;&nbsp;&nbsp;&nbsp;&nbsp;&nbsp;&nbsp;&nbsp;&nbsp;&nbsp;&nbsp;&nbsp;&nbsp;&nbsp;&nbsp;&nbsp;&nbsp;&nbsp;&nbsp;&nbsp;&nbsp;&nbsp;&nbsp;&nbsp;&nbsp;&nbsp;&nbsp;&nbsp;&nbsp;&nbsp;&nbsp;&nbsp;&nbsp;&nbsp;&nbsp;&nbsp;&nbsp;&nbsp;&nbsp;&nbsp;&nbsp;&nbsp;&nbsp;&nbsp;&nbsp;&nbsp;&nbsp;&nbsp;&nbsp;&nbsp;&nbsp;&nbsp;&nbsp;&nbsp;&nbsp;&nbsp;&nbsp;&nbsp;&nbsp;&nbsp;&nbsp;&nbsp;&nbsp;&nbsp;&nbsp;&nbsp;&nbsp;&nbsp;&nbsp;&nbsp;&nbsp;&nbsp;&nbsp;&nbsp;&nbsp;&nbsp;&nbsp;&nbsp;&nbsp;&nbsp;&nbsp;&nbsp;&nbsp;&nbsp;&nbsp;&nbsp;&nbsp;&nbsp;&nbsp;&nbsp;&nbsp;<\/p>\n","protected":false},"excerpt":{"rendered":"<p>&nbsp; &nbsp; OG\u0141OSZENIA DUSZPASTERSKIE NIEDZIELA IV WIELKANOCNA 8 maja 2022 r. Kalendarz liturgiczny: poniedzia\u0142ek \u2013 \u015bw. Stanis\u0142awa biskupa i m\u0119czennika, g\u0142\u00f3wnego patrona Polski i Archidiecezji, pi\u0105tek Naj\u015bwi\u0119tszej Mary Panny Fatimskiej, sobota \u2013 \u015bw. Macieja aposto\u0142a. Dzisiaj, Niedziel\u0105 Dobrego Pasterza\u201d rozpoczynamy \u015awiatowy Tydzie\u0144 Modlitw o Powo\u0142ania. Za przyczyn\u0105 Kr\u00f3lowej Aposto\u0142\u00f3w prosimy Pana Jezusa o nowe, \u015bwi\u0119te &#8230; <span class=\"more\"><a class=\"more-link\" href=\"https:\/\/www.chnk.pl\/?p=3472\">czytaj wi\u0119cej<\/a><\/span><\/p>\n","protected":false},"author":3,"featured_media":0,"comment_status":"open","ping_status":"open","sticky":false,"template":"","format":"standard","meta":{"ngg_post_thumbnail":0,"footnotes":""},"categories":[1],"tags":[],"_links":{"self":[{"href":"https:\/\/www.chnk.pl\/index.php?rest_route=\/wp\/v2\/posts\/3472"}],"collection":[{"href":"https:\/\/www.chnk.pl\/index.php?rest_route=\/wp\/v2\/posts"}],"about":[{"href":"https:\/\/www.chnk.pl\/index.php?rest_route=\/wp\/v2\/types\/post"}],"author":[{"embeddable":true,"href":"https:\/\/www.chnk.pl\/index.php?rest_route=\/wp\/v2\/users\/3"}],"replies":[{"embeddable":true,"href":"https:\/\/www.chnk.pl\/index.php?rest_route=%2Fwp%2Fv2%2Fcomments&post=3472"}],"version-history":[{"count":1,"href":"https:\/\/www.chnk.pl\/index.php?rest_route=\/wp\/v2\/posts\/3472\/revisions"}],"predecessor-version":[{"id":3473,"href":"https:\/\/www.chnk.pl\/index.php?rest_route=\/wp\/v2\/posts\/3472\/revisions\/3473"}],"wp:attachment":[{"href":"https:\/\/www.chnk.pl\/index.php?rest_route=%2Fwp%2Fv2%2Fmedia&parent=3472"}],"wp:term":[{"taxonomy":"category","embeddable":true,"href":"https:\/\/www.chnk.pl\/index.php?rest_route=%2Fwp%2Fv2%2Fcategories&post=3472"},{"taxonomy":"post_tag","embeddable":true,"href":"https:\/\/www.chnk.pl\/index.php?rest_route=%2Fwp%2Fv2%2Ftags&post=3472"}],"curies":[{"name":"wp","href":"https:\/\/api.w.org\/{rel}","templated":true}]}}