{"id":3465,"date":"2022-04-30T17:59:56","date_gmt":"2022-04-30T17:59:56","guid":{"rendered":"http:\/\/www.chnk.pl\/?p=3465"},"modified":"2022-04-30T17:59:56","modified_gmt":"2022-04-30T17:59:56","slug":"2-niedziela-po-wielkanoc","status":"publish","type":"post","link":"https:\/\/www.chnk.pl\/?p=3465","title":{"rendered":"2 Niedziela po Wielkanoc"},"content":{"rendered":"<p><strong>&nbsp;<\/strong><\/p>\n<p><strong>OG\u0141OSZENIA DUSZPASTERSKIE<\/strong><\/p>\n<p><strong>NIEDZIELA III WIELKANOCNA<\/strong><\/p>\n<p><strong>&nbsp;1 maja 2022 r.<\/strong><\/p>\n<ol>\n<li>Kalendarz liturgiczny: poniedzia\u0142ek \u2013 \u015bw. Atanazego, wtorek \u2013 NMP Kr\u00f3lowej Polski, \u015broda \u2013 \u015bw. Floriana, czwartek \u2013 \u015bw. Stanis\u0142awa Ka\u017amierczyka, pi\u0105tek \u2013 \u015bw. app. Filipa i Jakuba, niedziela \u2013 \u015bw. Stanis\u0142awa biskupa i m\u0119czennika, g\u0142\u00f3wnego patrona Polski i Archidiecezji.<\/li>\n<li>Od dzisiaj rozpoczynamy nabo\u017ce\u0144stwa majowe, codziennie o godz. 17.30. Prze\u017cywamy je jako dzi\u0119kczynienie za Nawiedzenia Matki Bo\u017cej. \u015arodowa nowenna do Matki Bo\u017cej Nieustaj\u0105cej Pomocy razem z majowym nabo\u017ce\u0144stwem. Modlimy si\u0119 tak\u017ce o pok\u00f3j w Ukrainie i o deszcz.<\/li>\n<li>We wtorek uroczysto\u015b\u0107 Matki Bo\u017cej Kr\u00f3lowej Polski. Msza \u015bw. w naszej parafii wed\u0142ug porz\u0105dku niedzielnego. Na Jasnej G\u00f3rze uroczyste dzi\u0119kczynienie Archidiecezji Pozna\u0144skiej za nawiedzenie Matki Bo\u017cej w jej cudami s\u0142yn\u0105cym wizerunku pielgrzymuj\u0105cym po Polsce. Na uroczysto\u015bci b\u0119d\u0105 przedstawiciele naszej parafii.<\/li>\n<li>Spotkanie wsp\u00f3lnoty r\u00f3\u017ca\u0144cowej w \u015brod\u0119 po wieczornej mszy \u015bw.<\/li>\n<li>Zapraszamy na Kr\u0105g Biblijny w \u015brod\u0119 o godz. 19.00 do salki parafialnej.<\/li>\n<li>W czwartek o godz. 16.45 spotkanie dla dzieci pierwszokomunijnych w salce parafialnej. Dzieci przynosz\u0105 ksi\u0105\u017ceczk\u0119 do nabo\u017ce\u0144stwa.<\/li>\n<li>W tym tygodniu: I czwartek, I pi\u0105tek, i I sobota miesi\u0105ca. Adoracja Naj\u015bwi\u0119t\u00adszego Sakra\u00admentu w czwartek od godz. 17.00 do 18.00 w intencji poszanowania \u017cycia ludzkiego. Zapraszamy na r\u00f3\u017caniec wszystkich, kt\u00f3rzy podj\u0119li duchow\u0105 adopcj\u0119 dziecka nienarodzonego. Adoracja w intencji zachowania i uproszenie nowych powo\u0142a\u0144 kap\u0142a\u0144skich, zakonnych i misyjnych po wieczornej mszy \u015bw. do godz. 21.00. Odwiedzimy chorych z sakramentami \u015bw. w pi\u0105tek i w sobot\u0119. Nowe zg\u0142oszenia w zakrystii. Nabo\u017ce\u0144stwo pierwszosobotnie, do Niepokalanego Serca Matki Bo\u017cej w sobot\u0119 : r\u00f3\u017caniec o godz. 7.15 i msza \u015bw. Spotkanie wsp\u00f3lnoty ma\u0142\u017ce\u0144stw w sobot\u0119 o godz. 19.00 w salce.<\/li>\n<li>Rekolekcje dla kobiet w wieku 20-40 lat na temat rozeznawania swojej \u017cyciowej drogi i sk\u0142aniaj\u0105cych si\u0119 do po\u015bwi\u0119cania swojego \u017cycia Panu Bogu odb\u0119d\u0105 si\u0119 28-29 maja 2022 w Poznaniu w Domu Rekolekcyjnym Towarzystwa Chrystusowego. Szczeg\u00f3\u0142owe informacje i zapisy: <a href=\"http:\/\/www.secolare.com\/\">www.secolare.com<\/a>&nbsp; &nbsp;<a href=\"mailto:mail@secolare.com\">mail@secolare.com<\/a><\/li>\n<li>Katedralna Og\u00f3lnokszta\u0142c\u0105ca Szko\u0142a Muzyczna I st. prowadzi zapisy do I klasy. Jest to publiczna, o\u015bmioletnia szko\u0142a podstawowa z&nbsp;przedmiotami og\u00f3lnokszta\u0142c\u0105cymi i muzycznymi. Szko\u0142a przyjmuje dziewczynki i&nbsp;ch\u0142opc\u00f3w posiadaj\u0105cych predyspozycje do kszta\u0142cenia muzycznego. Program wychowawczy oparty jest na warto\u015bciach chrze\u015bcija\u0144skich. Szczeg\u00f3\u0142owe informacje mo\u017cna uzyska\u0107 drog\u0105 mailow\u0105, telefonicznie lub osobi\u015bcie w sekretariacie szko\u0142y, przy ulicy Filipi\u0144skiej 4. tel: 61 877 33 95, e-mail: dyrektor@szkolakatedralna.pl<\/li>\n<li>Informujemy \u017ce od teraz ju\u017c na sta\u0142e ukrai\u0144ska liturgia prawos\u0142awna b\u0119dzie sprawowana w ko\u015bciele oo. Jezuit\u00f3w przy ul. Szewskiej 18. w Poznaniu, w niedziele o godzinie 12.30. Wi\u0119cej informacji na stronie internetowej OO. Jezuit\u00f3w w Poznaniu.<\/li>\n<li>B\u00f3g zap\u0142a\u0107 Panom za sprawne rozebranie wielkanocnego wystroju ko\u015bcio\u0142a. B\u00f3g zap\u0142a\u0107 za ofiary na danin\u0119 diecezjaln\u0105 i za ofiary z\u0142o\u017cone w Tygodniu Mi\u0142osierdzia.<\/li>\n<li>Zach\u0119camy do czytania prasy katolickiej. Przy zakrystii: <em>Przewodnik Katolicki Go\u015b\u0107 Niedzielny, Ziarno, Tota Tua <\/em>dla czcicieli Matki Bo\u017cej<em>, Mi\u0142ujcie si\u0119, <\/em>gazetka parafialna.<\/li>\n<\/ol>\n<p>&nbsp;<\/p>\n<p>&nbsp;<\/p>\n<p>&nbsp;<\/p>\n<p>&nbsp;<\/p>\n<p>&nbsp;<\/p>\n<p>&nbsp;<\/p>\n<p>&nbsp;<\/p>\n<p>&nbsp;<\/p>\n<p>&nbsp;&nbsp;&nbsp;&nbsp;&nbsp;&nbsp;&nbsp;&nbsp;&nbsp;&nbsp;&nbsp;&nbsp;&nbsp;&nbsp;&nbsp;&nbsp;&nbsp;&nbsp;&nbsp;&nbsp;&nbsp;&nbsp;&nbsp;&nbsp;&nbsp;&nbsp;&nbsp;&nbsp;&nbsp;&nbsp;&nbsp;&nbsp;&nbsp;&nbsp;&nbsp;&nbsp;&nbsp;&nbsp;&nbsp;&nbsp;&nbsp;&nbsp;&nbsp;&nbsp;&nbsp;&nbsp;&nbsp;&nbsp;&nbsp;&nbsp;&nbsp;&nbsp;&nbsp;&nbsp;&nbsp;&nbsp;&nbsp;&nbsp;&nbsp;&nbsp;&nbsp;&nbsp;&nbsp;&nbsp;&nbsp;&nbsp;&nbsp;&nbsp;&nbsp;&nbsp;&nbsp;&nbsp;&nbsp;&nbsp;&nbsp;&nbsp;&nbsp;&nbsp;&nbsp;&nbsp;&nbsp;&nbsp;&nbsp;&nbsp;&nbsp;&nbsp;&nbsp;&nbsp;&nbsp;&nbsp;&nbsp;&nbsp;&nbsp;&nbsp;&nbsp;&nbsp;&nbsp;&nbsp;&nbsp;&nbsp;&nbsp;&nbsp;&nbsp;&nbsp;&nbsp;&nbsp;&nbsp;&nbsp;&nbsp;&nbsp;&nbsp;&nbsp;&nbsp;&nbsp;&nbsp;&nbsp;&nbsp;&nbsp;&nbsp;&nbsp;&nbsp;&nbsp;&nbsp;&nbsp;&nbsp;&nbsp;&nbsp;&nbsp;&nbsp;&nbsp;&nbsp;&nbsp;&nbsp;&nbsp;&nbsp;&nbsp;&nbsp;&nbsp;&nbsp;&nbsp;&nbsp;&nbsp;&nbsp;&nbsp;&nbsp;&nbsp;&nbsp;&nbsp;&nbsp;&nbsp;&nbsp;&nbsp;&nbsp;&nbsp;&nbsp;&nbsp;&nbsp;&nbsp;&nbsp;&nbsp;&nbsp;&nbsp;&nbsp;&nbsp;&nbsp;&nbsp;&nbsp;&nbsp;&nbsp;&nbsp;&nbsp;&nbsp;&nbsp;&nbsp;&nbsp;&nbsp;&nbsp;&nbsp;&nbsp;&nbsp;&nbsp;&nbsp;&nbsp;&nbsp;&nbsp;&nbsp;&nbsp;&nbsp;&nbsp;&nbsp;&nbsp;&nbsp;&nbsp;&nbsp;&nbsp;&nbsp;&nbsp;&nbsp;&nbsp;&nbsp;&nbsp;&nbsp;&nbsp;&nbsp;&nbsp;&nbsp;&nbsp;&nbsp;&nbsp;&nbsp;&nbsp;&nbsp;&nbsp;&nbsp;&nbsp;&nbsp;&nbsp;&nbsp;&nbsp;&nbsp;&nbsp;&nbsp;&nbsp;&nbsp;&nbsp;&nbsp;&nbsp;&nbsp;&nbsp;&nbsp;&nbsp;&nbsp;&nbsp;&nbsp;&nbsp;&nbsp;&nbsp;&nbsp;&nbsp;&nbsp;&nbsp;&nbsp;&nbsp;&nbsp;&nbsp;&nbsp;&nbsp;&nbsp;&nbsp;&nbsp;&nbsp;&nbsp;&nbsp;&nbsp;&nbsp; &nbsp;&nbsp;&nbsp;&nbsp;&nbsp;&nbsp;&nbsp;&nbsp;&nbsp;&nbsp;&nbsp;&nbsp;&nbsp;&nbsp;&nbsp;&nbsp;&nbsp;&nbsp;&nbsp;&nbsp;&nbsp;&nbsp;&nbsp;&nbsp;&nbsp;&nbsp;&nbsp;&nbsp;&nbsp;&nbsp;&nbsp;&nbsp;&nbsp;&nbsp;&nbsp;&nbsp;&nbsp;&nbsp;&nbsp;&nbsp;&nbsp;&nbsp;&nbsp;&nbsp;&nbsp;&nbsp;&nbsp;&nbsp;&nbsp;&nbsp;&nbsp;&nbsp;&nbsp;&nbsp;&nbsp;&nbsp;&nbsp;&nbsp;&nbsp;&nbsp;&nbsp;&nbsp;&nbsp;&nbsp;&nbsp;&nbsp;&nbsp;&nbsp;&nbsp;&nbsp;&nbsp;&nbsp;&nbsp;&nbsp;&nbsp;&nbsp;&nbsp;&nbsp;&nbsp;&nbsp;&nbsp;&nbsp;&nbsp;&nbsp;&nbsp;&nbsp;&nbsp;&nbsp;&nbsp;&nbsp;&nbsp;&nbsp;&nbsp;&nbsp;&nbsp;&nbsp;&nbsp;&nbsp;&nbsp;&nbsp;&nbsp;&nbsp;&nbsp;&nbsp;&nbsp;&nbsp;&nbsp;&nbsp;&nbsp;&nbsp;&nbsp;&nbsp;&nbsp;&nbsp;&nbsp;&nbsp;&nbsp;&nbsp;&nbsp;&nbsp;&nbsp;&nbsp;&nbsp;&nbsp;&nbsp;&nbsp;&nbsp;&nbsp;&nbsp;&nbsp;&nbsp;&nbsp;&nbsp;&nbsp;&nbsp;&nbsp;&nbsp;&nbsp;&nbsp;&nbsp;&nbsp;&nbsp;&nbsp;&nbsp;&nbsp;&nbsp;<\/p>\n","protected":false},"excerpt":{"rendered":"<p>&nbsp; OG\u0141OSZENIA DUSZPASTERSKIE NIEDZIELA III WIELKANOCNA &nbsp;1 maja 2022 r. Kalendarz liturgiczny: poniedzia\u0142ek \u2013 \u015bw. Atanazego, wtorek \u2013 NMP Kr\u00f3lowej Polski, \u015broda \u2013 \u015bw. Floriana, czwartek \u2013 \u015bw. Stanis\u0142awa Ka\u017amierczyka, pi\u0105tek \u2013 \u015bw. app. Filipa i Jakuba, niedziela \u2013 \u015bw. Stanis\u0142awa biskupa i m\u0119czennika, g\u0142\u00f3wnego patrona Polski i Archidiecezji. Od dzisiaj rozpoczynamy nabo\u017ce\u0144stwa majowe, codziennie &#8230; <span class=\"more\"><a class=\"more-link\" href=\"https:\/\/www.chnk.pl\/?p=3465\">czytaj wi\u0119cej<\/a><\/span><\/p>\n","protected":false},"author":3,"featured_media":0,"comment_status":"open","ping_status":"open","sticky":false,"template":"","format":"standard","meta":{"ngg_post_thumbnail":0,"footnotes":""},"categories":[1],"tags":[],"_links":{"self":[{"href":"https:\/\/www.chnk.pl\/index.php?rest_route=\/wp\/v2\/posts\/3465"}],"collection":[{"href":"https:\/\/www.chnk.pl\/index.php?rest_route=\/wp\/v2\/posts"}],"about":[{"href":"https:\/\/www.chnk.pl\/index.php?rest_route=\/wp\/v2\/types\/post"}],"author":[{"embeddable":true,"href":"https:\/\/www.chnk.pl\/index.php?rest_route=\/wp\/v2\/users\/3"}],"replies":[{"embeddable":true,"href":"https:\/\/www.chnk.pl\/index.php?rest_route=%2Fwp%2Fv2%2Fcomments&post=3465"}],"version-history":[{"count":1,"href":"https:\/\/www.chnk.pl\/index.php?rest_route=\/wp\/v2\/posts\/3465\/revisions"}],"predecessor-version":[{"id":3466,"href":"https:\/\/www.chnk.pl\/index.php?rest_route=\/wp\/v2\/posts\/3465\/revisions\/3466"}],"wp:attachment":[{"href":"https:\/\/www.chnk.pl\/index.php?rest_route=%2Fwp%2Fv2%2Fmedia&parent=3465"}],"wp:term":[{"taxonomy":"category","embeddable":true,"href":"https:\/\/www.chnk.pl\/index.php?rest_route=%2Fwp%2Fv2%2Fcategories&post=3465"},{"taxonomy":"post_tag","embeddable":true,"href":"https:\/\/www.chnk.pl\/index.php?rest_route=%2Fwp%2Fv2%2Ftags&post=3465"}],"curies":[{"name":"wp","href":"https:\/\/api.w.org\/{rel}","templated":true}]}}