{"id":3460,"date":"2022-04-23T13:01:15","date_gmt":"2022-04-23T13:01:15","guid":{"rendered":"http:\/\/www.chnk.pl\/?p=3460"},"modified":"2022-04-23T13:01:15","modified_gmt":"2022-04-23T13:01:15","slug":"niedziela-milosierdzia-bozego-3","status":"publish","type":"post","link":"https:\/\/www.chnk.pl\/?p=3460","title":{"rendered":"Niedziela Mi\u0142osierdzia Bo\u017cego"},"content":{"rendered":"<p><strong>&nbsp;<\/strong><\/p>\n<p><strong>OG\u0141OSZENIA DUSZPASTERSKIE<\/strong><\/p>\n<p><strong>NIEDZIELA MI\u0141OSIERDZIA BO\u017bEGO<\/strong><\/p>\n<p><strong>24 kwietnia 2022 r.<\/strong><\/p>\n<p>&nbsp;<\/p>\n<ol>\n<li>Kalendarz liturgiczny: poniedzia\u0142ek \u2013 \u015bw Marka Ewangelisty, wtorek \u2013 \u015bw. Wojciecha, g\u0142\u00f3wnego patrona Polski, pi\u0105tek \u2013 \u015bw. Katarzyny ze Sieny, patronki Europy.<\/li>\n<\/ol>\n<p><strong>&nbsp;<\/strong><\/p>\n<ol start=\"2\">\n<li>Spotkanie dla rodzic\u00f3w dzieci pierwszkomunijnych, przed pierwsz\u0105 spowiedzi\u0105 \u015bw., w \u015brod\u0119, 27 kwietnia, o godz. 19.00 w ko\u015bciele.<\/li>\n<\/ol>\n<p><strong>&nbsp;<\/strong><\/p>\n<ol start=\"3\">\n<li>Kolejne spotkanie dzieci pierwszokomunijnych w czwartek, 28 kwietnia o godz. 15.45 i 16.45 w salce parafialnej. Pierwsza spowied\u017a \u015bw. w sobot\u0119, 30 kwietnia: dla ch\u0142opc\u00f3w o godz. 9.00, dla dziewczynek o godz. 9.45.<\/li>\n<\/ol>\n<p><strong>&nbsp;<\/strong><\/p>\n<ol start=\"4\">\n<li>Msza \u015bw. o uzdrowienie duszy i cia\u0142a oraz w intencji maturzyst\u00f3w w czwartek o godz. 19.15.<\/li>\n<\/ol>\n<p><strong>&nbsp;<\/strong><\/p>\n<ol start=\"5\">\n<li>Prosimy pan\u00f3w o pomoc w rozebraniu wielkanocnego wystroju ko\u015bcio\u0142a; spotkanie w pi\u0105tek o godz. 18.45 w ko\u015bciele.<\/li>\n<\/ol>\n<p>&nbsp;<\/p>\n<ol start=\"6\">\n<li>Odpust \u015bw. Marka w Parafii na os. Czecha. Msza \u015bw. odpustowa w poniedzia\u0142ek o godz.18.30<\/li>\n<\/ol>\n<p>&nbsp;<\/p>\n<ol start=\"7\">\n<li>W nast\u0119pn\u0105, trzeci\u0105 Niedziel\u0119 Wielkanocn\u0105 obchodzimy Niedziel\u0119 Biblijn\u0105. Przypada ona w okresie Wielkanocnym, poniewa\u017c to Zmartwychwsta\u0142y Pan wyja\u015bnia nam Pisma, tak jak wyja\u015bnia\u0142 uczniom id\u0105cym do Emaus. W przysz\u0142\u0105 niedziel\u0119 prosimy o przyj\u015bcie do ko\u015bcio\u0142a ze swoim Pismem \u015awi\u0119tym, po to, by w czasie przyst\u0119powania do Komunii \u015bw. po\u0142o\u017cy\u0107 je na swoim sercu na znak, \u017ce czytane i rozwa\u017cane S\u0142owo Bo\u017ce, tak jak Eucharystia, jest osobistym spotkaniem z Jezusem Zmartwychwsta\u0142ym.<\/li>\n<\/ol>\n<p>&nbsp;<\/p>\n<ol start=\"8\">\n<li><strong>8<\/strong>. Dzisiaj, przed ko\u015bcio\u0142em, mo\u017cliwo\u015b\u0107 z\u0142o\u017cenia ofiary na CARITAS z okazji Tygodnia Mi\u0142osierdzia. Wojna w Ukrainie nas przera\u017ca, ale w miar\u0119 mo\u017cliwo\u015bci chcemy przyj\u015b\u0107 z pomoc\u0105 cierpi\u0105cym.<\/li>\n<\/ol>\n<p>&nbsp;<\/p>\n<ol start=\"9\">\n<li>B\u00f3g zap\u0142a\u0107 za ofiary na kwiaty do Grobu Pa\u0144skiego, za ofiary przy Grobie Pa\u0144skim, za ofiary na danin\u0119 diecezjaln\u0105 i doposa\u017canie naszego ko\u015bcio\u0142a.<\/li>\n<\/ol>\n<p>&nbsp;<\/p>\n<ol start=\"10\">\n<li>Zach\u0119camy do czytania prasy katolickiej. Przy zakrystii: <em>Przewodnik Katolicki<\/em> ( z modlitewnikiem na maj), <em>Go\u015b\u0107 Niedzielny<\/em>,<em> Ziarno<\/em>, gazetka parafialna.<\/li>\n<\/ol>\n<p>&nbsp;<\/p>\n<ol start=\"11\">\n<li>M\u00f3dlmy si\u0119 za g\u00f3rnik\u00f3w poszkodowanych w katastrofach. Maryjo Uzdrowienie Chorych, m\u00f3dl si\u0119 za nami, \u015bw. Barbaro m\u00f3dl si\u0119 za nami.<\/li>\n<\/ol>\n<p>&nbsp;<\/p>\n<ol start=\"12\">\n<li>M\u00f3dlmy si\u0119 za zmar\u0142ych Parafian. Za dusz\u0119 \u015bp. Czes\u0142awa \u0141ukasika, os. Lecha 11. Msza \u015bw. pogrzebowa w pi\u0105tek o godz. 9.00. M\u00f3dlmy si\u0119 za g\u00f3rnik\u00f3w kt\u00f3rzy zgin\u0119li w naszych kopalniach. Wieczny odpoczynek racz zmar\u0142ym da\u0107 Panie. &nbsp;&nbsp;&nbsp;&nbsp;&nbsp;&nbsp;&nbsp;&nbsp;&nbsp;&nbsp;&nbsp;&nbsp;&nbsp;&nbsp;&nbsp;&nbsp;&nbsp;&nbsp;&nbsp;&nbsp;&nbsp;&nbsp;&nbsp;&nbsp;&nbsp;&nbsp;&nbsp;&nbsp;&nbsp;&nbsp;&nbsp;&nbsp;&nbsp;&nbsp;&nbsp;&nbsp;&nbsp;&nbsp;&nbsp;&nbsp;&nbsp;&nbsp;&nbsp;&nbsp;&nbsp;&nbsp;&nbsp;&nbsp;&nbsp;&nbsp;&nbsp;&nbsp;&nbsp;&nbsp;&nbsp;&nbsp;&nbsp;&nbsp;&nbsp;&nbsp;&nbsp;&nbsp;&nbsp;&nbsp;&nbsp;&nbsp;&nbsp;&nbsp;&nbsp;&nbsp;&nbsp;&nbsp;&nbsp;&nbsp;&nbsp;&nbsp;&nbsp;&nbsp;&nbsp;&nbsp;&nbsp;&nbsp;&nbsp;&nbsp;&nbsp;&nbsp;&nbsp;&nbsp;&nbsp;&nbsp;&nbsp;&nbsp;&nbsp;&nbsp;&nbsp;&nbsp;&nbsp;&nbsp;&nbsp;&nbsp;&nbsp;&nbsp;&nbsp;&nbsp;&nbsp;&nbsp;&nbsp;&nbsp;&nbsp;&nbsp;&nbsp;&nbsp;&nbsp;&nbsp;&nbsp;&nbsp;&nbsp;&nbsp;&nbsp;&nbsp;&nbsp;&nbsp;&nbsp;&nbsp;&nbsp;&nbsp;&nbsp;&nbsp;&nbsp;&nbsp;&nbsp;&nbsp;&nbsp;&nbsp;&nbsp;&nbsp;&nbsp;&nbsp;&nbsp;&nbsp;&nbsp;&nbsp;&nbsp;&nbsp;&nbsp;&nbsp;&nbsp;&nbsp;&nbsp;&nbsp;&nbsp;&nbsp;&nbsp;&nbsp;&nbsp;&nbsp;&nbsp;<\/li>\n<\/ol>\n","protected":false},"excerpt":{"rendered":"<p>&nbsp; OG\u0141OSZENIA DUSZPASTERSKIE NIEDZIELA MI\u0141OSIERDZIA BO\u017bEGO 24 kwietnia 2022 r. &nbsp; Kalendarz liturgiczny: poniedzia\u0142ek \u2013 \u015bw Marka Ewangelisty, wtorek \u2013 \u015bw. Wojciecha, g\u0142\u00f3wnego patrona Polski, pi\u0105tek \u2013 \u015bw. Katarzyny ze Sieny, patronki Europy. &nbsp; Spotkanie dla rodzic\u00f3w dzieci pierwszkomunijnych, przed pierwsz\u0105 spowiedzi\u0105 \u015bw., w \u015brod\u0119, 27 kwietnia, o godz. 19.00 w ko\u015bciele. &nbsp; Kolejne spotkanie &#8230; <span class=\"more\"><a class=\"more-link\" href=\"https:\/\/www.chnk.pl\/?p=3460\">czytaj wi\u0119cej<\/a><\/span><\/p>\n","protected":false},"author":3,"featured_media":0,"comment_status":"open","ping_status":"open","sticky":false,"template":"","format":"standard","meta":{"ngg_post_thumbnail":0,"footnotes":""},"categories":[1],"tags":[],"_links":{"self":[{"href":"https:\/\/www.chnk.pl\/index.php?rest_route=\/wp\/v2\/posts\/3460"}],"collection":[{"href":"https:\/\/www.chnk.pl\/index.php?rest_route=\/wp\/v2\/posts"}],"about":[{"href":"https:\/\/www.chnk.pl\/index.php?rest_route=\/wp\/v2\/types\/post"}],"author":[{"embeddable":true,"href":"https:\/\/www.chnk.pl\/index.php?rest_route=\/wp\/v2\/users\/3"}],"replies":[{"embeddable":true,"href":"https:\/\/www.chnk.pl\/index.php?rest_route=%2Fwp%2Fv2%2Fcomments&post=3460"}],"version-history":[{"count":1,"href":"https:\/\/www.chnk.pl\/index.php?rest_route=\/wp\/v2\/posts\/3460\/revisions"}],"predecessor-version":[{"id":3461,"href":"https:\/\/www.chnk.pl\/index.php?rest_route=\/wp\/v2\/posts\/3460\/revisions\/3461"}],"wp:attachment":[{"href":"https:\/\/www.chnk.pl\/index.php?rest_route=%2Fwp%2Fv2%2Fmedia&parent=3460"}],"wp:term":[{"taxonomy":"category","embeddable":true,"href":"https:\/\/www.chnk.pl\/index.php?rest_route=%2Fwp%2Fv2%2Fcategories&post=3460"},{"taxonomy":"post_tag","embeddable":true,"href":"https:\/\/www.chnk.pl\/index.php?rest_route=%2Fwp%2Fv2%2Ftags&post=3460"}],"curies":[{"name":"wp","href":"https:\/\/api.w.org\/{rel}","templated":true}]}}