{"id":3451,"date":"2022-04-09T20:26:20","date_gmt":"2022-04-09T20:26:20","guid":{"rendered":"http:\/\/www.chnk.pl\/?p=3451"},"modified":"2022-04-09T20:26:21","modified_gmt":"2022-04-09T20:26:21","slug":"niedziela-palmowa-3","status":"publish","type":"post","link":"https:\/\/www.chnk.pl\/?p=3451","title":{"rendered":"Niedziela Palmowa"},"content":{"rendered":"<h1>&nbsp;<\/h1>\n<h1>&nbsp;<\/h1>\n<h1>OG\u0141OSZENIA DUSZPASTERSKIE<\/h1>\n<h1>NIEDZIELA PALMOWA czyli M\u0118KI PA\u0143SKIEJ<\/h1>\n<h1>10 kwietnia 2022 r.<\/h1>\n<h1>1. W Wielkim Tygodniu biuro parafialne czynne tylko w poniedzia\u0142ek od godz. 16.00 do 17.30. Sprawy pilne prosimy za\u0142atwia\u0107 po wieczornej Mszy \u015bw. &nbsp;<\/h1>\n<h1>2. Prosimy Pan\u00f3w o pomoc w przygotowaniu Grobu Pa\u0144skiego w poniedzia\u0142ek o godz. 19.00. Sprz\u0105tanie ko\u015bcio\u0142a w Wielk\u0105 Sobot\u0119&nbsp; o godz. 6.30. Prosimy o pomoc.<\/h1>\n<h1>3. Spowied\u017a \u015bw. w Wielkim Tygodniu:<\/h1>\n<h1>Wielki Poniedzia\u0142ek od godz. od 7.00 do 8.00,<\/h1>\n<h1>Wielki Wtorek od godz. 7.00 do 8.00 i 16.00 do 18.00,<\/h1>\n<h1>Wielka \u015aroda&nbsp; od godz. 7.00 do 8.00&nbsp; i&nbsp; od 15.00 do 19.00,<\/h1>\n<h1>Wielki Czwartek od godz. 7.00 do 8.00 i od 15.00 do 18.30,<\/h1>\n<h1>Wielki Pi\u0105tek od 16.00 do 18.30 i po Liturgii Wielkiego Pi\u0105tku do godz. 22.00,<\/h1>\n<h1>Wielka Sobota od godz. 17.30 do 18.30&nbsp;<\/h1>\n<h1>4.&nbsp;&nbsp;&nbsp;&nbsp;&nbsp;&nbsp;&nbsp;&nbsp;&nbsp;&nbsp;&nbsp;&nbsp;&nbsp;&nbsp;&nbsp;&nbsp;&nbsp;&nbsp;&nbsp;&nbsp;&nbsp;&nbsp;&nbsp;&nbsp;&nbsp;&nbsp;&nbsp;&nbsp;&nbsp;&nbsp;&nbsp;&nbsp;&nbsp;&nbsp;&nbsp;&nbsp;&nbsp;&nbsp;&nbsp;&nbsp; <u>TRIDUUM PASCHALNE<\/u><\/h1>\n<h1>W Wielkim Tygodniu w czwartek, pi\u0105tek&nbsp; i sobot\u0119 Jutrznia o godz. 8.00.<\/h1>\n<h1>WIELKI CZWARTEK &#8211; Pami\u0105tka ustanowienia Naj\u015bwi\u0119tszej Eucharystii i Kap\u0142a\u0144stwa. Liturgia Wieczerzy Pa\u0144skiej o godz. 19.00. Adoracja w ciemnicy do godz. 22.00. Odpust zupe\u0142ny za odm\u00f3wienie hymnu \u201eS\u0142aw j\u0119zyku tajemnic\u0119\u201d.<\/h1>\n<h1>WIELKI PI\u0104TEK- Pami\u0105tka \u015amierci Pana Jezusa &#8211; obowi\u0105zuje post \u015bcis\u0142y od 18 do 60 roku \u017cycia i post zwyk\u0142y od 14 roku \u017cycia do \u015bmierci. Adoracja w ciemnicy od godz. 8.00 do 19.00. Droga Krzy\u017cowa o godz. 15.00 ulicami osiedla. Koronka do Mi\u0142osierdzia Bo\u017cego &nbsp;&nbsp;&nbsp;&nbsp;&nbsp;&nbsp;&nbsp;&nbsp;&nbsp;&nbsp;&nbsp;&nbsp;&nbsp;&nbsp;&nbsp;&nbsp;&nbsp;&nbsp;&nbsp;o godz. 16.00. Liturgia M\u0119ki Pa\u0144skiej o godz. 19.00. Adoracja przy Grobie Pa\u0144skim do godz. 22.00.&nbsp; Odpust zupe\u0142ny za adoracj\u0119 krzy\u017ca podczas obrz\u0119d\u00f3w Liturgii Wielkiego Pi\u0105tku.<\/h1>\n<h1>WIELKA SOBOTA Adoracja przy Grobie Pa\u0144skim od godz. 8.00 do 19.30. \u015awi\u0119cenie potraw co p\u00f3\u0142godziny od 11.00 do 16.00 (przy dobrej pogodzie \u015bwiecenie przy figurze Matki Bo\u017cej Salety\u0144skiej, nie zapominamy te\u017c o wej\u015bciu do ko\u015bcio\u0142a i o adoracji przy Grobie Pa\u0144skim. Zaleca si\u0119 zachowanie postu zwyk\u0142ego w Wielk\u0105 Sobot\u0119.<\/h1>\n<h1>WIELKANOC &#8211; Liturgia Paschalna o godz. 20.30 zako\u0144czona procesj\u0105. (przynosimy \u015bwiece i ze wzgl\u0119d\u00f3w praktycznych latarki). Odpust zupe\u0142ny za odnowienie przyrzecze\u0144 chrzcielnych. Rezurekcja o godz. 6.00 (najpierw msza \u015bw. rezurekcyjna i po mszy \u015bw. procesja). Nie b\u0119dzie Mszy \u015bw. o godz. 8.00. Dalsze godziny odprawiania Mszy \u015bw. jak w ka\u017cd\u0105 niedziel\u0119. W drugie \u015bwi\u0119to Wielkanocy Msza \u015bw. jak w niedziel\u0119. Ofiary przeznaczone s\u0105 na KUL.&nbsp;<\/h1>\n<h1>5. &nbsp;Zach\u0119camy do czytania prasy katolickiej. Przy zakrystii: <em>Przewodnik Katolicki, Go\u015b\u0107 Niedzielny, Ma\u0142y Przewodnik Katolicki, Mi\u0142ujcie si\u0119 i Ziarno.<\/em><\/h1>\n<ol start=\"6\">\n<li>Archidiecezja Pozna\u0144ska organizuje Archidiecezjaln\u0105 pielgrzymk\u0119 autokarow\u0105 do Francji, w dniach od 20&nbsp;do&nbsp;25&nbsp;maja 2022 roku, na beatyfikacj\u0119 Pauliny Jaricot, za\u0142o\u017cycielki \u017bywego R\u00f3\u017ca\u0144ca. Szczeg\u00f3\u0142y na tablicy og\u0142osze\u0144.<\/li>\n<li>Katedralna Og\u00f3lnokszta\u0142c\u0105ca Szko\u0142a Muzyczna I st. prowadzi zapisy do I klasy. Jest to publiczna, o\u015bmioletnia szko\u0142a podstawowa z&nbsp;przedmiotami og\u00f3lnokszta\u0142c\u0105cymi i muzycznymi.<\/li>\n<\/ol>\n<ul>\n<li>Szko\u0142a przyjmuje dziewczynki i&nbsp;ch\u0142opc\u00f3w posiadaj\u0105cych predyspozycje do kszta\u0142cenia muzycznego. Program wychowawczy oparty jest na warto\u015bciach chrze\u015bcija\u0144skich. Szczeg\u00f3\u0142owe informacje mo\u017cna uzyska\u0107 drog\u0105 mailow\u0105, telefonicznie lub osobi\u015bcie w sekretariacie szko\u0142y, przy ulicy Filipi\u0144skiej 4.Tel: 61 877 33 95, e-mail: dyrektor@szkolakatedralna.pl<\/li>\n<li>&nbsp;<\/li>\n<li>&nbsp;<\/li>\n<li>&nbsp;<\/li>\n<li>&nbsp;<\/li>\n<li>&nbsp;<\/li>\n<li>&nbsp;<\/li>\n<\/ul>\n<p>&nbsp;<\/p>\n<p>&nbsp;<\/p>\n<p>&nbsp;<\/p>\n<p>&nbsp;<\/p>\n<p>&nbsp;<\/p>\n<p>&nbsp;<\/p>\n<p>&nbsp;<\/p>\n<p>&nbsp;<\/p>\n<p>&nbsp;<\/p>\n<p>&nbsp;<\/p>\n<p>&nbsp;<\/p>\n<p>&nbsp;<\/p>\n<p>&nbsp;<\/p>\n<p>&nbsp;<\/p>\n<p>&nbsp;<\/p>\n<p>&nbsp;<\/p>\n<p>&nbsp;<\/p>\n<p>&nbsp;<\/p>\n<p>&nbsp;<\/p>\n<p>&nbsp;<\/p>\n<p>&nbsp;<\/p>\n<p>&nbsp;<\/p>\n<p>&nbsp;<\/p>\n<p>&nbsp;<\/p>\n<p>&nbsp;<\/p>\n<p>&nbsp;<\/p>\n<p>&nbsp;<\/p>\n<p>&nbsp;<\/p>\n<p>&nbsp;<\/p>\n<p>&nbsp;<\/p>\n<p>&nbsp;<\/p>\n<p>&nbsp;<\/p>\n<p>&nbsp;<\/p>\n<p>&nbsp;<\/p>\n<p>&nbsp;<\/p>\n<p>&nbsp;<\/p>\n<p>&nbsp;<\/p>\n<p>&nbsp;<\/p>\n<p>&nbsp;<\/p>\n<p>&nbsp;<\/p>\n<p>&nbsp;<\/p>\n<p>&nbsp;<\/p>\n<p>&nbsp;<\/p>\n<p>&nbsp;<\/p>\n<p>&nbsp;<\/p>\n<p>&nbsp;<\/p>\n<p>&nbsp;<\/p>\n<p>&nbsp;<\/p>\n<p>&nbsp;<\/p>\n<p>&nbsp;<\/p>\n<p>&nbsp;<\/p>\n<p>&nbsp;<\/p>\n<p>&nbsp;<\/p>\n<p>&nbsp;<\/p>\n<p>&nbsp;<\/p>\n<p>&nbsp;<\/p>\n<p>&nbsp;<\/p>\n<p>&nbsp;<\/p>\n<p>&nbsp;<\/p>\n<p>&nbsp;<\/p>\n<p>&nbsp;<\/p>\n<p>&nbsp;<\/p>\n<p>&nbsp;<\/p>\n<p>&nbsp;<\/p>\n<p>&nbsp;<\/p>\n<p>&nbsp;<\/p>\n<p>&nbsp;<\/p>\n<p>&nbsp;<\/p>\n<p>&nbsp;<\/p>\n<p>&nbsp;<\/p>\n<p>&nbsp;<\/p>\n<p>&nbsp;<\/p>\n<p>&nbsp;&nbsp;&nbsp;&nbsp;&nbsp;&nbsp;&nbsp;&nbsp;&nbsp;&nbsp;&nbsp;&nbsp;&nbsp;&nbsp;&nbsp;&nbsp;&nbsp;&nbsp;&nbsp;&nbsp;&nbsp;&nbsp;&nbsp;&nbsp;&nbsp;&nbsp;&nbsp;&nbsp;&nbsp;&nbsp;&nbsp;&nbsp;&nbsp;&nbsp;&nbsp;&nbsp;&nbsp;&nbsp;&nbsp;&nbsp;&nbsp;&nbsp;&nbsp;&nbsp;&nbsp;&nbsp;&nbsp;&nbsp;&nbsp;&nbsp;&nbsp;&nbsp;&nbsp;&nbsp;&nbsp;&nbsp;&nbsp;&nbsp;&nbsp;&nbsp;&nbsp;&nbsp;&nbsp;&nbsp;&nbsp;&nbsp;&nbsp;&nbsp;&nbsp;&nbsp;&nbsp;&nbsp;&nbsp;&nbsp;&nbsp;&nbsp;&nbsp;&nbsp;&nbsp;&nbsp;&nbsp;&nbsp;&nbsp;&nbsp;&nbsp;&nbsp;&nbsp;&nbsp;&nbsp;&nbsp;&nbsp;&nbsp;&nbsp;&nbsp;&nbsp;&nbsp;&nbsp;&nbsp;&nbsp;&nbsp;&nbsp;&nbsp;&nbsp;&nbsp;&nbsp;&nbsp;&nbsp;&nbsp;&nbsp;&nbsp;&nbsp;&nbsp;&nbsp;&nbsp;&nbsp;&nbsp;&nbsp;&nbsp;&nbsp;&nbsp;&nbsp;&nbsp;&nbsp;&nbsp;&nbsp;&nbsp;&nbsp;&nbsp;&nbsp;&nbsp;&nbsp;&nbsp;&nbsp;&nbsp;&nbsp;&nbsp;&nbsp;&nbsp;&nbsp;&nbsp;&nbsp;&nbsp;&nbsp;&nbsp;&nbsp;&nbsp;&nbsp;&nbsp;&nbsp;&nbsp;&nbsp;&nbsp;&nbsp;&nbsp;&nbsp;&nbsp;&nbsp;&nbsp;&nbsp;&nbsp;&nbsp;&nbsp;&nbsp;&nbsp;&nbsp;&nbsp;&nbsp;&nbsp;&nbsp;&nbsp;&nbsp;&nbsp;&nbsp;&nbsp;&nbsp;&nbsp;&nbsp;&nbsp;&nbsp;&nbsp;&nbsp;&nbsp;&nbsp;&nbsp;&nbsp;&nbsp;&nbsp;&nbsp;&nbsp;&nbsp;&nbsp;&nbsp;&nbsp;&nbsp;&nbsp;&nbsp;&nbsp;&nbsp;&nbsp;&nbsp;&nbsp;&nbsp;&nbsp;&nbsp;&nbsp;&nbsp;&nbsp;&nbsp;&nbsp;&nbsp;&nbsp;&nbsp;&nbsp;&nbsp;&nbsp;&nbsp;&nbsp;&nbsp;&nbsp;&nbsp;&nbsp;&nbsp;&nbsp;&nbsp;&nbsp;&nbsp;&nbsp;&nbsp;&nbsp;&nbsp;&nbsp;&nbsp;&nbsp;&nbsp;&nbsp;&nbsp;&nbsp;&nbsp;&nbsp;&nbsp;&nbsp;&nbsp;&nbsp;&nbsp;&nbsp;&nbsp;&nbsp;&nbsp;&nbsp;&nbsp;&nbsp;&nbsp;&nbsp;&nbsp;&nbsp; &nbsp;&nbsp;&nbsp;&nbsp;&nbsp;&nbsp;&nbsp;&nbsp;&nbsp;&nbsp;&nbsp;&nbsp;&nbsp;&nbsp;&nbsp;&nbsp;&nbsp;&nbsp;&nbsp;&nbsp;&nbsp;&nbsp;&nbsp;&nbsp;&nbsp;&nbsp;&nbsp;&nbsp;&nbsp;&nbsp;&nbsp;&nbsp;&nbsp;&nbsp;&nbsp;&nbsp;&nbsp;&nbsp;&nbsp;&nbsp;&nbsp;&nbsp;&nbsp;&nbsp;&nbsp;&nbsp;&nbsp;&nbsp;&nbsp;&nbsp;&nbsp;&nbsp;&nbsp;&nbsp;&nbsp;&nbsp;&nbsp;&nbsp;&nbsp;&nbsp;&nbsp;&nbsp;&nbsp;&nbsp;&nbsp;&nbsp;&nbsp;&nbsp;&nbsp;&nbsp;&nbsp;&nbsp;&nbsp;&nbsp;&nbsp;&nbsp;&nbsp;&nbsp;&nbsp;&nbsp;&nbsp;&nbsp;&nbsp;&nbsp;&nbsp;&nbsp;&nbsp;&nbsp;&nbsp;&nbsp;&nbsp;&nbsp;&nbsp;&nbsp;&nbsp;&nbsp;&nbsp;&nbsp;&nbsp;&nbsp;&nbsp;&nbsp;&nbsp;&nbsp;&nbsp;&nbsp;&nbsp;&nbsp;&nbsp;&nbsp;&nbsp;&nbsp;&nbsp;&nbsp;&nbsp;&nbsp;&nbsp;&nbsp;&nbsp;&nbsp;&nbsp;&nbsp;&nbsp;&nbsp;&nbsp;&nbsp;&nbsp;&nbsp;&nbsp;&nbsp;&nbsp;&nbsp;&nbsp;&nbsp;&nbsp;&nbsp;&nbsp;&nbsp;&nbsp;&nbsp;&nbsp;&nbsp;&nbsp;&nbsp;&nbsp;&nbsp;&nbsp;&nbsp;&nbsp;&nbsp;&nbsp;&nbsp;&nbsp;&nbsp;&nbsp;&nbsp;&nbsp;&nbsp;&nbsp;&nbsp;&nbsp;&nbsp;&nbsp;&nbsp;&nbsp;&nbsp;&nbsp;&nbsp;&nbsp;&nbsp;&nbsp;&nbsp;&nbsp;&nbsp;&nbsp;&nbsp;&nbsp;&nbsp;&nbsp;&nbsp;&nbsp;&nbsp;&nbsp;&nbsp;&nbsp;&nbsp;&nbsp;&nbsp;&nbsp;&nbsp;&nbsp;&nbsp;&nbsp;&nbsp;&nbsp;&nbsp;&nbsp;&nbsp;&nbsp;&nbsp;&nbsp;&nbsp;&nbsp;&nbsp;&nbsp;&nbsp;&nbsp;&nbsp;&nbsp;&nbsp;&nbsp;&nbsp;&nbsp;&nbsp;&nbsp;&nbsp;&nbsp;&nbsp;&nbsp;&nbsp;&nbsp;&nbsp;&nbsp;&nbsp;&nbsp;&nbsp;&nbsp;&nbsp;&nbsp;&nbsp;&nbsp;&nbsp;&nbsp;&nbsp;&nbsp;&nbsp;&nbsp;<strong>&nbsp;<\/strong><\/p>\n","protected":false},"excerpt":{"rendered":"<p>&nbsp; &nbsp; OG\u0141OSZENIA DUSZPASTERSKIE NIEDZIELA PALMOWA czyli M\u0118KI PA\u0143SKIEJ 10 kwietnia 2022 r. 1. W Wielkim Tygodniu biuro parafialne czynne tylko w poniedzia\u0142ek od godz. 16.00 do 17.30. Sprawy pilne prosimy za\u0142atwia\u0107 po wieczornej Mszy \u015bw. &nbsp; 2. Prosimy Pan\u00f3w o pomoc w przygotowaniu Grobu Pa\u0144skiego w poniedzia\u0142ek o godz. 19.00. Sprz\u0105tanie ko\u015bcio\u0142a w Wielk\u0105 &#8230; <span class=\"more\"><a class=\"more-link\" href=\"https:\/\/www.chnk.pl\/?p=3451\">czytaj wi\u0119cej<\/a><\/span><\/p>\n","protected":false},"author":3,"featured_media":0,"comment_status":"open","ping_status":"open","sticky":false,"template":"","format":"standard","meta":{"ngg_post_thumbnail":0,"footnotes":""},"categories":[1],"tags":[],"_links":{"self":[{"href":"https:\/\/www.chnk.pl\/index.php?rest_route=\/wp\/v2\/posts\/3451"}],"collection":[{"href":"https:\/\/www.chnk.pl\/index.php?rest_route=\/wp\/v2\/posts"}],"about":[{"href":"https:\/\/www.chnk.pl\/index.php?rest_route=\/wp\/v2\/types\/post"}],"author":[{"embeddable":true,"href":"https:\/\/www.chnk.pl\/index.php?rest_route=\/wp\/v2\/users\/3"}],"replies":[{"embeddable":true,"href":"https:\/\/www.chnk.pl\/index.php?rest_route=%2Fwp%2Fv2%2Fcomments&post=3451"}],"version-history":[{"count":1,"href":"https:\/\/www.chnk.pl\/index.php?rest_route=\/wp\/v2\/posts\/3451\/revisions"}],"predecessor-version":[{"id":3452,"href":"https:\/\/www.chnk.pl\/index.php?rest_route=\/wp\/v2\/posts\/3451\/revisions\/3452"}],"wp:attachment":[{"href":"https:\/\/www.chnk.pl\/index.php?rest_route=%2Fwp%2Fv2%2Fmedia&parent=3451"}],"wp:term":[{"taxonomy":"category","embeddable":true,"href":"https:\/\/www.chnk.pl\/index.php?rest_route=%2Fwp%2Fv2%2Fcategories&post=3451"},{"taxonomy":"post_tag","embeddable":true,"href":"https:\/\/www.chnk.pl\/index.php?rest_route=%2Fwp%2Fv2%2Ftags&post=3451"}],"curies":[{"name":"wp","href":"https:\/\/api.w.org\/{rel}","templated":true}]}}