{"id":3439,"date":"2022-03-26T21:26:42","date_gmt":"2022-03-26T21:26:42","guid":{"rendered":"http:\/\/www.chnk.pl\/?p=3439"},"modified":"2022-03-26T21:26:56","modified_gmt":"2022-03-26T21:26:56","slug":"4-niedziela-wielkiego-postu-4","status":"publish","type":"post","link":"https:\/\/www.chnk.pl\/?p=3439","title":{"rendered":"4 Niedziela Wielkiego Postu"},"content":{"rendered":"<p><strong>&nbsp;<\/strong><\/p>\n<p><strong>&nbsp;<\/strong><\/p>\n<p><strong>OG\u0141OSZENIA DUSZPASTERSKIE<\/strong><\/p>\n<p><strong>&nbsp;<\/strong><\/p>\n<p><strong>NIEDZIELA IV WIELKIEGO POSTU<\/strong><\/p>\n<p><strong>27 marca 2022 r.<\/strong><\/p>\n<p>&nbsp;<\/p>\n<ol>\n<li><strong>DROGA KRZY\u017bOWA w pi\u0105tki Wielkiego Postu: dla dzieci godz. 16.30, dla doros\u0142ych: po porannej mszy \u015bw. i o godz. 17.30, ulicami osiedla o godz. 19.00 ( w tym tygodniu od wej\u015bcia nr 119, przynosimy ze sob\u0105 \u015bwiece lub znicze). GORZKIE \u017bALE w niedziele&nbsp;&nbsp;&nbsp;&nbsp;&nbsp;&nbsp; &nbsp;&nbsp;&nbsp;&nbsp;&nbsp;&nbsp;&nbsp;&nbsp;&nbsp;&nbsp;o godz. 15.30. <\/strong><strong>&nbsp;<\/strong><\/li>\n<li><strong> Zebranie wsp\u00f3lnot r\u00f3\u017ca\u0144cowych w \u015brod\u0119 po wieczornej mszy \u015bw. w ko\u015bciele.<\/strong><\/li>\n<li><strong> Spotkanie dla kandydat\u00f3w do bierzmowania w czwartek o godz. 19.00 w salce parafialnej.<\/strong><\/li>\n<li><strong> Spotkanie dla m\u0142odzie\u017cy w pi\u0105tek o godz. 19.15 w salce parafialnej.<\/strong><\/li>\n<li><strong> W tym tygodniu: I pi\u0105tek i I sobota miesi\u0105ca. Miesi\u0119czna spowied\u017a i Komunia \u015bw. dla klas: 4, 5, 6, 7 i 8 w pi\u0105tek od godz. 15.00 do 16.30.<\/strong><\/li>\n<li><strong> Pierwszosobotnie nabo\u017ce\u0144stwo do Niepokalanego Serca Matki Bo\u017cej w sobot\u0119 o godz. 7.15. 7. Comiesi\u0119czne odwiedziny chorych z sakramentami \u015bw. w pi\u0105tek i w sobot\u0119 wed\u0142ug sta\u0142ego planu.<\/strong><\/li>\n<li><strong> Spotkanie rodzin w sobot\u0119 o godz. 19.15<\/strong><\/li>\n<li><strong>Prosimy zg\u0142asza\u0107 chorych i starszych parafian do komunii \u015bw. wielkanocnej, na sobot\u0119 przed Niedziel\u0105 Palmow\u0105.<\/strong><\/li>\n<li><strong> B\u00f3g zap\u0142a\u0107 za ofiary na danin\u0119 diecezjaln\u0105 i na fundusz obrony \u017cycia.<\/strong><\/li>\n<li><strong> Przy zakrystii: <em>Przewodnik Katolicki<\/em><\/strong><strong>, <\/strong><strong><em>Ma\u0142y Przewodnik Katolicki<\/em><\/strong><strong>, <em>Go\u015b\u0107 Niedzielny Go\u015b\u0107 Niedzielny Ekstra (<\/em>o Ojcu Pio ) oraz koperty na danin\u0119 diecezjaln\u0105 i poczt\u00f3wki wielkanocne.<\/strong><\/li>\n<li><strong> M\u00f3dlmy si\u0119 za zmar\u0142ych Parafian. Za dusz\u0119 \u015bp. Mariana Malczyka, os. Lecha 35 ( msza \u015bw. pogrzebowa w poniedzia\u0142ek o godz. 11.00) i za dusze \u015bp. Mieczys\u0142awa Adamskiego, os. Lecha 74 (msza \u015bw. pogrzebowa w pi\u0105tek o godz. 9.30). Wieczny odpoczynek racz zmar\u0142ym da\u0107 Panie.<br \/>\n<\/strong>&nbsp;<\/li>\n<\/ol>\n","protected":false},"excerpt":{"rendered":"<p>&nbsp; &nbsp; OG\u0141OSZENIA DUSZPASTERSKIE &nbsp; NIEDZIELA IV WIELKIEGO POSTU 27 marca 2022 r. &nbsp; DROGA KRZY\u017bOWA w pi\u0105tki Wielkiego Postu: dla dzieci godz. 16.30, dla doros\u0142ych: po porannej mszy \u015bw. i o godz. 17.30, ulicami osiedla o godz. 19.00 ( w tym tygodniu od wej\u015bcia nr 119, przynosimy ze sob\u0105 \u015bwiece lub znicze). GORZKIE \u017bALE &#8230; <span class=\"more\"><a class=\"more-link\" href=\"https:\/\/www.chnk.pl\/?p=3439\">czytaj wi\u0119cej<\/a><\/span><\/p>\n","protected":false},"author":3,"featured_media":0,"comment_status":"open","ping_status":"open","sticky":false,"template":"","format":"standard","meta":{"ngg_post_thumbnail":0,"footnotes":""},"categories":[1],"tags":[],"_links":{"self":[{"href":"https:\/\/www.chnk.pl\/index.php?rest_route=\/wp\/v2\/posts\/3439"}],"collection":[{"href":"https:\/\/www.chnk.pl\/index.php?rest_route=\/wp\/v2\/posts"}],"about":[{"href":"https:\/\/www.chnk.pl\/index.php?rest_route=\/wp\/v2\/types\/post"}],"author":[{"embeddable":true,"href":"https:\/\/www.chnk.pl\/index.php?rest_route=\/wp\/v2\/users\/3"}],"replies":[{"embeddable":true,"href":"https:\/\/www.chnk.pl\/index.php?rest_route=%2Fwp%2Fv2%2Fcomments&post=3439"}],"version-history":[{"count":2,"href":"https:\/\/www.chnk.pl\/index.php?rest_route=\/wp\/v2\/posts\/3439\/revisions"}],"predecessor-version":[{"id":3441,"href":"https:\/\/www.chnk.pl\/index.php?rest_route=\/wp\/v2\/posts\/3439\/revisions\/3441"}],"wp:attachment":[{"href":"https:\/\/www.chnk.pl\/index.php?rest_route=%2Fwp%2Fv2%2Fmedia&parent=3439"}],"wp:term":[{"taxonomy":"category","embeddable":true,"href":"https:\/\/www.chnk.pl\/index.php?rest_route=%2Fwp%2Fv2%2Fcategories&post=3439"},{"taxonomy":"post_tag","embeddable":true,"href":"https:\/\/www.chnk.pl\/index.php?rest_route=%2Fwp%2Fv2%2Ftags&post=3439"}],"curies":[{"name":"wp","href":"https:\/\/api.w.org\/{rel}","templated":true}]}}