{"id":3436,"date":"2022-03-19T20:40:03","date_gmt":"2022-03-19T20:40:03","guid":{"rendered":"http:\/\/www.chnk.pl\/?p=3436"},"modified":"2022-03-19T20:40:17","modified_gmt":"2022-03-19T20:40:17","slug":"3-niedziela-wielkiego-postu-4","status":"publish","type":"post","link":"https:\/\/www.chnk.pl\/?p=3436","title":{"rendered":"3 Niedziela Wielkiego Postu"},"content":{"rendered":"<p>&nbsp;<\/p>\n<p><strong>OG\u0141OSZENIA DUSZPASTERSKIE<\/strong><\/p>\n<p><strong>Niedziela III Wielkiego Postu<\/strong><\/p>\n<p><strong>&nbsp;&nbsp;&nbsp;&nbsp;&nbsp;&nbsp;&nbsp;&nbsp;&nbsp;&nbsp;&nbsp;&nbsp;&nbsp;&nbsp;&nbsp;&nbsp;&nbsp;&nbsp;&nbsp;&nbsp;&nbsp;&nbsp;&nbsp;&nbsp;&nbsp;&nbsp;&nbsp;&nbsp;&nbsp;&nbsp;&nbsp;&nbsp;&nbsp;&nbsp;&nbsp;&nbsp;&nbsp;&nbsp;&nbsp;&nbsp;&nbsp;&nbsp;&nbsp;&nbsp;&nbsp;&nbsp;&nbsp;&nbsp;&nbsp;&nbsp;&nbsp;&nbsp;&nbsp;&nbsp;&nbsp;&nbsp;&nbsp;&nbsp;&nbsp;&nbsp;&nbsp;&nbsp;&nbsp;&nbsp;&nbsp;&nbsp;&nbsp;&nbsp;&nbsp;&nbsp;&nbsp;&nbsp;&nbsp;&nbsp;&nbsp;&nbsp;&nbsp;&nbsp;&nbsp;&nbsp;&nbsp;&nbsp;&nbsp;&nbsp;&nbsp;&nbsp;&nbsp;&nbsp;&nbsp; 20 marca 2022 r.<\/strong><\/p>\n<ol>\n<li>W zwi\u0105zku z trwaj\u0105c\u0105 agresj\u0105 zbrojn\u0105 Rosji w Ukrainie, w pi\u0105tek 25 marca br. o godz. 17.00, Ojciec \u015awi\u0119ty Franciszek dokona Aktu Po\u015bwi\u0119cenia Rosji i Ukrainy Niepokalanemu Sercu Maryi. Jednocze\u015bnie Papie\u017c prosi, aby pasterze i wierni na ca\u0142ym \u015bwiecie trwali w tym samym czasie zjednoczeni na modlitwie pod przewodnictwem Biskupa Rzymu. Archidiecezja Pozna\u0144ska odpowiada na to wezwanie. Dlatego Arcybiskup Metropolita Pozna\u0144ski zwraca si\u0119 z apelem do wszystkich parafii, aby w uroczysto\u015b\u0107 Zwiastowania Pa\u0144skiego 25 marca we wszystkich ko\u015bcio\u0142ach Archidiecezji o godz. 17.00 \u2013 w jedno\u015bci z Nast\u0119pc\u0105 \u015awi\u0119tego Piotra \u2013 wznie\u015b\u0107 modlitwy do Boga, odmawiaj\u0105c Akt Po\u015bwi\u0119cenia Rosji i Ukrainy Niepokalanemu Sercu Maryi. Prosi r\u00f3wnie\u017c, by tego dnia odprawi\u0107 Eucharysti\u0119 w intencji pokoju w Ukrainie oraz nawr\u00f3cenia Rosji. Modlitwie w tej intencji w katedrze pozna\u0144skiej 25 marca o godz. 17.00 b\u0119dzie przewodniczy\u0142 Arcybiskup Stanis\u0142aw G\u0105decki. W naszej Parafii msza \u015bw. w tej intencji r\u00f3wnie\u017c o godz. 17.00.<\/li>\n<li>W dniu 25 marca up\u0142ynie 30 lat od dnia w kt\u00f3rym Ksi\u0105dz Arcybiskup Stanis\u0142aw G\u0105decki przyj\u0105\u0142 sakr\u0119 biskupi\u0105 z r\u0105k kardyna\u0142a J\u00f3zefa Glempa. Zach\u0119camy do udzia\u0142u we Mszy \u015bw. dzi\u0119kczynnej, kt\u00f3r\u0105 odprawi Ksi\u0105dz Arcybiskup w Katedrze, 26 marca, o godz. 11.00. B\u0119dziemy te\u017c prosi\u0107 o \u015bwiat\u0142o Ducha \u015awi\u0119tego i opiek\u0119 Kr\u00f3lowej Aposto\u0142\u00f3w na dalsze lata Jego pos\u0142ugiwania.<\/li>\n<li><strong> DROGA KRZY\u017bOWA<\/strong> w pi\u0105tki Wielkiego Postu: dla dzieci godz. 16.30, dla doros\u0142ych po porannej mszy \u015bw. i o godz. 18.30 (wyj\u0105tkowo po wieczornej mszy \u015bw.) oraz ulicami osiedla o godz. 19.00 od wej\u015bcia 122 (przynosimy lampiony lub znicze).<strong>GORZKIE \u017bALE <\/strong>w niedziele Wielkiego Postu o godz. 15.30.<\/li>\n<\/ol>\n<ol start=\"4\">\n<li>Spotkanie Rady Duszpasterskiej i Ekonomicznej w \u015brod\u0119 o godz. 19.15.<\/li>\n<li>Spotkanie dzieci przed pierwsz\u0105 spowiedzi\u0105 \u015bw. w czwartek: o godz. 15.45 klasa 3 a, b, oraz o godz. 16.45 klasy 3 c, d i inne szko\u0142y.<\/li>\n<li>Msza \u015bw. o uzdrowienie w czwartek o godz. 19.15.<\/li>\n<li>Spotkanie duszpasterstwa m\u0142odzie\u017cy w pi\u0105tek o godz. 19.15.<\/li>\n<li>W Biurze Parafialnym i w zakrystii zg\u0142oszenia chorych i starszych parafian do komunii \u015bw. wielkanocnej, na sobot\u0119 przed Niedziel\u0105 Palmow\u0105.<\/li>\n<li>Okazja do spowiedzi \u015bw. w soboty od godz. 16.00 do 18.00 i ka\u017cdego dnia p\u00f3\u0142 godziny przed msz\u0105 \u015bw. Trwa ju\u017c czas spowiedzi i komunii \u015bw. wielkanocnej.<\/li>\n<li>Duchowa adopcja dziecka nienarodzonego. W niedziel\u0119 27 marca na mszy \u015bw. o godz. 9.30, grupa parafian podejmie modlitw\u0119 duchowej adopcji dziecka nienarodzonego. Podj\u0119cie modlitwy w tej intencji i do\u0142\u0105czenie do grupy modlitewnej mo\u017cna zadeklarowa\u0107 w tygodniu po mszy \u015bw.<\/li>\n<li>B\u00f3g zap\u0142a\u0107 Parafianom za udzia\u0142 w ca\u0142odziennej adoracji Naj\u015bwi\u0119tszego Sakramentu. B\u00f3g zap\u0142a\u0107 za ofiary sk\u0142adane na utrzymanie naszego ko\u015bcio\u0142a. W Wielkim Po\u015bcie sk\u0142adamy ofiary na danin\u0119 diecezjaln\u0105, kt\u00f3ra jest przeznaczona na utrzymanie centralnych instytucji diecezjalnych tzn. Seminarium Duchownego, Domu Ksi\u0119\u017cy Emeryt\u00f3w, Muzeum i Archiwum, Katedry, Kurii Metropolitalnej i na Caritas. Koperty na danin\u0119 diecezjaln\u0105 z \u017c\u00f3\u0142t\u0105 kartk\u0105 na cele parafialne mo\u017cna odbiera\u0107 przy zakrystii.<\/li>\n<li>Zach\u0119camy do czytania prasy katolickiej: Przy zakrystii: <em>Przewodnik Katolicki, Ma\u0142y Przewodnik Katolicki, Go\u015b\u0107 Niedzielny, Go\u015b\u0107 Extra <\/em>(o \u015bw. Ojcu Pio),<em> Mi\u0142ujcie si\u0119,<\/em> gazetka parafialna i poczt\u00f3wki z motywami Zmartwychwstania Pa\u0144skiego<\/li>\n<\/ol>\n<p><strong>&nbsp;<\/strong><\/p>\n<p>&nbsp;<\/p>\n<p>&nbsp;<\/p>\n<p>&nbsp;<\/p>\n<p>&nbsp;<\/p>\n<p>&nbsp;<\/p>\n<p>&nbsp;<\/p>\n<p>&nbsp;<\/p>\n<p>&nbsp;<\/p>\n<p>&nbsp;<\/p>\n","protected":false},"excerpt":{"rendered":"<p>&nbsp; OG\u0141OSZENIA DUSZPASTERSKIE Niedziela III Wielkiego Postu &nbsp;&nbsp;&nbsp;&nbsp;&nbsp;&nbsp;&nbsp;&nbsp;&nbsp;&nbsp;&nbsp;&nbsp;&nbsp;&nbsp;&nbsp;&nbsp;&nbsp;&nbsp;&nbsp;&nbsp;&nbsp;&nbsp;&nbsp;&nbsp;&nbsp;&nbsp;&nbsp;&nbsp;&nbsp;&nbsp;&nbsp;&nbsp;&nbsp;&nbsp;&nbsp;&nbsp;&nbsp;&nbsp;&nbsp;&nbsp;&nbsp;&nbsp;&nbsp;&nbsp;&nbsp;&nbsp;&nbsp;&nbsp;&nbsp;&nbsp;&nbsp;&nbsp;&nbsp;&nbsp;&nbsp;&nbsp;&nbsp;&nbsp;&nbsp;&nbsp;&nbsp;&nbsp;&nbsp;&nbsp;&nbsp;&nbsp;&nbsp;&nbsp;&nbsp;&nbsp;&nbsp;&nbsp;&nbsp;&nbsp;&nbsp;&nbsp;&nbsp;&nbsp;&nbsp;&nbsp;&nbsp;&nbsp;&nbsp;&nbsp;&nbsp;&nbsp;&nbsp;&nbsp;&nbsp; 20 marca 2022 r. W zwi\u0105zku z trwaj\u0105c\u0105 agresj\u0105 zbrojn\u0105 Rosji w Ukrainie, w pi\u0105tek 25 marca br. o godz. 17.00, Ojciec \u015awi\u0119ty Franciszek dokona Aktu Po\u015bwi\u0119cenia Rosji i Ukrainy Niepokalanemu Sercu Maryi. Jednocze\u015bnie Papie\u017c prosi, aby pasterze i wierni na ca\u0142ym \u015bwiecie trwali w tym samym &#8230; <span class=\"more\"><a class=\"more-link\" href=\"https:\/\/www.chnk.pl\/?p=3436\">czytaj wi\u0119cej<\/a><\/span><\/p>\n","protected":false},"author":3,"featured_media":0,"comment_status":"open","ping_status":"open","sticky":false,"template":"","format":"standard","meta":{"ngg_post_thumbnail":0,"footnotes":""},"categories":[1],"tags":[],"_links":{"self":[{"href":"https:\/\/www.chnk.pl\/index.php?rest_route=\/wp\/v2\/posts\/3436"}],"collection":[{"href":"https:\/\/www.chnk.pl\/index.php?rest_route=\/wp\/v2\/posts"}],"about":[{"href":"https:\/\/www.chnk.pl\/index.php?rest_route=\/wp\/v2\/types\/post"}],"author":[{"embeddable":true,"href":"https:\/\/www.chnk.pl\/index.php?rest_route=\/wp\/v2\/users\/3"}],"replies":[{"embeddable":true,"href":"https:\/\/www.chnk.pl\/index.php?rest_route=%2Fwp%2Fv2%2Fcomments&post=3436"}],"version-history":[{"count":1,"href":"https:\/\/www.chnk.pl\/index.php?rest_route=\/wp\/v2\/posts\/3436\/revisions"}],"predecessor-version":[{"id":3437,"href":"https:\/\/www.chnk.pl\/index.php?rest_route=\/wp\/v2\/posts\/3436\/revisions\/3437"}],"wp:attachment":[{"href":"https:\/\/www.chnk.pl\/index.php?rest_route=%2Fwp%2Fv2%2Fmedia&parent=3436"}],"wp:term":[{"taxonomy":"category","embeddable":true,"href":"https:\/\/www.chnk.pl\/index.php?rest_route=%2Fwp%2Fv2%2Fcategories&post=3436"},{"taxonomy":"post_tag","embeddable":true,"href":"https:\/\/www.chnk.pl\/index.php?rest_route=%2Fwp%2Fv2%2Ftags&post=3436"}],"curies":[{"name":"wp","href":"https:\/\/api.w.org\/{rel}","templated":true}]}}