{"id":3428,"date":"2022-03-12T19:34:42","date_gmt":"2022-03-12T19:34:42","guid":{"rendered":"http:\/\/www.chnk.pl\/?p=3428"},"modified":"2022-03-12T19:34:42","modified_gmt":"2022-03-12T19:34:42","slug":"2-niedziela-adwentu-6","status":"publish","type":"post","link":"https:\/\/www.chnk.pl\/?p=3428","title":{"rendered":"2 Niedziela Adwentu"},"content":{"rendered":"<p><strong>&nbsp;<\/strong><\/p>\n<p><strong>OG\u0141OSZENIA DUSZPASTERSKIE<\/strong><\/p>\n<p><strong>NIEDZIELA II WIELKIEGO POSTU<\/strong><\/p>\n<p><strong>13 marca 2022 r.<\/strong><\/p>\n<ol>\n<li>PRZEPISY POSTNE. Wierni, kt\u00f3rzy uko\u0144czyli 14 rok \u017cycia, s\u0105 zobowi\u0105zani do do zachowania w ci\u0105gu ca\u0142ego \u017cycia wstrzemi\u0119\u017aliwo\u015bci od pokarm\u00f3w mi\u0119snych we wszystkie pi\u0105tki ca\u0142ego roku i w \u015arod\u0119 Popielcow\u0105. Wstrzemi\u0119\u017aliwo\u015b\u0107 nie obowi\u0105zuje, je\u017celi w pi\u0105tek przypada uroczysto\u015b\u0107 ko\u015bcielna. Wierni, kt\u00f3rzy uko\u0144czyli 18 rok \u017cycia, a\u017c do rozpocz\u0119cia 60 roku \u017cycia, opr\u00f3cz wstrzemi\u0119\u017aliwo\u015bci od pokarm\u00f3w mi\u0119snych s\u0105 zobowi\u0105zani do zachowania postu \u015bcis\u0142ego w \u015arod\u0119 Popielcow\u0105 i Wielki Pi\u0105tek. Post \u015bcis\u0142y pozwala na jednorazowy posi\u0142ek do syta oraz dwa skromne posi\u0142ki w ci\u0105gu dnia. Wierni, kt\u00f3rzy nie maj\u0105 mo\u017cliwo\u015bci wyboru pokarm\u00f3w i musz\u0105 spo\u017cywa\u0107 to, co zostanie im podane, mog\u0105 korzysta\u0107 z dyspensy od obowi\u0105zku wstrzymania si\u0119 od potraw mi\u0119snych w pi\u0105tki ca\u0142ego roku. Taka dyspensa nie istnieje w \u015arod\u0119 Popielcow\u0105 i Wielki Pi\u0105tek. Niemo\u017cno\u015b\u0107 zachowania wstrzemi\u0119\u017aliwo\u015bci w pi\u0105tek zak\u0142ada jednak podj\u0119cie innych form pokuty, takich jak: modlitwa, ja\u0142mu\u017cna, uczynki pobo\u017cno\u015bci i mi\u0142o\u015bci, wierniejsze spe\u0142nianie obowi\u0105zk\u00f3w.<\/li>\n<li>Spotkanie dzieci pierwszokomunijnych przed pierwsz\u0105 spowiedzi\u0105 \u015bw. w czwartek: o godz. 15.45 klasa 3 a, b, o godz. 16.45 klasy 3 c, d oraz inne szko\u0142y.<\/li>\n<li>Spotkanie dla kandydat\u00f3w do bierzmowania w czwartek o godz. 19.00 w salce.<\/li>\n<li>Spotkanie dla m\u0142odzie\u017cy w pi\u0105tek o godz. 19.15 w salce parafialnej.<\/li>\n<li>DROGA KRZY\u017bOWA w pi\u0105tki Wielkiego Postu: dla dzieci godz. 16.30, dla doros\u0142ych: po porannej mszy \u015bw. i o godz. 17.30, ulicami osiedla o godz. 19.00 ( w tym tygodniu od wej\u015bcia nr 13, przynosimy ze sob\u0105 \u015bwiece lub znicze). GORZKIE \u017bALE w niedziele o godz. 15.30.<\/li>\n<li>W sobot\u0119 Uroczysto\u015b\u0107 \u015bw. J\u00f3zefa. W naszej Parafii po rannej mszy \u015bw. procesja salety\u0144ska, wystawienie Naj\u015bwi\u0119tszego Sakramentu i ca\u0142odzienna adoracja Naj\u015bwi\u0119tszego Sakramentu do godz. 20.00. Plan adoracji: g. 9.00 &#8211; Apostolstwo Do\u00adbrej \u015amierci, g. 10.00 &#8211; Parafianie z blok\u00f3w 15 do 20, g. 11.00 &#8211; Parafianie z blok\u00f3w 122 do 129, g. 12.00 Anio\u0142 Pa\u0144ski i bloki 39, 40, 42, g. 13.00 &#8211; Wsp\u00f3lnoty r\u00f3\u017ca\u0144cowe, g. 14.00 Parafianie z blok\u00f3w czteropi\u0119trowych, g. 15.00 &#8211; Koronka do Mi\u0142osierdzia Bo\u017cego, g. 16.00 &#8211; M\u0142odzie\u017c i kandydaci do bierzmowania z rodzicami, godz. 16.30 &#8211; dzieci, msza \u015bw. o godz. 18.00 i adoracja do 20.00. Plan ad\u00adoracji nale\u017cy traktowa\u0107 ramowo. Nie mo\u017cna zlekcewa\u017cy\u0107&nbsp; dnia uroczystej czci oddawanej Panu Jezusowi&nbsp; &nbsp; &nbsp;w Naj\u015bwi\u0119tszym Sakramencie. Okazja do spowiedzi \u015bw. od godz. 9.00 do 10.00, od godz. 16.00 do 17.45.<\/li>\n<li>W niedziel\u0119, 27 marca, na mszy \u015bw. o godz. 9.30, podejmiemy duchow\u0105 adopcji dziecka nienarodzonego. Mo\u017cna do\u0142\u0105czy\u0107 do grupy modlitewnej i zadeklarowa\u0107 zobowi\u0105zanie modlitewne: w tygodniu po mszy \u015bw. i w niedziel\u0119 20 marca, przed msz\u0105 \u015bw. o godz. 9.30.<\/li>\n<li>Prosimy zg\u0142asza\u0107 chorych i starszych parafian do komunii \u015bw. wielkanocnej, na sobot\u0119 przed Niedziel\u0105 Palmow\u0105.<\/li>\n<li>W dniu 25 marca up\u0142ynie 30 lat od dnia w kt\u00f3rym Ksi\u0105dz Arcybiskup Stanis\u0142aw G\u0105decki przyj\u0105\u0142 sakr\u0119 biskupi\u0105 z r\u0105k kardyna\u0142a J\u00f3zefa Glempa. Zach\u0119camy do udzia\u0142u we Mszy \u015bw. dzi\u0119kczynnej, kt\u00f3r\u0105 odprawi Ksi\u0105dz Arcybiskup w Katedrze, 26 marca, o godz. 11.00. B\u0119dziemy te\u017c prosi\u0107 o \u015bwiat\u0142o Ducha \u015awi\u0119tego i opiek\u0119 Kr\u00f3lowej Aposto\u0142\u00f3w na dalsze lata Jego pos\u0142ugiwania.<\/li>\n<li>Przy zakrystii: <em>Przewodnik Katolicki<\/em>, <em>Ma\u0142y Przewodnik<\/em>, <em>Go\u015b\u0107 Niedzielny Specjalny o \u015bw. O. Pio, <\/em>oraz koperty na danin\u0119 diecezjaln\u0105, poczt\u00f3wki wielkanocne.<\/li>\n<li>M\u00f3dlmy si\u0119 za zmar\u0142ych Parafian. Za dusz\u0119 \u015bp. Jerzego Fabiana, os. Lecha 42 ( msza \u015bw. pogrzebowa we wtorek o godz. 16.45), Wieczny odpoczynek racz zmar\u0142ym da\u0107 Panie.<\/li>\n<\/ol>\n","protected":false},"excerpt":{"rendered":"<p>&nbsp; OG\u0141OSZENIA DUSZPASTERSKIE NIEDZIELA II WIELKIEGO POSTU 13 marca 2022 r. PRZEPISY POSTNE. Wierni, kt\u00f3rzy uko\u0144czyli 14 rok \u017cycia, s\u0105 zobowi\u0105zani do do zachowania w ci\u0105gu ca\u0142ego \u017cycia wstrzemi\u0119\u017aliwo\u015bci od pokarm\u00f3w mi\u0119snych we wszystkie pi\u0105tki ca\u0142ego roku i w \u015arod\u0119 Popielcow\u0105. Wstrzemi\u0119\u017aliwo\u015b\u0107 nie obowi\u0105zuje, je\u017celi w pi\u0105tek przypada uroczysto\u015b\u0107 ko\u015bcielna. Wierni, kt\u00f3rzy uko\u0144czyli 18 rok &#8230; <span class=\"more\"><a class=\"more-link\" href=\"https:\/\/www.chnk.pl\/?p=3428\">czytaj wi\u0119cej<\/a><\/span><\/p>\n","protected":false},"author":3,"featured_media":0,"comment_status":"open","ping_status":"open","sticky":false,"template":"","format":"standard","meta":{"ngg_post_thumbnail":0,"footnotes":""},"categories":[1],"tags":[],"_links":{"self":[{"href":"https:\/\/www.chnk.pl\/index.php?rest_route=\/wp\/v2\/posts\/3428"}],"collection":[{"href":"https:\/\/www.chnk.pl\/index.php?rest_route=\/wp\/v2\/posts"}],"about":[{"href":"https:\/\/www.chnk.pl\/index.php?rest_route=\/wp\/v2\/types\/post"}],"author":[{"embeddable":true,"href":"https:\/\/www.chnk.pl\/index.php?rest_route=\/wp\/v2\/users\/3"}],"replies":[{"embeddable":true,"href":"https:\/\/www.chnk.pl\/index.php?rest_route=%2Fwp%2Fv2%2Fcomments&post=3428"}],"version-history":[{"count":1,"href":"https:\/\/www.chnk.pl\/index.php?rest_route=\/wp\/v2\/posts\/3428\/revisions"}],"predecessor-version":[{"id":3429,"href":"https:\/\/www.chnk.pl\/index.php?rest_route=\/wp\/v2\/posts\/3428\/revisions\/3429"}],"wp:attachment":[{"href":"https:\/\/www.chnk.pl\/index.php?rest_route=%2Fwp%2Fv2%2Fmedia&parent=3428"}],"wp:term":[{"taxonomy":"category","embeddable":true,"href":"https:\/\/www.chnk.pl\/index.php?rest_route=%2Fwp%2Fv2%2Fcategories&post=3428"},{"taxonomy":"post_tag","embeddable":true,"href":"https:\/\/www.chnk.pl\/index.php?rest_route=%2Fwp%2Fv2%2Ftags&post=3428"}],"curies":[{"name":"wp","href":"https:\/\/api.w.org\/{rel}","templated":true}]}}