{"id":3424,"date":"2022-03-05T19:06:04","date_gmt":"2022-03-05T19:06:04","guid":{"rendered":"http:\/\/www.chnk.pl\/?p=3424"},"modified":"2022-03-05T19:06:04","modified_gmt":"2022-03-05T19:06:04","slug":"1-niedziela-wielkiego-postu-5","status":"publish","type":"post","link":"https:\/\/www.chnk.pl\/?p=3424","title":{"rendered":"1 Niedziela Wielkiego Postu"},"content":{"rendered":"<p><strong>&nbsp;<\/strong><\/p>\n<p><strong>OG\u0141OSZENIA DUSZPASTERSKIE<\/strong><\/p>\n<p><strong>NIEDZIELA I WIELKIEGO POSTU<\/strong><\/p>\n<p><strong>&nbsp;6 marca 2022 r.<\/strong><\/p>\n<ol>\n<li>Spotkanie wsp\u00f3lnot r\u00f3\u017ca\u0144cowych w \u015brod\u0119 o godz. 19.00 w ko\u015bciele.<\/li>\n<li>Spotkanie kandydat\u00f3w do bierzmowania w czwartek o 19:00 w salce.<\/li>\n<li>Zach\u0119camy do wzi\u0119cia udzia\u0142u w spotkaniach synodalnych, zosta\u0142o jeszcze kilka wolnych miejsc. Najbli\u017csze odb\u0119d\u0105 si\u0119 w \u015brod\u0119 o 19:00 i sobot\u0119 o 16:00 w salkach. Wszystkich Parafian prosimy o modlitw\u0119 w intencji tych spotka\u0144.<\/li>\n<li>DROGA KRZY\u017bOWA w pi\u0105tki Wielkiego Postu: dla dzieci godz. 16.30, dla doros\u0142ych o godz. 8.40 (po porannej mszy \u015bw.), o 17.30 i ulicami osiedla o godz. 19.00 ( w tym tygodniu od wej\u015bcia 78, przynosimy ze sob\u0105 \u015bwiece-znicze). GORZKIE \u017bALE w niedziele Wielkiego Postu o godz. 15.30.<\/li>\n<li>Odwiedziny chorych w sobot\u0119 od 9:00.<\/li>\n<li>Duchowa Adopcja Dziecka Nienarodzonego to modlitewna obrona dzieci nienarodzonych, kt\u00f3rych \u017cycie jest zagro\u017cone z powodu braku mi\u0142o\u015bci. Podj\u0119cie modlitwy w intencji ich ocalenia mo\u017cna zadeklarowa\u0107 w tygodniu po mszy \u015bw. i w niedziel\u0119 przed msz\u0105 \u015bw. o godz. 9.30. Uroczyste podj\u0119cie Duchowej Adopcji w niedziel\u0119 27 marca na mszy \u015bw.&nbsp;&nbsp;&nbsp;&nbsp;&nbsp;&nbsp;&nbsp;&nbsp;&nbsp;&nbsp;&nbsp;&nbsp;&nbsp;&nbsp;&nbsp;&nbsp; o godz. 9.30.<\/li>\n<li>Spotkanie dzieci pierwszokomunijnych, przygotowuj\u0105ce do spowiedzi \u015bw. odb\u0119dzie si\u0119 w czwartek, 17 marca o godz. 15.45 i 16.45 w salce parafialnej wed\u0142ug ustalonych grup.<\/li>\n<li>Grupa Anonimowych Alkoholik\u00f3w spotyka si\u0119 we wtorki w salce parafialnej o godz. 19.00 i jest otwarta na wszystkich, kt\u00f3rzy szukaj\u0105 pomocy do \u017cycia w trze\u017awo\u015bci.<\/li>\n<li>Zach\u0119camy do w\u0142\u0105czenia si\u0119 w wielkopostne wydarzenie \u201eKo\u015bcio\u0142\u00f3w stacyjnych miasta Poznania\u201d. Ka\u017cdego dnia, z wy\u0142\u0105czeniem niedziel, pielgrzymi gromadz\u0105 si\u0119 w innej \u015bwi\u0105tyni miasta, aby trwa\u0107 na modlitwie. Spis ko\u015bcio\u0142\u00f3w znajdziemy w \u201ePrzewodniku Katolickim\u201d, na tablicy og\u0142osze\u0144 oraz na stronie internetowej Archidiecezji Pozna\u0144skiej.<\/li>\n<li>B\u00f3g zap\u0142a\u0107 za ofiary i dary rzeczowe na Caritas dla Ukrainy. B\u00f3g zap\u0142a\u0107 Parafianom, kt\u00f3rzy przewie\u017ali dary do magazyn\u00f3w CARITAS. Caritas Archidiecezji Pozna\u0144skiej poszukuje wolontariuszy do pomocy w centralnym magazynie dar\u00f3w na rzecz uchod\u017ac\u00f3w wojennych z Ukrainy. Szczeg\u00f3\u0142owe informacje w zakrystii. R\u00f3wnie\u017c Szko\u0142a Podstawowa nr 51 na os. Lecha przeprowadzi zbi\u00f3rk\u0119 pomocow\u0105 dla uchod\u017ac\u00f3w z Ukrainy. Komunikat na tablicy og\u0142osze\u0144. W przysz\u0142\u0105 niedziel\u0119, II Wielkiego Postu, przed ko\u015bcio\u0142em zbi\u00f3rka ofiar na misje.<\/li>\n<li>W zwi\u0105zku z trwaj\u0105cym zagro\u017ceniem epidemicznym nale\u017cy zachowa\u0107, tak\u017ce w ko\u015bciele, wszystkie wskazania wydawane przez odpowiednie s\u0142u\u017cby. Jest to obowi\u0105zek wynikaj\u0105cy z pi\u0105tego Przykazania Bo\u017cego.<\/li>\n<li>Zach\u0119camy do czytania prasy religijnej. Przy zakrystii: <em>Przewodnik Katolicki,<\/em> <em>Go\u015b\u0107 Niedzielny<\/em>, <em>Ma\u0142y Przewodnik Katolicki, Mi\u0142ujcie si\u0119, Ziarno.<\/em> Dzieci zach\u0119camy do wype\u0142niania zada\u0144 z <em>Ziarna. <\/em>W niedziele po mszy \u015bw. o godz. 11.15 losowanie nagrody spo\u015br\u00f3d prawid\u0142owych rozwi\u0105za\u0144.<\/li>\n<li>Prosimy zg\u0142asza\u0107 chorych i starszych Parafian do Komunii \u015bw. wielkanocnej, na sobot\u0119 przed Niedziel\u0105 Palmow\u0105.<\/li>\n<li>M\u00f3dlmy si\u0119 za zmar\u0142ych parafian. Za dusz\u0119 \u015bp. Danuty Skubiszy\u0144skiej os. Lecha 128. Wieczny odpoczynek racz zmar\u0142ym da\u0107 Panie.<\/li>\n<\/ol>\n<p>&nbsp;<\/p>\n<p><strong>&nbsp;<\/strong><\/p>\n<p><strong>&nbsp;<\/strong><\/p>\n<p><strong>&nbsp;<\/strong><\/p>\n<p><strong>&nbsp;<\/strong><\/p>\n<p><strong>&nbsp;<\/strong><\/p>\n<p><strong>&nbsp;<\/strong><\/p>\n","protected":false},"excerpt":{"rendered":"<p>&nbsp; OG\u0141OSZENIA DUSZPASTERSKIE NIEDZIELA I WIELKIEGO POSTU &nbsp;6 marca 2022 r. Spotkanie wsp\u00f3lnot r\u00f3\u017ca\u0144cowych w \u015brod\u0119 o godz. 19.00 w ko\u015bciele. Spotkanie kandydat\u00f3w do bierzmowania w czwartek o 19:00 w salce. Zach\u0119camy do wzi\u0119cia udzia\u0142u w spotkaniach synodalnych, zosta\u0142o jeszcze kilka wolnych miejsc. Najbli\u017csze odb\u0119d\u0105 si\u0119 w \u015brod\u0119 o 19:00 i sobot\u0119 o 16:00 w &#8230; <span class=\"more\"><a class=\"more-link\" href=\"https:\/\/www.chnk.pl\/?p=3424\">czytaj wi\u0119cej<\/a><\/span><\/p>\n","protected":false},"author":3,"featured_media":0,"comment_status":"open","ping_status":"open","sticky":false,"template":"","format":"standard","meta":{"ngg_post_thumbnail":0,"footnotes":""},"categories":[4,3],"tags":[],"_links":{"self":[{"href":"https:\/\/www.chnk.pl\/index.php?rest_route=\/wp\/v2\/posts\/3424"}],"collection":[{"href":"https:\/\/www.chnk.pl\/index.php?rest_route=\/wp\/v2\/posts"}],"about":[{"href":"https:\/\/www.chnk.pl\/index.php?rest_route=\/wp\/v2\/types\/post"}],"author":[{"embeddable":true,"href":"https:\/\/www.chnk.pl\/index.php?rest_route=\/wp\/v2\/users\/3"}],"replies":[{"embeddable":true,"href":"https:\/\/www.chnk.pl\/index.php?rest_route=%2Fwp%2Fv2%2Fcomments&post=3424"}],"version-history":[{"count":1,"href":"https:\/\/www.chnk.pl\/index.php?rest_route=\/wp\/v2\/posts\/3424\/revisions"}],"predecessor-version":[{"id":3425,"href":"https:\/\/www.chnk.pl\/index.php?rest_route=\/wp\/v2\/posts\/3424\/revisions\/3425"}],"wp:attachment":[{"href":"https:\/\/www.chnk.pl\/index.php?rest_route=%2Fwp%2Fv2%2Fmedia&parent=3424"}],"wp:term":[{"taxonomy":"category","embeddable":true,"href":"https:\/\/www.chnk.pl\/index.php?rest_route=%2Fwp%2Fv2%2Fcategories&post=3424"},{"taxonomy":"post_tag","embeddable":true,"href":"https:\/\/www.chnk.pl\/index.php?rest_route=%2Fwp%2Fv2%2Ftags&post=3424"}],"curies":[{"name":"wp","href":"https:\/\/api.w.org\/{rel}","templated":true}]}}