{"id":3422,"date":"2022-03-05T19:04:05","date_gmt":"2022-03-05T19:04:05","guid":{"rendered":"http:\/\/www.chnk.pl\/?p=3422"},"modified":"2022-03-05T19:04:05","modified_gmt":"2022-03-05T19:04:05","slug":"obraz-matki-bozej-laskawej-slicznej-pani-lwowa-w-katedrze-poznanskiej","status":"publish","type":"post","link":"https:\/\/www.chnk.pl\/?p=3422","title":{"rendered":"Obraz Matki Bo\u017cej \u0141askawej  \u015alicznej Pani Lwowa w Katedrze Pozna\u0144skiej"},"content":{"rendered":"<p>&nbsp;&nbsp;&nbsp;&nbsp;&nbsp;&nbsp;&nbsp;&nbsp;&nbsp;&nbsp;&nbsp; Od dnia, w kt\u00f3rym wspominamy \u015bwi\u0119tego Kazimierza Kr\u00f3lewicza, czyli od 4 marca 2022 roku, w Katedrze pozna\u0144skiej, wystawiony zostaje obraz Matki Bo\u017cej \u0141askawej \u015alicznej Pani Lwowa. Inicjatywa sprowadzenia do stolicy Wielkopolski kopii obrazu zrodzi\u0142a si\u0119 w gronie Pokolenia Millenijnego, kt\u00f3re gromadzi osoby urodzone w 1966 roku lub wok\u00f3\u0142 tej daty. Jest to ruch spo\u0142eczny, kt\u00f3ry pragnie przekazywa\u0107 dziedzictwo chrztu Polski nast\u0119pnym pokoleniom.<\/p>\n<p>Obraz jest kopi\u0105 wizerunku z lwowskiej Katedry. Arcybiskup Mieczys\u0142aw Mokrzycki ze Lwowa, po\u015bwi\u0119ci\u0142 wizerunek dla wiernych miasta Poznania i okolic. Dnia 2 pa\u017adziernika 2016 roku umieszczono obraz w ko\u015bciele pw. \u015awi\u0119tej Ma\u0142gorzaty na pozna\u0144skiej \u015ar\u00f3dce. Przed wizerunkiem Matki Bo\u017cej \u0141askawej w Lwowskiej Katedrze kr\u00f3l Jan Kazimierz z\u0142o\u017cy\u0142 \u015bluby kr\u00f3lewskie oddaj\u0105c Jej swoje pa\u0144stwo i og\u0142aszaj\u0105c J\u0105 Kr\u00f3low\u0105 Korony Polskiej.<\/p>\n<p>&nbsp;&nbsp;&nbsp;&nbsp;&nbsp;&nbsp;&nbsp;&nbsp;&nbsp;&nbsp;&nbsp; Obraz Matki Bo\u017cej \u0141askawej jest w naszym mie\u015bcie jakby \u201e\u015bwi\u0119tym kawa\u0142kiem Ukrainy\u201d. Serdecznie zapraszamy do naszej Katedry, by przed wizerunkiem \u015alicznej Pani Lwowa modli\u0107 o pok\u00f3j w Ukrainie oraz za uchod\u017ac\u00f3w wojennych.<\/p>\n","protected":false},"excerpt":{"rendered":"<p>&nbsp;&nbsp;&nbsp;&nbsp;&nbsp;&nbsp;&nbsp;&nbsp;&nbsp;&nbsp;&nbsp; Od dnia, w kt\u00f3rym wspominamy \u015bwi\u0119tego Kazimierza Kr\u00f3lewicza, czyli od 4 marca 2022 roku, w Katedrze pozna\u0144skiej, wystawiony zostaje obraz Matki Bo\u017cej \u0141askawej \u015alicznej Pani Lwowa. Inicjatywa sprowadzenia do stolicy Wielkopolski kopii obrazu zrodzi\u0142a si\u0119 w gronie Pokolenia Millenijnego, kt\u00f3re gromadzi osoby urodzone w 1966 roku lub wok\u00f3\u0142 tej daty. Jest to ruch spo\u0142eczny, &#8230; <span class=\"more\"><a class=\"more-link\" href=\"https:\/\/www.chnk.pl\/?p=3422\">czytaj wi\u0119cej<\/a><\/span><\/p>\n","protected":false},"author":3,"featured_media":0,"comment_status":"open","ping_status":"open","sticky":false,"template":"","format":"standard","meta":{"ngg_post_thumbnail":0,"footnotes":""},"categories":[1],"tags":[],"_links":{"self":[{"href":"https:\/\/www.chnk.pl\/index.php?rest_route=\/wp\/v2\/posts\/3422"}],"collection":[{"href":"https:\/\/www.chnk.pl\/index.php?rest_route=\/wp\/v2\/posts"}],"about":[{"href":"https:\/\/www.chnk.pl\/index.php?rest_route=\/wp\/v2\/types\/post"}],"author":[{"embeddable":true,"href":"https:\/\/www.chnk.pl\/index.php?rest_route=\/wp\/v2\/users\/3"}],"replies":[{"embeddable":true,"href":"https:\/\/www.chnk.pl\/index.php?rest_route=%2Fwp%2Fv2%2Fcomments&post=3422"}],"version-history":[{"count":1,"href":"https:\/\/www.chnk.pl\/index.php?rest_route=\/wp\/v2\/posts\/3422\/revisions"}],"predecessor-version":[{"id":3423,"href":"https:\/\/www.chnk.pl\/index.php?rest_route=\/wp\/v2\/posts\/3422\/revisions\/3423"}],"wp:attachment":[{"href":"https:\/\/www.chnk.pl\/index.php?rest_route=%2Fwp%2Fv2%2Fmedia&parent=3422"}],"wp:term":[{"taxonomy":"category","embeddable":true,"href":"https:\/\/www.chnk.pl\/index.php?rest_route=%2Fwp%2Fv2%2Fcategories&post=3422"},{"taxonomy":"post_tag","embeddable":true,"href":"https:\/\/www.chnk.pl\/index.php?rest_route=%2Fwp%2Fv2%2Ftags&post=3422"}],"curies":[{"name":"wp","href":"https:\/\/api.w.org\/{rel}","templated":true}]}}