{"id":3420,"date":"2022-03-05T19:01:58","date_gmt":"2022-03-05T19:01:58","guid":{"rendered":"http:\/\/www.chnk.pl\/?p=3420"},"modified":"2022-03-05T19:01:58","modified_gmt":"2022-03-05T19:01:58","slug":"potrzebni-wolontariusze-caritas-do-pomocy-uchodzcom","status":"publish","type":"post","link":"https:\/\/www.chnk.pl\/?p=3420","title":{"rendered":"Potrzebni wolontariusze Caritas do pomocy uchod\u017acom"},"content":{"rendered":"<p>Caritas Archidiecezji Pozna\u0144skiej poszukuje wolontariuszy do pomocy w centralnym magazynie dar\u00f3w na rzecz uchod\u017ac\u00f3w wojennych z Ukrainy. Magazyn umiejscowiony jest w hali Mi\u0119dzynarodowych Targ\u00f3w Pozna\u0144skich. Sp\u0142ywaj\u0105 tam dary z naszych parafii oraz od innych podmiot\u00f3w z Poznania i okolic.<\/p>\n<p>Pro\u015bba skierowana jest szczeg\u00f3lnie do cz\u0142onk\u00f3w ruch\u00f3w i stowarzysze\u0144 katolickich oraz grup duszpasterskich dzia\u0142aj\u0105cych w naszych parafiach. Zainteresowane wsp\u00f3lnoty Caritas prosi o kontakt za pomoc\u0105 formularza: <a href=\"https:\/\/docs.google.com\/forms\/d\/e\/1FAIpQLScawVnyETI783CcnS2qK_bjf2vit0y1Z91R23b879SaBXimJw\/viewform?usp=sf_link\">https:\/\/docs.google.com\/forms\/d\/e\/1FAIpQLScawVnyETI783CcnS2qK_bjf2vit0y1Z91R23b879SaBXimJw\/viewform?usp=sf_link<\/a><\/p>\n<p>Szczeg\u00f3\u0142owych informacji udziela pani Karolina Dragan \u2013 Koordynator Wolontariatu Caritas (+48&nbsp;605&nbsp;333&nbsp;825).<\/p>\n<p>Bardzo dzi\u0119kuj\u0119 za pomoc uchod\u017acom wojennym, a tak\u017ce za modlitw\u0119 o pok\u00f3j! \u017bycz\u0119 wszystkim dobrego prze\u017cycia Wielkiego Postu!<\/p>\n","protected":false},"excerpt":{"rendered":"<p>Caritas Archidiecezji Pozna\u0144skiej poszukuje wolontariuszy do pomocy w centralnym magazynie dar\u00f3w na rzecz uchod\u017ac\u00f3w wojennych z Ukrainy. Magazyn umiejscowiony jest w hali Mi\u0119dzynarodowych Targ\u00f3w Pozna\u0144skich. Sp\u0142ywaj\u0105 tam dary z naszych parafii oraz od innych podmiot\u00f3w z Poznania i okolic. Pro\u015bba skierowana jest szczeg\u00f3lnie do cz\u0142onk\u00f3w ruch\u00f3w i stowarzysze\u0144 katolickich oraz grup duszpasterskich dzia\u0142aj\u0105cych w naszych &#8230; <span class=\"more\"><a class=\"more-link\" href=\"https:\/\/www.chnk.pl\/?p=3420\">czytaj wi\u0119cej<\/a><\/span><\/p>\n","protected":false},"author":3,"featured_media":0,"comment_status":"open","ping_status":"open","sticky":false,"template":"","format":"standard","meta":{"ngg_post_thumbnail":0,"footnotes":""},"categories":[1],"tags":[],"_links":{"self":[{"href":"https:\/\/www.chnk.pl\/index.php?rest_route=\/wp\/v2\/posts\/3420"}],"collection":[{"href":"https:\/\/www.chnk.pl\/index.php?rest_route=\/wp\/v2\/posts"}],"about":[{"href":"https:\/\/www.chnk.pl\/index.php?rest_route=\/wp\/v2\/types\/post"}],"author":[{"embeddable":true,"href":"https:\/\/www.chnk.pl\/index.php?rest_route=\/wp\/v2\/users\/3"}],"replies":[{"embeddable":true,"href":"https:\/\/www.chnk.pl\/index.php?rest_route=%2Fwp%2Fv2%2Fcomments&post=3420"}],"version-history":[{"count":1,"href":"https:\/\/www.chnk.pl\/index.php?rest_route=\/wp\/v2\/posts\/3420\/revisions"}],"predecessor-version":[{"id":3421,"href":"https:\/\/www.chnk.pl\/index.php?rest_route=\/wp\/v2\/posts\/3420\/revisions\/3421"}],"wp:attachment":[{"href":"https:\/\/www.chnk.pl\/index.php?rest_route=%2Fwp%2Fv2%2Fmedia&parent=3420"}],"wp:term":[{"taxonomy":"category","embeddable":true,"href":"https:\/\/www.chnk.pl\/index.php?rest_route=%2Fwp%2Fv2%2Fcategories&post=3420"},{"taxonomy":"post_tag","embeddable":true,"href":"https:\/\/www.chnk.pl\/index.php?rest_route=%2Fwp%2Fv2%2Ftags&post=3420"}],"curies":[{"name":"wp","href":"https:\/\/api.w.org\/{rel}","templated":true}]}}