{"id":3411,"date":"2022-02-26T16:09:56","date_gmt":"2022-02-26T16:09:56","guid":{"rendered":"http:\/\/www.chnk.pl\/?p=3411"},"modified":"2022-02-26T16:09:56","modified_gmt":"2022-02-26T16:09:56","slug":"8-niedziela-zwykla-2","status":"publish","type":"post","link":"https:\/\/www.chnk.pl\/?p=3411","title":{"rendered":"8 Niedziela Zwyk\u0142a"},"content":{"rendered":"<p><strong>&nbsp;<\/strong><\/p>\n<p><strong>&nbsp;<\/strong><\/p>\n<p><strong>OG\u0141OSZENIA DUSZPASTERSKIE<\/strong><\/p>\n<p><strong>NIEDZIELA VIII ZWYK\u0141A<\/strong><\/p>\n<p><strong>27 lutego 2022 r.<\/strong><\/p>\n<ol>\n<li>W pi\u0105tek czcimy \u015bw. Kazimierza Kr\u00f3lewicza, patrona Polski i Litwy.<\/li>\n<li>We wtorek ko\u0144czy si\u0119 czas hucznych wesel i zabaw. Od \u015brody rozpoczynamy Wielki Post. Rozpoczyna si\u0119 czas spowiedzi i Komunii \u015bw. wielkanocnej.<\/li>\n<li>Spotkanie wsp\u00f3lnoty r\u00f3\u017ca\u0144cowej w \u015brod\u0119, po mszy \u015bw. wieczornej.<\/li>\n<li><strong>4<\/strong>. W \u015arod\u0119 Popielcow\u0105 msza \u015bw. o godz. 7.00, 8.00, 16.30, 00. W \u015arod\u0119 Popielcow\u0105 obowi\u0105zuje post zwyk\u0142y i post \u015bcis\u0142y od kt\u00f3rych nie ma dyspensy. Do zachowania postu \u015bcis\u0142ego zobowi\u0105zane s\u0105 osoby, kt\u00f3re uko\u0144czy\u0142y osiemnasty rok \u017cycia a nie rozpocz\u0119\u0142y jeszcze sze\u015b\u0107dziesi\u0105tego. Post zwyk\u0142y obowi\u0105zuje od 14 roku \u017cycia do \u015bmierci. W \u015arod\u0119 Popielcow\u0105, przed ko\u015bcio\u0142em, mo\u017cliwo\u015b\u0107 z\u0142o\u017cenia ofiary na CARITAS, na pomoc\u0105 dla Ukrainy. Od \u015arody Popielcowej do niedzieli odprawia si\u0119 Kwartalne dni modlitw o ducha pokuty po\u0142\u0105czone z modlitw\u0105 o trze\u017awo\u015b\u0107. Modlitw\u0105, postem i trze\u017awo\u015bci\u0105 pragniemy wynagrodzi\u0107 sprawiedliwo\u015bci Bo\u017cej nasze grzechy. Zach\u0119camy do podj\u0119cia indywidualnego postu o chlebie i wodzie w jeden dzie\u0144 Wielkiego Postu. Szukamy czterdziestu parafian, kt\u00f3rzy podj\u0119liby t\u0119 praktyk\u0119 pokutn\u0105 w intencji ustania wojny na Ukrainie. Szczeg\u00f3\u0142y po mszy \u015bw. w kaplicy przy zakrystii.<\/li>\n<li><strong>5<\/strong>. W czwartek, 3 marca br. godz. 18<sup>30<\/sup> zostanie odprawiona w naszym mie\u015bcie tradycyjna Droga Krzy\u017cowa. Przejdzie zmienion\u0105 tras\u0105. Rozpocznie si\u0119 ona Msz\u0105 \u015bw. w pozna\u0144skiej katedrze o godz. 18<sup>00<\/sup> i przejdzie \u2013 z powodu prac remontowych w centrum miasta \u2013 pozna\u0144skim Ostrowem Tumskim. Zapraszamy do udzia\u0142u w tym wielkopostnym nabo\u017ce\u0144stwie, przez kt\u00f3re pragniemy odda\u0107 cze\u015b\u0107 cierpi\u0105cemu Zbawicielowi, przeb\u0142aga\u0107 za grzechy w\u0142asne, naszego miasta i&nbsp;Ojczyzny oraz uprosi\u0107 potrzebne \u0142aski dla wszystkich wsp\u00f3\u0142czesnych chrze\u015bcijan.<\/li>\n<li>W tym tygodniu : I czwartek, pi\u0105tek i sobota miesi\u0105ca. W czwartek Adoracje Naj\u015bwi\u0119tszego Sakramentu po mszy \u015bw. porannej do godz. 10.30 i od 17.00 do 21.00 w intencji pokoju ma \u015bwiecie. Miesi\u0119czna spowied\u017a i Komunia \u015bw. dla klas: 4, 5, 6, 7 i 8 w pi\u0105tek od godz. 15.00 do 18.00. Nabo\u017ce\u0144stwo do Niepokalanego Serca Matki Bo\u017cej w sobot\u0119 o godz. 7.15. Comiesi\u0119czne odwiedziny chorych z sakramentami \u015bw. w I pi\u0105tek i w sobot\u0119 12 marca. Spotkanie rodzin w sobot\u0119 o godz. 19.15 najpierw w ko\u015bciele, potem w salce.<\/li>\n<li>DROGA KRZY\u017bOWA w pi\u0105tki Wielkiego Postu: dla dzieci godz. 16.30, dla do\u00adros\u0142ych godz. 17.30, ulicami osiedla godz. 19.00 (w tym tygodniu od wej\u015bcia nr 66, przynosimy ze sob\u0105 \u015bwiece lub znicze). GORZKIE \u017bALE w niedziele Wielkiego Postu o godz. 15.30.<\/li>\n<li>Spotkanie dla m\u0142odzie\u017cy w pi\u0105tek o godz. 19.15 w salce parafialnej.<\/li>\n<li>B\u00f3g zap\u0142a\u0107 za ofiary sk\u0142adane na utrzymanie naszego ko\u015bcio\u0142a.<\/li>\n<li>Dzisiaj przed ko\u015bcio\u0142em mo\u017cna z\u0142o\u017cy\u0107 ofiar\u0119 na pomoc dla Ukrainy. Kwesta b\u0119dzie powt\u00f3rzona w \u015brod\u0119 popielcow\u0105. Ponad to CARITAS zbiera tak\u017ce pomoc materialn\u0105. W Popielec mo\u017cna przynie\u015b\u0107 do salki parafialnej (wej\u015bcie z dziedzi\u0144ca), przed ka\u017cd\u0105 msz\u0105 \u015bw., nieu\u017cywanie dary rzeczowe i \u017cywno\u015b\u0107 o przed\u0142u\u017conym terminie przechowywania. Spis tych dar\u00f3w wywieszony jest na tablicy og\u0142osze\u0144.<\/li>\n<li>Zach\u0119camy do si\u0119gania po pras\u0119 katolick\u0105. W najnowszym numerze \u201ePrzewodnika Katolickiego\u201d o ochronie nieletnich i skrzywdzonych w Ko\u015bciele. Jest Ma\u0142y Przewodnik Katolicki (dla dzieci), Go\u015b\u0107 Niedzielny, gazetka parafialna.<\/li>\n<\/ol>\n<p><strong><em>&nbsp;<\/em><\/strong><\/p>\n<p><strong><em>&nbsp;<\/em><\/strong><\/p>\n<p><strong><em>&nbsp;<\/em><\/strong><\/p>\n<p><strong><em>&nbsp;<\/em><\/strong><\/p>\n<p><strong><em>&nbsp;<\/em><\/strong><\/p>\n","protected":false},"excerpt":{"rendered":"<p>&nbsp; &nbsp; OG\u0141OSZENIA DUSZPASTERSKIE NIEDZIELA VIII ZWYK\u0141A 27 lutego 2022 r. W pi\u0105tek czcimy \u015bw. Kazimierza Kr\u00f3lewicza, patrona Polski i Litwy. We wtorek ko\u0144czy si\u0119 czas hucznych wesel i zabaw. Od \u015brody rozpoczynamy Wielki Post. Rozpoczyna si\u0119 czas spowiedzi i Komunii \u015bw. wielkanocnej. Spotkanie wsp\u00f3lnoty r\u00f3\u017ca\u0144cowej w \u015brod\u0119, po mszy \u015bw. wieczornej. 4. W \u015arod\u0119 &#8230; <span class=\"more\"><a class=\"more-link\" href=\"https:\/\/www.chnk.pl\/?p=3411\">czytaj wi\u0119cej<\/a><\/span><\/p>\n","protected":false},"author":3,"featured_media":0,"comment_status":"open","ping_status":"open","sticky":false,"template":"","format":"standard","meta":{"ngg_post_thumbnail":0,"footnotes":""},"categories":[1],"tags":[],"_links":{"self":[{"href":"https:\/\/www.chnk.pl\/index.php?rest_route=\/wp\/v2\/posts\/3411"}],"collection":[{"href":"https:\/\/www.chnk.pl\/index.php?rest_route=\/wp\/v2\/posts"}],"about":[{"href":"https:\/\/www.chnk.pl\/index.php?rest_route=\/wp\/v2\/types\/post"}],"author":[{"embeddable":true,"href":"https:\/\/www.chnk.pl\/index.php?rest_route=\/wp\/v2\/users\/3"}],"replies":[{"embeddable":true,"href":"https:\/\/www.chnk.pl\/index.php?rest_route=%2Fwp%2Fv2%2Fcomments&post=3411"}],"version-history":[{"count":1,"href":"https:\/\/www.chnk.pl\/index.php?rest_route=\/wp\/v2\/posts\/3411\/revisions"}],"predecessor-version":[{"id":3412,"href":"https:\/\/www.chnk.pl\/index.php?rest_route=\/wp\/v2\/posts\/3411\/revisions\/3412"}],"wp:attachment":[{"href":"https:\/\/www.chnk.pl\/index.php?rest_route=%2Fwp%2Fv2%2Fmedia&parent=3411"}],"wp:term":[{"taxonomy":"category","embeddable":true,"href":"https:\/\/www.chnk.pl\/index.php?rest_route=%2Fwp%2Fv2%2Fcategories&post=3411"},{"taxonomy":"post_tag","embeddable":true,"href":"https:\/\/www.chnk.pl\/index.php?rest_route=%2Fwp%2Fv2%2Ftags&post=3411"}],"curies":[{"name":"wp","href":"https:\/\/api.w.org\/{rel}","templated":true}]}}