{"id":3406,"date":"2022-02-20T16:30:30","date_gmt":"2022-02-20T16:30:30","guid":{"rendered":"http:\/\/www.chnk.pl\/?p=3406"},"modified":"2022-02-20T16:30:30","modified_gmt":"2022-02-20T16:30:30","slug":"7-niedziela-zwykla-3","status":"publish","type":"post","link":"https:\/\/www.chnk.pl\/?p=3406","title":{"rendered":"7 Niedziela Zwyk\u0142a"},"content":{"rendered":"<p>&nbsp;<\/p>\n<p><strong>OG\u0141OSZENIA PARAFIALNE<\/strong><\/p>\n<p>&nbsp;<\/p>\n<p><strong>NIEDZIELA<\/strong><strong> VII ZWYK\u0141A<\/strong><\/p>\n<p><strong>20 lutego 2022 r.<\/strong><\/p>\n<p>&nbsp;<\/p>\n<ol>\n<li>Kalendarz liturgiczny:<\/li>\n<\/ol>\n<p>poniedzia\u0142ek \u2013 \u015bw. Piotra Damianiego,<\/p>\n<p>wtorek \u2013 Katedry \u015bw. Piotra,<\/p>\n<p>\u015broda \u2013 \u015bw. Polikarpa<\/p>\n<p>&nbsp;<\/p>\n<ol start=\"2\">\n<li>We wtorek obchodzimy \u015awi\u0119to Katedry \u015bwi\u0119tego Piotra aposto\u0142a. Przypomina ono, \u017ce Stolica Piotrowa jest podstaw\u0105 jedno\u015bci Ko\u015bcio\u0142a. Ca\u0142y Ko\u015bci\u00f3\u0142 modli si\u0119 wtedy, aby \u201epo\u015br\u00f3d zam\u0119tu \u015bwiata nasza wiara pozosta\u0142a nienaruszona\u201d. Z okazji tego \u015bwi\u0119ta, we wtorek 22 lutego 2022 roku o&nbsp;godz.&nbsp;18.00 odb\u0119d\u0105 si\u0119 w&nbsp;Katedrze Pozna\u0144skiej uroczyste Nieszpory pod przewodnictwem Ksi\u0119dza Arcybiskupa Stanis\u0142awa G\u0105deckiego, Metropolity Pozna\u0144skiego. Homili\u0119 wyg\u0142osi Ksi\u0105dz prof. dr hab. Miros\u0142aw Kalinowski Rektor KUL. Do udzia\u0142u w Nieszporach serdecznie zapraszamy szczeg\u00f3lnie wszystkich Profesor\u00f3w i innych Pracownik\u00f3w Akademickich miasta Poznania.<\/li>\n<\/ol>\n<p><strong>&nbsp;<\/strong><\/p>\n<ol start=\"3\">\n<li>Zapraszamy na adoracj\u0119 Naj\u015bwi\u0119tszego Sakramentu z pro\u015bba o cud pokoju na Ukrainie i b\u0142ogos\u0142awie\u0144stwo dla Polski. Adoracja w czwartek po mszy \u015bw. porannej do godz. 10.30 i po wieczornej mszy \u015bw. do godz. 20.00.<\/li>\n<\/ol>\n<p><strong>&nbsp;<\/strong><\/p>\n<ol start=\"4\">\n<li>Zapraszamy na &#8222;Noc walki duchowej o b\u0142ogos\u0142awie\u0144stwo dla Polski&#8221; do Katedry Pozna\u0144skiej z soboty na niedziel\u0119 z 26 na 27 lutego o godzinie 21.00 do 3.00. Mszy \u015awi\u0119tej o p\u00f3\u0142nocy b\u0119dzie przewodniczy\u0142 Ksi\u0105dz Arcybiskup Metropolita. Wi\u0119cej informacji na tablicy og\u0142osze\u0144.<\/li>\n<\/ol>\n<p>&nbsp;<\/p>\n<ol start=\"5\">\n<li>Spotkanie duszpasterskie m\u0142odzie\u017cy w pi\u0105tek, o godz. 19.15 w salce. Grupa ma charakter otwarty, zatem mo\u017cna do\u0142\u0105czy\u0107 do niej podczas ka\u017cdego spotkania.<\/li>\n<\/ol>\n<p>&nbsp;<\/p>\n<ol start=\"6\">\n<li>W czwartek, 3 marca br. godz. 18<sup>30<\/sup> zostanie odprawiona w naszym mie\u015bcie tradycyjna Droga Krzy\u017cowa. Rozpocznie si\u0119 ona Msz\u0105 \u015bw. w pozna\u0144skiej katedrze o godz. 18<sup>00<\/sup> i przejdzie \u2013 z powodu prac remontowych w centrum miasta \u2013 pozna\u0144skim Ostrowem Tumskim, ul. Panny Marii, ul. Posadzego, ul. Dzieka\u0144sk\u0105 i mostem biskupa Jordana do ko\u015bcio\u0142a pw. \u015bw. Ma\u0142gorzaty na pozna\u0144skiej \u015ar\u00f3dce.<\/li>\n<\/ol>\n<p>&nbsp;<\/p>\n<ol start=\"7\">\n<li>Prosimy o podawanie intencji mszalnych, uprzednio zarezerwowanych, na marzec i kwiecie\u0144. Prosimy Parafian zamawiaj\u0105cych intencje mszalne, aby przed msz\u0105 \u015bw. sprawdzali na tablicy og\u0142osze\u0144 poprawno\u015b\u0107 zapisanej intencji i przed odprawieniem mszy \u015bw. zg\u0142aszali ewentualne nie\u015bcis\u0142o\u015bci.<\/li>\n<\/ol>\n<p>&nbsp;<\/p>\n<p>&nbsp;<\/p>\n<p>&nbsp;<\/p>\n<p>&nbsp;<\/p>\n<p>&nbsp;<\/p>\n<p>&nbsp;<\/p>\n<p>&nbsp;<\/p>\n<p>&nbsp;<\/p>\n<p>&nbsp;<\/p>\n<p>&nbsp;<\/p>\n<p>&nbsp;<\/p>\n<p>&nbsp;<\/p>\n<p>&nbsp;<\/p>\n<p>&nbsp;<\/p>\n<p>&nbsp;<\/p>\n<p>&nbsp;<\/p>\n<p>&nbsp;<\/p>\n<p>&nbsp;<\/p>\n<p>&nbsp;<\/p>\n<p>&nbsp;<\/p>\n<p>&nbsp;<\/p>\n<p>&nbsp;<\/p>\n<p>&nbsp;<\/p>\n<p>&nbsp;<\/p>\n<p>&nbsp;<\/p>\n<p>&nbsp;<\/p>\n","protected":false},"excerpt":{"rendered":"<p>&nbsp; OG\u0141OSZENIA PARAFIALNE &nbsp; NIEDZIELA VII ZWYK\u0141A 20 lutego 2022 r. &nbsp; Kalendarz liturgiczny: poniedzia\u0142ek \u2013 \u015bw. Piotra Damianiego, wtorek \u2013 Katedry \u015bw. Piotra, \u015broda \u2013 \u015bw. Polikarpa &nbsp; We wtorek obchodzimy \u015awi\u0119to Katedry \u015bwi\u0119tego Piotra aposto\u0142a. Przypomina ono, \u017ce Stolica Piotrowa jest podstaw\u0105 jedno\u015bci Ko\u015bcio\u0142a. Ca\u0142y Ko\u015bci\u00f3\u0142 modli si\u0119 wtedy, aby \u201epo\u015br\u00f3d zam\u0119tu \u015bwiata &#8230; <span class=\"more\"><a class=\"more-link\" href=\"https:\/\/www.chnk.pl\/?p=3406\">czytaj wi\u0119cej<\/a><\/span><\/p>\n","protected":false},"author":3,"featured_media":0,"comment_status":"open","ping_status":"open","sticky":false,"template":"","format":"standard","meta":{"ngg_post_thumbnail":0,"footnotes":""},"categories":[1],"tags":[],"_links":{"self":[{"href":"https:\/\/www.chnk.pl\/index.php?rest_route=\/wp\/v2\/posts\/3406"}],"collection":[{"href":"https:\/\/www.chnk.pl\/index.php?rest_route=\/wp\/v2\/posts"}],"about":[{"href":"https:\/\/www.chnk.pl\/index.php?rest_route=\/wp\/v2\/types\/post"}],"author":[{"embeddable":true,"href":"https:\/\/www.chnk.pl\/index.php?rest_route=\/wp\/v2\/users\/3"}],"replies":[{"embeddable":true,"href":"https:\/\/www.chnk.pl\/index.php?rest_route=%2Fwp%2Fv2%2Fcomments&post=3406"}],"version-history":[{"count":1,"href":"https:\/\/www.chnk.pl\/index.php?rest_route=\/wp\/v2\/posts\/3406\/revisions"}],"predecessor-version":[{"id":3407,"href":"https:\/\/www.chnk.pl\/index.php?rest_route=\/wp\/v2\/posts\/3406\/revisions\/3407"}],"wp:attachment":[{"href":"https:\/\/www.chnk.pl\/index.php?rest_route=%2Fwp%2Fv2%2Fmedia&parent=3406"}],"wp:term":[{"taxonomy":"category","embeddable":true,"href":"https:\/\/www.chnk.pl\/index.php?rest_route=%2Fwp%2Fv2%2Fcategories&post=3406"},{"taxonomy":"post_tag","embeddable":true,"href":"https:\/\/www.chnk.pl\/index.php?rest_route=%2Fwp%2Fv2%2Ftags&post=3406"}],"curies":[{"name":"wp","href":"https:\/\/api.w.org\/{rel}","templated":true}]}}