{"id":3400,"date":"2022-02-12T17:31:05","date_gmt":"2022-02-12T17:31:05","guid":{"rendered":"http:\/\/www.chnk.pl\/?p=3400"},"modified":"2022-02-12T17:31:05","modified_gmt":"2022-02-12T17:31:05","slug":"6-niedziela-zwykla-4","status":"publish","type":"post","link":"https:\/\/www.chnk.pl\/?p=3400","title":{"rendered":"6 Niedziela Zwyk\u0142a"},"content":{"rendered":"<p>&nbsp;<\/p>\n<p><strong>&nbsp;<\/strong><\/p>\n<p><strong>OG\u0141OSZENIA DUSZPASTERSKIE<\/strong><\/p>\n<p><strong>NIEDZIELA&nbsp; VI ZWYK\u0141A<\/strong><\/p>\n<p><strong>&nbsp;<\/strong><strong>13 lutego 2022 r.<\/strong><\/p>\n<p><strong>1.Kalendarz liturgiczny:<\/strong><\/p>\n<p><strong>&nbsp;poniedzia\u0142ek \u2013 \u015bw. Cyryla i Metodego,<\/strong><\/p>\n<p><strong>czwartek \u2013 \u015bw. Siedmiu Za\u0142o\u017cycieli Zakonu Serwit\u00f3w.<\/strong><\/p>\n<p><strong>&nbsp;3.<\/strong><strong>Zapraszamy do wzi\u0119cia udzia\u0142u w Synodzie Ko\u015bcio\u0142a katolickiego pod has\u0142em: \u201eKu Ko\u015bcio\u0142owi synodalnemu\u201d. Ko\u015bci\u00f3\u0142 chce podj\u0105\u0107 refleksj\u0119 nad samym sob\u0105. Zadaniem Synodu jest:<\/strong><\/p>\n<p><strong>-s\u0142uchanie siebie nawzajem, aby lepiej us\u0142ysze\u0107 g\u0142os Ducha \u015awi\u0119tego;<\/strong><\/p>\n<p><strong>-wi\u0119ksze zaanga\u017cowanie os\u00f3b \u015bwieckich we wsp\u00f3\u0142odpowiedzialno\u015bci za Ko\u015bci\u00f3\u0142;<\/strong><\/p>\n<p><strong>-pog\u0142\u0119biona wsp\u00f3\u0142praca \u015bwieckich i duchownych w realizacji misji Ko\u015bcio\u0142a.<\/strong><\/p>\n<p><strong>W ka\u017cdej parafii powstaj\u0105 zespo\u0142y synodalne \u2013 grupy maksymalnie 10 osobowe, podejmuj\u0105ce jeden z temat\u00f3w Synodu. Spotkania nie maj\u0105 charakteru dyskusji, ale wzajemnego s\u0142uchania siebie w klimacie otwarto\u015bci i zaufania. Ka\u017cdy ma sw\u00f3j czas na wypowied\u017a; nie komentujemy wypowiedzi innych. W naszej parafii planujemy nast\u0119puj\u0105ce tematy i daty spotka\u0144:<\/strong><\/p>\n<p><strong>Id\u0105c razem 9 marca 19:00;<\/strong><\/p>\n<p><strong>S\u0142uchanie 9 marca 19:00;<\/strong><\/p>\n<p><strong>Zabieranie g\u0142osu 12 marca 16:00;<\/strong><\/p>\n<p><strong>Celebrowanie 12 marca 16:00;<\/strong><\/p>\n<p><strong>Wsp\u00f3\u0142odpowiedzialni w misji Ko\u015bcio\u0142a 15 marca 19:00;<\/strong><\/p>\n<p><strong>Dialog w Ko\u015bciele i spo\u0142ecze\u0144stwie 16 marca 19:00.<\/strong><\/p>\n<p><strong>Zapisy po ka\u017cdej Mszy \u015bw. w kaplicy; dzwoni\u0105c lub pisz\u0105c na podany nr telefonu i e-mail (504 743 628; <\/strong><a href=\"mailto:synod.chnk@interia.pl)\"><strong>synod.chnk@interia.pl)<\/strong><\/a><strong> lub wrzucaj\u0105c wype\u0142nion\u0105 ulotk\u0119 do skrzynki w kaplicy (ulotki do wzi\u0119cia spod ch\u00f3ru i w kaplicy). Koordynatork\u0105 Synodu w naszej Parafii jest p. Ma\u0142gorzata Ochowiak. Wi\u0119cej na tablicy og\u0142osze\u0144 i stronie <\/strong><a href=\"http:\/\/www.synodpoznan.pl\/\"><strong>www.synodpoznan.pl<\/strong><\/a><\/p>\n<p><strong>&nbsp;3.<\/strong><strong>Spotkanie duszpasterskie m\u0142odzie\u017cy w pi\u0105tek, o godz. 19.15 w salce. Grupa ma charakter otwarty, zatem mo\u017cna do\u0142\u0105czy\u0107 do niej podczas ka\u017cdego spotkania.<\/strong><\/p>\n<p><strong>4.<\/strong><strong>\u015awi\u0119to Katedry \u015bwi\u0119tego Piotra przypomina, \u017ce Stolica Piotrowa jest podstaw\u0105 jedno\u015bci Ko\u015bcio\u0142a. Ca\u0142y Ko\u015bci\u00f3\u0142 modli si\u0119 wtedy, aby \u201epo\u015br\u00f3d zam\u0119tu \u015bwiata nasza wiara pozosta\u0142a nienaruszona\u201d. Z okazji tego \u015bwi\u0119ta, we wtorek 22 lutego 2022 roku o&nbsp;godz.&nbsp;18.00 odb\u0119d\u0105 si\u0119 w&nbsp;Katedrze Pozna\u0144skiej uroczyste Nieszpory pod przewodnictwem Ksi\u0119dza Arcybiskupa Stanis\u0142awa G\u0105deckiego, Metropolity Pozna\u0144skiego. Homili\u0119 wyg\u0142osi Ksi\u0105dz prof. dr hab. Miros\u0142aw Kalinowski Rektor KUL. Do udzia\u0142u w Nieszporach serdecznie zapraszamy szczeg\u00f3lnie wszystkich Profesor\u00f3w i innych Pracownik\u00f3w Akademickich miasta Poznania.<\/strong><\/p>\n<p><strong>5.<\/strong><strong>Zach\u0119camy do czytania prasy religijnej. Przy zakrystii <em>Przewodnik Katolicki<\/em>, <em>Go\u015b\u0107 Niedzielny, Ziarno, Ma\u0142y Przewodnik Katolicki <\/em>i gazetka parafialna.<\/strong><\/p>\n<p><strong>&nbsp;<\/strong><\/p>\n<p>&nbsp;<\/p>\n<p>&nbsp;<\/p>\n<p><strong>&nbsp;<\/strong><\/p>\n<p><strong>&nbsp;<\/strong><\/p>\n<p><strong>&nbsp;<\/strong><\/p>\n<p>&nbsp;<\/p>\n","protected":false},"excerpt":{"rendered":"<p>&nbsp; &nbsp; OG\u0141OSZENIA DUSZPASTERSKIE NIEDZIELA&nbsp; VI ZWYK\u0141A &nbsp;13 lutego 2022 r. 1.Kalendarz liturgiczny: &nbsp;poniedzia\u0142ek \u2013 \u015bw. Cyryla i Metodego, czwartek \u2013 \u015bw. Siedmiu Za\u0142o\u017cycieli Zakonu Serwit\u00f3w. &nbsp;3.Zapraszamy do wzi\u0119cia udzia\u0142u w Synodzie Ko\u015bcio\u0142a katolickiego pod has\u0142em: \u201eKu Ko\u015bcio\u0142owi synodalnemu\u201d. Ko\u015bci\u00f3\u0142 chce podj\u0105\u0107 refleksj\u0119 nad samym sob\u0105. Zadaniem Synodu jest: -s\u0142uchanie siebie nawzajem, aby lepiej us\u0142ysze\u0107 &#8230; <span class=\"more\"><a class=\"more-link\" href=\"https:\/\/www.chnk.pl\/?p=3400\">czytaj wi\u0119cej<\/a><\/span><\/p>\n","protected":false},"author":3,"featured_media":0,"comment_status":"open","ping_status":"open","sticky":false,"template":"","format":"standard","meta":{"ngg_post_thumbnail":0,"footnotes":""},"categories":[1],"tags":[],"_links":{"self":[{"href":"https:\/\/www.chnk.pl\/index.php?rest_route=\/wp\/v2\/posts\/3400"}],"collection":[{"href":"https:\/\/www.chnk.pl\/index.php?rest_route=\/wp\/v2\/posts"}],"about":[{"href":"https:\/\/www.chnk.pl\/index.php?rest_route=\/wp\/v2\/types\/post"}],"author":[{"embeddable":true,"href":"https:\/\/www.chnk.pl\/index.php?rest_route=\/wp\/v2\/users\/3"}],"replies":[{"embeddable":true,"href":"https:\/\/www.chnk.pl\/index.php?rest_route=%2Fwp%2Fv2%2Fcomments&post=3400"}],"version-history":[{"count":1,"href":"https:\/\/www.chnk.pl\/index.php?rest_route=\/wp\/v2\/posts\/3400\/revisions"}],"predecessor-version":[{"id":3401,"href":"https:\/\/www.chnk.pl\/index.php?rest_route=\/wp\/v2\/posts\/3400\/revisions\/3401"}],"wp:attachment":[{"href":"https:\/\/www.chnk.pl\/index.php?rest_route=%2Fwp%2Fv2%2Fmedia&parent=3400"}],"wp:term":[{"taxonomy":"category","embeddable":true,"href":"https:\/\/www.chnk.pl\/index.php?rest_route=%2Fwp%2Fv2%2Fcategories&post=3400"},{"taxonomy":"post_tag","embeddable":true,"href":"https:\/\/www.chnk.pl\/index.php?rest_route=%2Fwp%2Fv2%2Ftags&post=3400"}],"curies":[{"name":"wp","href":"https:\/\/api.w.org\/{rel}","templated":true}]}}