{"id":3396,"date":"2022-02-05T16:22:31","date_gmt":"2022-02-05T16:22:31","guid":{"rendered":"http:\/\/www.chnk.pl\/?p=3396"},"modified":"2022-02-05T16:22:31","modified_gmt":"2022-02-05T16:22:31","slug":"5-niedziela-zwykla-6","status":"publish","type":"post","link":"https:\/\/www.chnk.pl\/?p=3396","title":{"rendered":"5 Niedziela Zwyk\u0142a"},"content":{"rendered":"<p><strong>&nbsp;<\/strong><\/p>\n<p><strong>&nbsp;<\/strong><\/p>\n<p><strong>&nbsp;<\/strong><\/p>\n<p><strong>OG\u0141OSZENIA DUSZPASTERSKIE<\/strong><\/p>\n<p><strong>NIEDZIELA V ZWYK\u0141A<\/strong><\/p>\n<p><strong>6 lutego 2022 r.<\/strong><\/p>\n<ol>\n<li><strong> Kalendarz liturgiczny:<\/strong><\/li>\n<\/ol>\n<p><strong>wtorek \u2013 \u015bw. J\u00f3zefiny Bakhity i \u015bw. Hieronima Emilianiego<\/strong><\/p>\n<p><strong>czwartek &#8211; \u015bw. Scholastyki<\/strong><\/p>\n<p><strong>pi\u0105tek \u2013 Wspomnienie Matki Bo\u017cej z Lourdes,<\/strong><\/p>\n<p><strong>&nbsp;<\/strong><\/p>\n<ol start=\"2\">\n<li><strong> Licznej w tym roku grupie parafian, Paniom i Panom, podzi\u0119kowanie za pomoc w rozbieraniu choinek i uporz\u0105dkowaniu ko\u015bcio\u0142a.<\/strong><\/li>\n<\/ol>\n<p><strong>&nbsp;<\/strong><\/p>\n<ol start=\"3\">\n<li><strong> W pi\u0105tek, wspomnienie liturgiczne Matki Bo\u017cej z Lourdes \u2013 \u015awiatowy Dzie\u0144 Chorego. Z okazji \u015awiatowego Dnia Chorego w dniu 13 lutego, w niedziel\u0119 o godz. 13:30 w Ko\u015bciele Pw. Matki Boskiej Bolesnej na ul. G\u0142ogowskiej 97 w Poznaniu, Ks. Biskup Grzegorz Balcerek odprawi&nbsp; Msz\u0119&nbsp; \u015awi\u0119t\u0105, w intencji&nbsp;&nbsp; lekarzy, &nbsp;piel\u0119gniarek&nbsp; i chorych. Zapraszamy do wsp\u00f3lnej modlitwy w ko\u015bciele chorych i tych , kt\u00f3rzy si\u0119 nimi opiekuj\u0105 Ze wzgl\u0119du na obostrzenia dotycz\u0105ce pandemii, Obchody \u015awiatowego Dnia Chorego w naszej Archidiecezji ogranicza si\u0119 wy\u0142\u0105cznie do uroczystej Eucharystii.<\/strong><\/li>\n<\/ol>\n<p><strong>&nbsp;<\/strong><\/p>\n<ol start=\"4\">\n<li><strong> W naszej parafii msza \u015bw. w intencji chorych z udzielaniem Sakramentu Chorych zostanie odprawiona w czasie rekolekcji. Ze wzgl\u0119du na obostrzenia dotycz\u0105ce pandemii, rekolekcje o charakterze maryjnym b\u0119d\u0105 w maju, przed rocznic\u0105 nawiedzenia Matki Bo\u017cej w Jej Jasnog\u00f3rskim Wizerunku.<\/strong><\/li>\n<\/ol>\n<p><strong>&nbsp;<\/strong><\/p>\n<ol start=\"5\">\n<li><strong> Fundacja TOTA TUA proponuje<\/strong><strong> DOMOWE REKOLEKCJE DLA CHORYCH &#8211; ks. Aleksandra Wo\u017anego. Ten czas rekolekcyjny, prze\u017cyty z Maryj\u0105, b\u0119dzie umocnieniem w cierpieniu. Pomoc\u0105 w prze\u017cyciu takich rekolekcji jest specjalnie przygotowana ksi\u0105\u017ceczka. Osoby zainteresowane otrzymaniem tej ksi\u0105\u017ceczki dla siebie lub bliskich, prosimy o wpisanie si\u0119 na list\u0119 przy stoliku z pras\u0105, w celu ustalenia wielko\u015bci zam\u00f3wienia. Publikacja gratis.<\/strong><\/li>\n<\/ol>\n<p><strong>&nbsp;<\/strong><\/p>\n<ol start=\"6\">\n<li><strong> Spotkanie duszpasterskie m\u0142odzie\u017cy w pi\u0105tek, o godz. 19.15 w salce. Grupa ma charakter otwarty, zatem mo\u017cna do\u0142\u0105czy\u0107 do niej podczas ka\u017cdego spotkania.<\/strong><\/li>\n<\/ol>\n<p><strong>&nbsp;<\/strong><\/p>\n<ol start=\"7\">\n<li><strong> B\u00f3g zap\u0142a\u0107 za ofiary na utrzymanie naszej Parafii.<\/strong><\/li>\n<\/ol>\n<p><strong>&nbsp;<\/strong><\/p>\n<ol start=\"8\">\n<li><strong> Zach\u0119camy do si\u0119gania po pras\u0119 katolick\u0105. Przy zakrystii: <em>Przewodnik Katolicki,<\/em><\/strong><strong> <em>Ma\u0142y Przewodnik Katolicki<\/em> (dla dzieci), <em>Go\u015b\u0107 Niedzielny<\/em>, miesi\u0119cznik <em>Tota Tua<\/em> (dla czcicieli Matki Bo\u017cej,) <em>Mi\u0142ujcie si\u0119<\/em>, <em>Ziarno<\/em>, gazetka parafialna<em>.<\/em><\/strong><\/li>\n<\/ol>\n<p><strong>&nbsp;<\/strong><\/p>\n<p><strong>&nbsp;<\/strong><\/p>\n<p><strong><em>&nbsp;<\/em><\/strong><\/p>\n<p><strong><em>&nbsp;<\/em><\/strong><\/p>\n<p><strong><em>&nbsp;<\/em><\/strong><\/p>\n<p><strong><em>&nbsp;<\/em><\/strong><\/p>\n<p><strong><em>&nbsp;<\/em><\/strong><\/p>\n<p><strong>&nbsp;<\/strong><\/p>\n<p><strong>&nbsp;<\/strong><\/p>\n<p>&nbsp;<\/p>\n<p><u>&nbsp;<\/u><\/p>\n<p><u>&nbsp;<\/u><\/p>\n<p>&nbsp;<\/p>\n","protected":false},"excerpt":{"rendered":"<p>&nbsp; &nbsp; &nbsp; OG\u0141OSZENIA DUSZPASTERSKIE NIEDZIELA V ZWYK\u0141A 6 lutego 2022 r. Kalendarz liturgiczny: wtorek \u2013 \u015bw. J\u00f3zefiny Bakhity i \u015bw. Hieronima Emilianiego czwartek &#8211; \u015bw. Scholastyki pi\u0105tek \u2013 Wspomnienie Matki Bo\u017cej z Lourdes, &nbsp; Licznej w tym roku grupie parafian, Paniom i Panom, podzi\u0119kowanie za pomoc w rozbieraniu choinek i uporz\u0105dkowaniu ko\u015bcio\u0142a. &nbsp; W &#8230; <span class=\"more\"><a class=\"more-link\" href=\"https:\/\/www.chnk.pl\/?p=3396\">czytaj wi\u0119cej<\/a><\/span><\/p>\n","protected":false},"author":3,"featured_media":0,"comment_status":"open","ping_status":"open","sticky":false,"template":"","format":"standard","meta":{"ngg_post_thumbnail":0,"footnotes":""},"categories":[1],"tags":[],"_links":{"self":[{"href":"https:\/\/www.chnk.pl\/index.php?rest_route=\/wp\/v2\/posts\/3396"}],"collection":[{"href":"https:\/\/www.chnk.pl\/index.php?rest_route=\/wp\/v2\/posts"}],"about":[{"href":"https:\/\/www.chnk.pl\/index.php?rest_route=\/wp\/v2\/types\/post"}],"author":[{"embeddable":true,"href":"https:\/\/www.chnk.pl\/index.php?rest_route=\/wp\/v2\/users\/3"}],"replies":[{"embeddable":true,"href":"https:\/\/www.chnk.pl\/index.php?rest_route=%2Fwp%2Fv2%2Fcomments&post=3396"}],"version-history":[{"count":1,"href":"https:\/\/www.chnk.pl\/index.php?rest_route=\/wp\/v2\/posts\/3396\/revisions"}],"predecessor-version":[{"id":3397,"href":"https:\/\/www.chnk.pl\/index.php?rest_route=\/wp\/v2\/posts\/3396\/revisions\/3397"}],"wp:attachment":[{"href":"https:\/\/www.chnk.pl\/index.php?rest_route=%2Fwp%2Fv2%2Fmedia&parent=3396"}],"wp:term":[{"taxonomy":"category","embeddable":true,"href":"https:\/\/www.chnk.pl\/index.php?rest_route=%2Fwp%2Fv2%2Fcategories&post=3396"},{"taxonomy":"post_tag","embeddable":true,"href":"https:\/\/www.chnk.pl\/index.php?rest_route=%2Fwp%2Fv2%2Ftags&post=3396"}],"curies":[{"name":"wp","href":"https:\/\/api.w.org\/{rel}","templated":true}]}}