{"id":3388,"date":"2022-01-22T22:19:44","date_gmt":"2022-01-22T22:19:44","guid":{"rendered":"http:\/\/www.chnk.pl\/?p=3388"},"modified":"2022-01-22T22:19:44","modified_gmt":"2022-01-22T22:19:44","slug":"3-niedziela-zwykla-5","status":"publish","type":"post","link":"https:\/\/www.chnk.pl\/?p=3388","title":{"rendered":"3 Niedziela Zwyk\u0142a"},"content":{"rendered":"<p><strong>&nbsp;<\/strong><\/p>\n<p><strong>OG\u0141OSZENIA DUSZPASTERSKIE<\/strong><\/p>\n<p><strong>NIEDZIELA<\/strong><strong> III ZWYK\u0141A<\/strong><\/p>\n<p><strong>23 stycznia 2022 r.<\/strong><\/p>\n<p>&nbsp;<\/p>\n<ol>\n<li>Kalendarz liturgiczny: poniedzia\u0142ek \u2013 \u015bw. Franciszka Salezego, wtorek &#8211; Nawr\u00f3cenie \u015bw. Paw\u0142a, \u015broda \u2013 \u015bw.\u015bw. Tymoteusza i Tytusa, czwartek \u2013 b\u0142. Anieli Merici, pi\u0105tek \u2013 \u015bw. Tomasza z Akwinu.<\/li>\n<\/ol>\n<p>&nbsp;<\/p>\n<ol start=\"2\">\n<li>Zapraszamy na msz\u0119 \u015bw. kol\u0119dow\u0105 w intencji Parafian:<\/li>\n<\/ol>\n<p>Poniedzia\u0142ek, 24 stycznia, godz. 18.00, wej\u015bcie 67 do 82<\/p>\n<p>Wtorek, 25 stycznia, godz. 18.00, wej\u015bcia 83 do 98<\/p>\n<p>\u015aroda, 26 stycznia, godz. 18.00, wej\u015bcia 99 i 119<\/p>\n<p>Czwartek, 27 stycznia, godz. 18.00, wej\u015bcia 122 i 123<\/p>\n<p>Pi\u0105tek, 28 stycznia, godz. 18.00, wej\u015bcia 124 do 126<\/p>\n<p>Poniedzia\u0142ek, 31 stycznia, godz. 18.00, wej\u015bcie 127 do 129<\/p>\n<p>Prosimy, zabra\u0107&nbsp; do ko\u015bcio\u0142a niewielkie naczynie z wod\u0105, kt\u00f3r\u0105 po\u015bwi\u0119cimy podczas Eucharystii. Zach\u0119camy, \u017ceby po powrocie do domu, przy stole przygotowanym jak na kol\u0119d\u0119 (bia\u0142y obrus, krzy\u017c, \u015bwiece, kropid\u0142o), odm\u00f3wi\u0107 modlitw\u0119 i pokropi\u0107 dom wod\u0105 \u015bwi\u0119con\u0105. Mo\u017ce zasi\u0105\u015b\u0107 do wsp\u00f3lnego posi\u0142ku i poby\u0107 razem. Je\u015bli stan zdrowia na to pozwala i b\u0119dzie to bezpieczne, mo\u017cna zaprosi\u0107 na tak\u0105 kolacj\u0119 samotnie mieszkaj\u0105cych s\u0105siad\u00f3w.&nbsp;&nbsp;&nbsp;&nbsp;&nbsp;&nbsp;&nbsp;&nbsp;&nbsp;&nbsp;&nbsp;&nbsp;&nbsp;&nbsp;&nbsp;&nbsp;&nbsp;&nbsp;&nbsp; W dni kol\u0119dowe okazja do spowiedzi \u015bw. o godz.17.00, w sobot\u0119 od godz. 16.00.<\/p>\n<p><strong>&nbsp;<\/strong><\/p>\n<ol start=\"3\">\n<li>Spotkanie duszpasterskie m\u0142odzie\u017cy w pi\u0105tek o godz. 19.15.<\/li>\n<\/ol>\n<p>&nbsp;<\/p>\n<ol start=\"4\">\n<li>Spotkanie duszpasterskie dzieci pierwszokomunijnych przed po\u015bwi\u0119ceniem \u015bwiecy w \u015bwi\u0119to Matki Bo\u017cej Gromnicznej odb\u0119dzie si\u0119 w sobot\u0119 29 stycznia. Klasy 3 a, b o godz. 10.30, klasy c, d i inne szko\u0142y o godz. 11.30 w salce parafialnej.<\/li>\n<\/ol>\n<p>&nbsp;<\/p>\n<ol start=\"5\">\n<li>B\u00f3g zap\u0142a\u0107 za ofiary na utrzymanie naszego ko\u015bcio\u0142a<\/li>\n<\/ol>\n<p><strong>&nbsp;<\/strong><\/p>\n<ol start=\"6\">\n<li>We wtorek \u015bwi\u0119to Nawr\u00f3cenia \u015bw. Paw\u0142a. Uroczysto\u015b\u0107 odpustowa w Parafii Nawr\u00f3cenia \u015bw. Paw\u0142a na os. Piastowskim. Suma o godz. 10.00.<\/li>\n<\/ol>\n<p>&nbsp;<\/p>\n<ol start=\"7\">\n<li>Dzisiaj przed ko\u015bcio\u0142em mo\u017cliwo\u015b\u0107 z\u0142o\u017cenia ofiary na Katolickie Radio EMAUS.<\/li>\n<\/ol>\n<p><strong>&nbsp;<\/strong><\/p>\n<ol start=\"8\">\n<li>Zach\u0119camy do czytania prasy religijnej: Przewodnik Katolicki, Ma\u0142y Przewodnik Katolicki, Ziarno, Go\u015b\u0107 Niedzielny, gazetka parafialna. Zapraszamy dzieci do wype\u0142niania zada\u0144 z Ziarna.<\/li>\n<\/ol>\n<p><strong>&nbsp;<\/strong><\/p>\n<ol start=\"9\">\n<li>M\u00f3dlmy si\u0119 za zmar\u0142ych Parafian. Za dusz\u0119 sp. Wojciecha Sosi\u0144skiego, os. Lecha 122 (msza \u015bw. pogrzebowa w \u015brod\u0119 o godz. 9.00.) Wieczny odpoczynek racz zmar\u0142ym da\u0107 Panie.<\/li>\n<\/ol>\n<p><strong><\/p>\n<p><\/strong><\/p>\n<p>&nbsp;<\/p>\n","protected":false},"excerpt":{"rendered":"<p>&nbsp; OG\u0141OSZENIA DUSZPASTERSKIE NIEDZIELA III ZWYK\u0141A 23 stycznia 2022 r. &nbsp; Kalendarz liturgiczny: poniedzia\u0142ek \u2013 \u015bw. Franciszka Salezego, wtorek &#8211; Nawr\u00f3cenie \u015bw. Paw\u0142a, \u015broda \u2013 \u015bw.\u015bw. Tymoteusza i Tytusa, czwartek \u2013 b\u0142. Anieli Merici, pi\u0105tek \u2013 \u015bw. Tomasza z Akwinu. &nbsp; Zapraszamy na msz\u0119 \u015bw. kol\u0119dow\u0105 w intencji Parafian: Poniedzia\u0142ek, 24 stycznia, godz. 18.00, wej\u015bcie &#8230; <span class=\"more\"><a class=\"more-link\" href=\"https:\/\/www.chnk.pl\/?p=3388\">czytaj wi\u0119cej<\/a><\/span><\/p>\n","protected":false},"author":3,"featured_media":0,"comment_status":"open","ping_status":"open","sticky":false,"template":"","format":"standard","meta":{"ngg_post_thumbnail":0,"footnotes":""},"categories":[1],"tags":[],"_links":{"self":[{"href":"https:\/\/www.chnk.pl\/index.php?rest_route=\/wp\/v2\/posts\/3388"}],"collection":[{"href":"https:\/\/www.chnk.pl\/index.php?rest_route=\/wp\/v2\/posts"}],"about":[{"href":"https:\/\/www.chnk.pl\/index.php?rest_route=\/wp\/v2\/types\/post"}],"author":[{"embeddable":true,"href":"https:\/\/www.chnk.pl\/index.php?rest_route=\/wp\/v2\/users\/3"}],"replies":[{"embeddable":true,"href":"https:\/\/www.chnk.pl\/index.php?rest_route=%2Fwp%2Fv2%2Fcomments&post=3388"}],"version-history":[{"count":1,"href":"https:\/\/www.chnk.pl\/index.php?rest_route=\/wp\/v2\/posts\/3388\/revisions"}],"predecessor-version":[{"id":3389,"href":"https:\/\/www.chnk.pl\/index.php?rest_route=\/wp\/v2\/posts\/3388\/revisions\/3389"}],"wp:attachment":[{"href":"https:\/\/www.chnk.pl\/index.php?rest_route=%2Fwp%2Fv2%2Fmedia&parent=3388"}],"wp:term":[{"taxonomy":"category","embeddable":true,"href":"https:\/\/www.chnk.pl\/index.php?rest_route=%2Fwp%2Fv2%2Fcategories&post=3388"},{"taxonomy":"post_tag","embeddable":true,"href":"https:\/\/www.chnk.pl\/index.php?rest_route=%2Fwp%2Fv2%2Ftags&post=3388"}],"curies":[{"name":"wp","href":"https:\/\/api.w.org\/{rel}","templated":true}]}}