{"id":3384,"date":"2022-01-15T18:21:46","date_gmt":"2022-01-15T18:21:46","guid":{"rendered":"http:\/\/www.chnk.pl\/?p=3384"},"modified":"2022-01-15T18:21:46","modified_gmt":"2022-01-15T18:21:46","slug":"2-niedziela-zwykla-6","status":"publish","type":"post","link":"https:\/\/www.chnk.pl\/?p=3384","title":{"rendered":"2 Niedziela Zwyk\u0142a"},"content":{"rendered":"<p>&nbsp;<\/p>\n<p>&nbsp;<\/p>\n<p><strong>OG\u0141OSZENIA DUSZPASTERSKIE<\/strong><\/p>\n<p><strong>NIEDZIELA<\/strong><strong> II ZWYK\u0141A<\/strong><\/p>\n<p><strong>16 stycznia 2022 r.<\/strong><\/p>\n<ol>\n<li><strong> Kalendarz liturgiczny: poniedzia\u0142ek \u2013 \u015bw. Antoniego, opata, \u015broda \u2013 \u015bw. J\u00f3zefa Sebastiana Pelczara, czwartek &#8211; \u015bw.\u015bw. Fabiana i Sebastiana, pi\u0105tek \u2013 \u015bw. Agnieszki, sobota \u2013 \u015bw. Wincentego Pallotiego i \u015bw. Wincentego, m\u0119czennika.<\/strong><\/li>\n<li><strong> Jak co roku, w dniach od 18 do 25 stycznia, wraz z chrze\u015bcijanami na ca\u0142ym \u015bwiecie, b\u0119dziemy modli\u0107 si\u0119 o jedno\u015b\u0107 chrze\u015bcijan. Has\u0142em tegorocznego Tygodnia Powszechnej Modlitwy o Jedno\u015b\u0107 Chrze\u015bcijan s\u0105 s\u0142owa:<\/strong> <strong><em>Zobaczyli\u015bmy Jego gwiazd\u0119 na Wschodzie i przyszli\u015bmy odda\u0107 Mu pok\u0142on <\/em><\/strong><strong>(Mt 2,2). Zapraszamy do udzia\u0142u w Centralnym Nabo\u017ce\u0144stwie Ekumenicznym, kt\u00f3re odb\u0119dzie si\u0119 18 stycznia (wtorek) o godz. 18, w ko\u015bciele Ewangelicko-Augsburskim \u0141aski Bo\u017cej przy ul. Obozowej 5. Kazanie wyg\u0142osi: ks. bp Jan Glapiak. Nabo\u017ce\u0144stwo b\u0119dzie transmitowa\u0107 Radio Emaus. W\u0142\u0105czamy t\u0119 intencj\u0119 do modlitwy osobistej i r\u00f3\u017ca\u0144cowej.<\/strong><\/li>\n<li><strong> Zapraszamy na msz\u0119 \u015bw. kol\u0119dow\u0105 w intencji Parafian:<\/strong><\/li>\n<\/ol>\n<p><strong>Poniedzia\u0142ek, 17 stycznia, godz. 18.00, blok 39<\/strong><\/p>\n<p><strong>Wtorek, 18 stycznia, godz. 18.00, blok 40<\/strong><\/p>\n<p><strong>\u015aroda, 19 stycznia, godz. 18.00, blok 42<\/strong><\/p>\n<p><strong>Czwartek, 20 stycznia, godz. 18.00, wej\u015bcia 45 do 55<\/strong><\/p>\n<p><strong>Pi\u0105tek, 21 stycznia, godz. 18.00, wej\u015bcia 56 do 66<\/strong><\/p>\n<p><strong>Poniedzia\u0142ek, 24 stycznia, godz. 18.00 wej\u015bcia 67 do 82<\/strong><\/p>\n<p><strong>Wtorek, 25 stycznia, godz. 18.00 wej\u015bcia 83 do 98<\/strong><\/p>\n<p><strong>\u015aroda, 26 stycznia godz. 18,00 wej\u015bcia 99 do 119<\/strong><\/p>\n<p><strong>Prosimy, zabra\u0107&nbsp; do ko\u015bcio\u0142a niewielkie naczynie z wod\u0105, kt\u00f3r\u0105 po\u015bwi\u0119cimy podczas Eucharystii. <\/strong><strong>Do koszyka pod ch\u00f3rem mo\u017cna z\u0142o\u017cy\u0107 zapisane, indywidualne intencje, kt\u00f3re maja by\u0107 w\u0142\u0105czone do celebrowanej Mszy \u015bw <\/strong><strong>Zach\u0119camy, \u017ceby w domu, przy stole przygotowanym jak na kol\u0119d\u0119, odm\u00f3wi\u0107 modlitw\u0119 i pokropi\u0107 dom wod\u0105 \u015bwi\u0119con\u0105. Mo\u017ce zasi\u0105\u015b\u0107 do wsp\u00f3lnego posi\u0142ku i poby\u0107 razem. Je\u015bli okoliczno\u015bci na to pozwalaj\u0105 i b\u0119dzie to bezpieczne, mo\u017cna zaprosi\u0107 na takie spotkanie samotnie mieszkaj\u0105cych s\u0105siad\u00f3w. W dni kol\u0119dowe okazja do spowiedzi \u015bw. o godz.17.00, w sobot\u0119 od godz. 16.00. <\/strong><strong>Ca\u0142y plan spotka\u0144 wywieszony jest na tablicy og\u0142osze\u0144 i w internecie na stronie parafialnej.<\/strong><\/p>\n<ol start=\"4\">\n<li><strong> Procesja salety\u0144ska w \u015brod\u0119 po mszy \u015bw. o godz. 8.00. T\u0105 modlitw\u0105 wynagradzamy Panu Bogu grzechy niewiary, opuszczone lekkomy\u015blnie msze \u015bw. niedzielne i przekle\u0144stwa. <\/strong><\/li>\n<li><strong> Msza \u015bw. z pro\u015bb\u0105 o uzdrowienie w czwartek o godz. 19.30; mo\u017cna przynie\u015b\u0107 zapisane intencje, kt\u00f3re maja by\u0107 w\u0142\u0105czone do sprawowanej Eucharystii.<\/strong><\/li>\n<li><strong> Spotkanie duszpasterstwa m\u0142odzie\u017cy w pi\u0105tek o godz. 19.15, w salce parafialnej.<\/strong><\/li>\n<li><strong> W pi\u0105tek, 21 stycznia, wspomnienie liturgiczne \u015bw. Agnieszki. W tym dniu przypada Dzie\u0144 Babci. Za przyczyn\u0105 \u015bw. Patronki modlimy si\u0119 o b\u0142ogos\u0142awie\u0144stwo dla Senior\u00f3w. 8. Spotkanie op\u0142atkowe Wsp\u00f3lnot R\u00f3\u017ca\u0144cowych, w sobot\u0119, 22 stycznia w Par. \u015awi\u0119tej Tr\u00f3jcy na D\u0119bcu. Pocz\u0105tek o godz. 10.00 R\u00f3\u017ca\u0144cem, msza \u015bw. o godz. 10.30 i spotkanie &nbsp;&nbsp;&nbsp;&nbsp;&nbsp;&nbsp;&nbsp;&nbsp;&nbsp;&nbsp;&nbsp;&nbsp;&nbsp;&nbsp;&nbsp;w domu katechetycznym.<\/strong><\/li>\n<li><strong> B\u00f3g zap\u0142a\u0107 za ofiary z\u0142o\u017cone na utrzymanie naszego ko\u015bcio\u0142a. W przysz\u0142\u0105 niedziel\u0119, przed ko\u015bcio\u0142em, kwesta na Radio Emaus. Tygodniki katolickie przy wej\u015bciu do zakrystii.<\/strong><\/li>\n<li><strong> M\u00f3dlmy si\u0119 za zmar\u0142ych parafian. Za dusz\u0119 \u015bp. Janiny Maciejewskiej, os. Lecha 42 (msza \u015bw. pogrzebowa w czwartek o godz. 10.15). Wieczny odpoczynek racz zmar\u0142ym da\u0107 Panie.<\/strong><\/li>\n<\/ol>\n<p>&nbsp;<\/p>\n<p><strong><u>&nbsp;<\/u><\/strong><\/p>\n<p><strong><u>&nbsp;<\/u><\/strong><\/p>\n<p><strong><u>&nbsp;<\/u><\/strong><\/p>\n<p><strong><u>&nbsp;<\/u><\/strong><\/p>\n<p><strong><u>&nbsp;<\/u><\/strong><\/p>\n<p>&nbsp;<\/p>\n<p>&nbsp;<\/p>\n<p>&nbsp;<\/p>\n","protected":false},"excerpt":{"rendered":"<p>&nbsp; &nbsp; OG\u0141OSZENIA DUSZPASTERSKIE NIEDZIELA II ZWYK\u0141A 16 stycznia 2022 r. Kalendarz liturgiczny: poniedzia\u0142ek \u2013 \u015bw. Antoniego, opata, \u015broda \u2013 \u015bw. J\u00f3zefa Sebastiana Pelczara, czwartek &#8211; \u015bw.\u015bw. Fabiana i Sebastiana, pi\u0105tek \u2013 \u015bw. Agnieszki, sobota \u2013 \u015bw. Wincentego Pallotiego i \u015bw. Wincentego, m\u0119czennika. Jak co roku, w dniach od 18 do 25 stycznia, wraz z &#8230; <span class=\"more\"><a class=\"more-link\" href=\"https:\/\/www.chnk.pl\/?p=3384\">czytaj wi\u0119cej<\/a><\/span><\/p>\n","protected":false},"author":3,"featured_media":0,"comment_status":"open","ping_status":"open","sticky":false,"template":"","format":"standard","meta":{"ngg_post_thumbnail":0,"footnotes":""},"categories":[1],"tags":[],"_links":{"self":[{"href":"https:\/\/www.chnk.pl\/index.php?rest_route=\/wp\/v2\/posts\/3384"}],"collection":[{"href":"https:\/\/www.chnk.pl\/index.php?rest_route=\/wp\/v2\/posts"}],"about":[{"href":"https:\/\/www.chnk.pl\/index.php?rest_route=\/wp\/v2\/types\/post"}],"author":[{"embeddable":true,"href":"https:\/\/www.chnk.pl\/index.php?rest_route=\/wp\/v2\/users\/3"}],"replies":[{"embeddable":true,"href":"https:\/\/www.chnk.pl\/index.php?rest_route=%2Fwp%2Fv2%2Fcomments&post=3384"}],"version-history":[{"count":1,"href":"https:\/\/www.chnk.pl\/index.php?rest_route=\/wp\/v2\/posts\/3384\/revisions"}],"predecessor-version":[{"id":3385,"href":"https:\/\/www.chnk.pl\/index.php?rest_route=\/wp\/v2\/posts\/3384\/revisions\/3385"}],"wp:attachment":[{"href":"https:\/\/www.chnk.pl\/index.php?rest_route=%2Fwp%2Fv2%2Fmedia&parent=3384"}],"wp:term":[{"taxonomy":"category","embeddable":true,"href":"https:\/\/www.chnk.pl\/index.php?rest_route=%2Fwp%2Fv2%2Fcategories&post=3384"},{"taxonomy":"post_tag","embeddable":true,"href":"https:\/\/www.chnk.pl\/index.php?rest_route=%2Fwp%2Fv2%2Ftags&post=3384"}],"curies":[{"name":"wp","href":"https:\/\/api.w.org\/{rel}","templated":true}]}}