{"id":3374,"date":"2022-01-01T16:15:37","date_gmt":"2022-01-01T16:15:37","guid":{"rendered":"http:\/\/www.chnk.pl\/?p=3374"},"modified":"2022-01-01T16:18:27","modified_gmt":"2022-01-01T16:18:27","slug":"zakonczenie-peregrynacji-matki-bozej-w-znaku-ikony-jasnogorskiej-w-archidiecezji-poznanskiej","status":"publish","type":"post","link":"https:\/\/www.chnk.pl\/?p=3374","title":{"rendered":"Zako\u0144czenie peregrynacji Matki Bo\u017cej  w znaku Ikony Jasnog\u00f3rskiej w Archidiecezji Pozna\u0144skiej"},"content":{"rendered":"<p><strong>ARCYBISKUP METROPOLITA<\/strong><\/p>\n<p><strong>&nbsp;&nbsp;&nbsp;&nbsp;&nbsp;&nbsp;&nbsp;&nbsp;&nbsp; &nbsp;&nbsp;&nbsp;&nbsp;&nbsp; POZNA\u0143SKI<\/strong><\/p>\n<p><strong>&nbsp;<\/strong><\/p>\n<p><strong>S\u0142owo Arcybiskupa Metropolity Pozna\u0144skiego<\/strong><\/p>\n<p><strong>przed zako\u0144czeniem peregrynacji Matki Bo\u017cej <\/strong><strong>w znaku Ikony Jasnog\u00f3rskiej w Archidiecezji Pozna\u0144skiej<\/strong><\/p>\n<p><strong>&nbsp;<\/strong><\/p>\n<p>Umi\u0142owani Archidiecezjanie!<\/p>\n<p>&nbsp;&nbsp;&nbsp;&nbsp;&nbsp;&nbsp;&nbsp;&nbsp;&nbsp;&nbsp;&nbsp; Dok\u0142adnie 18 maja 2019 roku powitali\u015bmy bardzo uroczy\u015bcie kopi\u0119 Cudownej Ikony Jasnog\u00f3rskiej w naszej archidiecezji i tym samym rozpocz\u0119li\u015bmy b\u0142ogos\u0142awiony czas nawiedzenia Matki Bo\u017cej we wszystkich parafiach Archidiecezji Pozna\u0144skiej, kt\u00f3remu towarzyszy\u0142o has\u0142o: \u201eZ Maryj\u0105 w nowe czasy\u201d.<\/p>\n<p>&nbsp;&nbsp;&nbsp;&nbsp;&nbsp;&nbsp;&nbsp;&nbsp;&nbsp;&nbsp;&nbsp; Nie spodziewali\u015bmy si\u0119 w\u00f3wczas, \u017ce ten \u015bwi\u0119ty czas zostanie naznaczony i dotkni\u0119ty wybuchem pandemii koronawirusa, kt\u00f3ra w spos\u00f3b diametralny zmieni\u0142a nasze funkcjonowanie, dotkn\u0119\u0142a nas b\u00f3lem i cierpieniem spowodowanym \u015bmierci\u0105 wielu ludzi, w&nbsp;tym naszych bliskich, krewnych i znajomych.<\/p>\n<p>&nbsp;&nbsp;&nbsp;&nbsp;&nbsp;&nbsp;&nbsp;&nbsp;&nbsp;&nbsp;&nbsp; Byli\u015bmy zmuszeni kilka razy zawiesi\u0107 czas peregrynowania Matki Bo\u017cej. By\u0142o to spowodowane trosk\u0105 o zdrowie i \u017cycie wiernych i kap\u0142an\u00f3w oraz solidaryzowaniem si\u0119 z&nbsp;wszystkimi, kt\u00f3rzy zostali dotkni\u0119ci zaka\u017ceniem, pobytem w szpitalu i znacznymi restrykcjami.<\/p>\n<p>&nbsp;&nbsp;&nbsp;&nbsp;&nbsp;&nbsp;&nbsp;&nbsp;&nbsp;&nbsp;&nbsp; Pan B\u00f3g pozwoli\u0142 nam doko\u0144czy\u0107 nawiedzenie. Matka Bo\u017ca w znaku Ikony Jasnog\u00f3rskiej odwiedzi\u0142a wszystkie 415. parafii naszej archidiecezji, ko\u015bcio\u0142y rektoralne, m\u0119skie i \u017ce\u0144skie domy zakonne oraz wi\u0119zienia w Rawiczu, Wronkach i Poznaniu.<\/p>\n<p>&nbsp;&nbsp;&nbsp;&nbsp;&nbsp;&nbsp;&nbsp;&nbsp;&nbsp;&nbsp;&nbsp; Pragn\u0119 serdecznie podzi\u0119kowa\u0107 wszystkim wiernym, siostrom zakonnym, kap\u0142anom diecezjalnym i zakonnym za modlitw\u0119, trwanie przy Jezusie i Jego Matce w wielu godzinach czuwania, za liczny udzia\u0142 we Mszach \u015awi\u0119tych powitania oraz nocnych pasterkach we wsp\u00f3lnotach parafialnych i zakonnych, za przepi\u0119kne dekoracje i wielkie \u015bwiadectwo wiary, kt\u00f3rego nieustannie byli\u015bmy \u015bwiadkami.<\/p>\n<p>&nbsp;&nbsp;&nbsp;&nbsp;&nbsp;&nbsp;&nbsp;&nbsp;&nbsp;&nbsp;&nbsp; W sobot\u0119 i niedziel\u0119, dnia 8 i 9 stycznia 2022 roku uroczy\u015bcie po\u017cegnamy Ikon\u0119 Jasnog\u00f3rsk\u0105, kt\u00f3ra nast\u0119pnie rozpocznie nawiedzenie w Archidiecezji Gnie\u017anie\u0144skiej.<\/p>\n<p>&nbsp;&nbsp;&nbsp;&nbsp;&nbsp;&nbsp;&nbsp;&nbsp;&nbsp;&nbsp;&nbsp; 8 stycznia 2022 roku o godzinie 20.00 z ko\u015bcio\u0142a pw. \u015bw. Ma\u0142gorzaty na pozna\u0144skiej \u015ar\u00f3dce wyruszy uroczysta procesja, kt\u00f3ra mostem biskupa Jordana przeprowadzi Jasnog\u00f3rsk\u0105 Ikon\u0119 do katedry pozna\u0144skiej, w kt\u00f3rej o godzinie 21.00 b\u0119dziemy si\u0119 modli\u0107 w czasie Apelu Jasnog\u00f3rskiego, a po jego zako\u0144czeniu rozpocznie si\u0119 Kana Galilejska M\u0142odych, wsp\u00f3lna modlitwa i \u015bpiew animowany przez Ch\u00f3r i Orkiestr\u0119 Jordan.<\/p>\n<p>&nbsp;&nbsp;&nbsp;&nbsp;&nbsp;&nbsp;&nbsp;&nbsp;&nbsp;&nbsp;&nbsp; O p\u00f3\u0142nocy z soboty na niedziel\u0119, dnia 9 stycznia sprawowana b\u0119dzie w Bazylice Archikatedralnej uroczysta Pasterka Maryjna w intencji o dar nowych, licznych i \u015bwi\u0119tych powo\u0142a\u0144 kap\u0142a\u0144skich, zakonnych i misyjnych.<\/p>\n<p>&nbsp;&nbsp;&nbsp;&nbsp;&nbsp;&nbsp;&nbsp;&nbsp;&nbsp;&nbsp;&nbsp; Przez ca\u0142\u0105 noc, a\u017c do godziny 7.30 rano, katedra b\u0119dzie otwarta, aby ka\u017cdy wierny m\u00f3g\u0142 przyj\u015b\u0107 i czuwa\u0107 przy Matce Naj\u015bwi\u0119tszej.<\/p>\n<p>&nbsp;&nbsp;&nbsp;&nbsp;&nbsp;&nbsp;&nbsp;&nbsp;&nbsp;&nbsp;&nbsp; Do wzi\u0119cia udzia\u0142u w tych wydarzeniach, zw\u0142aszcza w Maryjnej Pasterce i nocnym czuwaniu serdecznie wszystkich zapraszam.<\/p>\n<p>&nbsp;&nbsp;&nbsp;&nbsp;&nbsp;&nbsp;&nbsp;&nbsp;&nbsp;&nbsp;&nbsp; W niedziel\u0119, 9 stycznia 2022 roku o godzinie 8.00 w katedrze b\u0119dzie celebrowana Eucharystia z udzia\u0142em cz\u0142onk\u00f3w \u017bywego i Nieustaj\u0105cego R\u00f3\u017ca\u0144ca, natomiast na godzin\u0119 10.00 serdecznie zapraszamy do wsp\u00f3lnej modlitwy duszpasterstwa m\u0119\u017cczyzn, zw\u0142aszcza nadzwyczajnych szafarzy Komunii \u015awi\u0119tej.<\/p>\n<p>&nbsp;&nbsp;&nbsp;&nbsp;&nbsp;&nbsp;&nbsp;&nbsp;&nbsp;&nbsp;&nbsp; Centralnym punktem po\u017cegnania Ikony Nawiedzenie b\u0119dzie uroczysta Eucharystia sprawowana o godzinie 12.00 w katedrze pozna\u0144skiej z udzia\u0142em Ksi\u0119\u017cy Biskup\u00f3w i&nbsp;przedstawicieli wszystkich dekanat\u00f3w Archidiecezji Pozna\u0144skiej. Wszyscy b\u0119d\u0105 mogli \u0142\u0105czy\u0107 si\u0119 we wsp\u00f3lnej modlitwie przez transmisj\u0119 telewizyjn\u0105 w TVP Pozna\u0144. Na placu przed katedr\u0105 zostanie ustawiony telebim.<\/p>\n<p>&nbsp;&nbsp;&nbsp;&nbsp;&nbsp;&nbsp;&nbsp;&nbsp;&nbsp;&nbsp;&nbsp; Na zako\u0144czenie Mszy \u015awi\u0119tej dokonamy po\u015bwi\u0119cenia kamienia w\u0119gielnego pod budow\u0119 nowej \u015bwi\u0105tyni \u2013 wotum za nawiedzenie naszej archidiecezji \u2013 pw. B\u0142ogos\u0142awionego Stefana Wyszy\u0144skiego w Sk\u00f3rzewie.<\/p>\n<p>&nbsp;&nbsp;&nbsp;&nbsp;&nbsp;&nbsp;&nbsp;&nbsp;&nbsp;&nbsp;&nbsp; Prosz\u0119 r\u00f3wnie\u017c, aby ofiary zbierane podczas Mszy \u015awi\u0119tych, w niedziel\u0119, dnia 9&nbsp;stycznia 2022 w ca\u0142ej Archidiecezji Pozna\u0144skiej by\u0142y przekazane na rzecz budowy nowej \u015bwi\u0105tyni, naszego wotum i podzi\u0119kowania za b\u0142ogos\u0142awiony czas nawiedzenia, wszystkie \u0142aski i cuda, kt\u00f3re przez wstawiennictwo Kr\u00f3lowej Polski otrzymali\u015bmy od Wszechmog\u0105cego Boga.<\/p>\n<p>&nbsp;&nbsp;&nbsp;&nbsp;&nbsp;&nbsp;&nbsp;&nbsp;&nbsp;&nbsp;&nbsp; Z serca wszystkim b\u0142ogos\u0142awi\u0119 i przyzywam wstawiennictwa naszej Matki i&nbsp;Kr\u00f3lowej.<\/p>\n<p>&nbsp;<\/p>\n<p>Pozna\u0144, dnia 22 grudnia 2021 roku<\/p>\n<ol>\n<li>7441\/2021<\/li>\n<\/ol>\n<p>&nbsp;\u2020 Stanis\u0142aw G\u0105decki<\/p>\n<p>Arcybiskup Metropolita Pozna\u0144ski<\/p>\n<p>&nbsp;<\/p>\n<p>&nbsp;<\/p>\n","protected":false},"excerpt":{"rendered":"<p>ARCYBISKUP METROPOLITA &nbsp;&nbsp;&nbsp;&nbsp;&nbsp;&nbsp;&nbsp;&nbsp;&nbsp; &nbsp;&nbsp;&nbsp;&nbsp;&nbsp; POZNA\u0143SKI &nbsp; S\u0142owo Arcybiskupa Metropolity Pozna\u0144skiego przed zako\u0144czeniem peregrynacji Matki Bo\u017cej w znaku Ikony Jasnog\u00f3rskiej w Archidiecezji Pozna\u0144skiej &nbsp; Umi\u0142owani Archidiecezjanie! &nbsp;&nbsp;&nbsp;&nbsp;&nbsp;&nbsp;&nbsp;&nbsp;&nbsp;&nbsp;&nbsp; Dok\u0142adnie 18 maja 2019 roku powitali\u015bmy bardzo uroczy\u015bcie kopi\u0119 Cudownej Ikony Jasnog\u00f3rskiej w naszej archidiecezji i tym samym rozpocz\u0119li\u015bmy b\u0142ogos\u0142awiony czas nawiedzenia Matki Bo\u017cej we wszystkich parafiach Archidiecezji Pozna\u0144skiej, &#8230; <span class=\"more\"><a class=\"more-link\" href=\"https:\/\/www.chnk.pl\/?p=3374\">czytaj wi\u0119cej<\/a><\/span><\/p>\n","protected":false},"author":3,"featured_media":0,"comment_status":"open","ping_status":"open","sticky":false,"template":"","format":"standard","meta":{"ngg_post_thumbnail":0,"footnotes":""},"categories":[1],"tags":[],"_links":{"self":[{"href":"https:\/\/www.chnk.pl\/index.php?rest_route=\/wp\/v2\/posts\/3374"}],"collection":[{"href":"https:\/\/www.chnk.pl\/index.php?rest_route=\/wp\/v2\/posts"}],"about":[{"href":"https:\/\/www.chnk.pl\/index.php?rest_route=\/wp\/v2\/types\/post"}],"author":[{"embeddable":true,"href":"https:\/\/www.chnk.pl\/index.php?rest_route=\/wp\/v2\/users\/3"}],"replies":[{"embeddable":true,"href":"https:\/\/www.chnk.pl\/index.php?rest_route=%2Fwp%2Fv2%2Fcomments&post=3374"}],"version-history":[{"count":2,"href":"https:\/\/www.chnk.pl\/index.php?rest_route=\/wp\/v2\/posts\/3374\/revisions"}],"predecessor-version":[{"id":3376,"href":"https:\/\/www.chnk.pl\/index.php?rest_route=\/wp\/v2\/posts\/3374\/revisions\/3376"}],"wp:attachment":[{"href":"https:\/\/www.chnk.pl\/index.php?rest_route=%2Fwp%2Fv2%2Fmedia&parent=3374"}],"wp:term":[{"taxonomy":"category","embeddable":true,"href":"https:\/\/www.chnk.pl\/index.php?rest_route=%2Fwp%2Fv2%2Fcategories&post=3374"},{"taxonomy":"post_tag","embeddable":true,"href":"https:\/\/www.chnk.pl\/index.php?rest_route=%2Fwp%2Fv2%2Ftags&post=3374"}],"curies":[{"name":"wp","href":"https:\/\/api.w.org\/{rel}","templated":true}]}}