{"id":3370,"date":"2022-01-01T16:06:05","date_gmt":"2022-01-01T16:06:05","guid":{"rendered":"http:\/\/www.chnk.pl\/?p=3370"},"modified":"2022-01-01T16:09:40","modified_gmt":"2022-01-01T16:09:40","slug":"2-niedziela-po-bozym-narodzeniu","status":"publish","type":"post","link":"https:\/\/www.chnk.pl\/?p=3370","title":{"rendered":"2 Niedziela po Bo\u017cym Narodzeniu"},"content":{"rendered":"<p>OG\u0141OSZENIA DUSZPASTERSKIE<\/p>\n<p>&nbsp;<\/p>\n<p>NIEDZIELA II PO NARODZENIU PA\u0143SKIM<\/p>\n<p>&nbsp;<\/p>\n<p>&nbsp;2 stycznia 2022 r.&nbsp;<\/p>\n<p>&nbsp;<\/p>\n<p>1. W czwartek uroczysto\u015b\u0107 Objawienia Pa\u0144skiego. Prze\u017cywamy j\u0105 jako dzie\u0144 misyjny w Ko\u015bciele. Msza \u015bw. od \u015brody godz. 18.00 wed\u0142ug porz\u0105dku niedzielnego. Kreda i kadzid\u0142o b\u0119d\u0105 wy\u0142o\u017cone pod ch\u00f3rem. Przed msz\u0105 \u015bw. b\u0119d\u0105 udost\u0119pnione dzieciom korony Trzech Kr\u00f3li. W \u015bwi\u0119to Trzech Kr\u00f3li zapraszamy na \u015bpiewanie kol\u0119d o godz. 16.00.<\/p>\n<p>&nbsp;<\/p>\n<p>2. W tym tygodniu I czwartek ( \u015bwi\u0119to Trzech Kr\u00f3li), i I pi\u0105tek miesi\u0105ca. Adoracja Naj\u015bwi\u0119tszego Sakramentu:&nbsp; w czwartek od 17.00 do 18.00. R\u00f3\u017caniec o godz. 17.20 w intencji obrony \u017cycia ludzkiego, godno\u015bci jego przekazywania i tych, kt\u00f3rzy kszta\u0142tuj\u0105 opini\u0105 spo\u0142eczn\u0105 na ten temat. Spowied\u017a \u015bw. w pi\u0105tek od godz. 15.00 do 18.00, w sobot\u0119 od godz. 16.00 do 18.00. Nabo\u017ce\u0144stwo do Niepokalanego Serca Matki Bo\u017cej w sobot\u0119, 8 stycznia, o godz. 7.15. Odwiedziny chorych z sakramentami \u015bw. w najbli\u017cszy pi\u0105tek i&nbsp; w sobot\u0119 15 stycznia. Nowe zg\u0142oszenia w zakrystii.<\/p>\n<p>Spotkanie Wsp\u00f3lnoty Rodzin w sobot\u0119, 8 stycznia, o godz.19.15 adoracja Naj\u015bwi\u0119tszego Sakramentu, w ko\u015bciele.<\/p>\n<p>&nbsp;<\/p>\n<p>3. Po niedzieli 9 stycznia, rozpoczn\u0105 si\u0119 spotkania kol\u0119dowe dla poszczeg\u00f3lnych cz\u0119\u015bci naszej Parafii. Ca\u0142o\u015bciowy terminarz spotka\u0144 b\u0119dzie wywieszony na tablicy og\u0142osze\u0144 w \u015bwi\u0119to Trzech Kr\u00f3li. W pierwszym tygodniu:<\/p>\n<p>WEJ\u015aCIA<\/p>\n<p>2 do 13 &#8211; poniedzia\u0142ek 10 stycznia, godz. 18.00<\/p>\n<p>15 do 17 &#8211; wtorek, 11 stycznia, godz. 18.00<\/p>\n<p>18 do 20 &#8211;&nbsp; \u015broda, 12 stycznia, godz. 18.00<\/p>\n<p>21 do 30 \u2013 czwartek, 13 stycznia, godz. 18.00<\/p>\n<p>31 do 36 \u2013 pi\u0105tek 14 stycznia, godz. 18.00<\/p>\n<p>&nbsp;<\/p>\n<p>4. B\u00f3g zap\u0142a\u0107 za ofiary na utrzymanie naszego ko\u015bcio\u0142a.<\/p>\n<p>&nbsp;<\/p>\n","protected":false},"excerpt":{"rendered":"<p>OG\u0141OSZENIA DUSZPASTERSKIE &nbsp; NIEDZIELA II PO NARODZENIU PA\u0143SKIM &nbsp; &nbsp;2 stycznia 2022 r.&nbsp; &nbsp; 1. W czwartek uroczysto\u015b\u0107 Objawienia Pa\u0144skiego. Prze\u017cywamy j\u0105 jako dzie\u0144 misyjny w Ko\u015bciele. Msza \u015bw. od \u015brody godz. 18.00 wed\u0142ug porz\u0105dku niedzielnego. Kreda i kadzid\u0142o b\u0119d\u0105 wy\u0142o\u017cone pod ch\u00f3rem. Przed msz\u0105 \u015bw. b\u0119d\u0105 udost\u0119pnione dzieciom korony Trzech Kr\u00f3li. W \u015bwi\u0119to Trzech &#8230; <span class=\"more\"><a class=\"more-link\" href=\"https:\/\/www.chnk.pl\/?p=3370\">czytaj wi\u0119cej<\/a><\/span><\/p>\n","protected":false},"author":3,"featured_media":0,"comment_status":"open","ping_status":"open","sticky":false,"template":"","format":"standard","meta":{"ngg_post_thumbnail":0,"footnotes":""},"categories":[1],"tags":[],"_links":{"self":[{"href":"https:\/\/www.chnk.pl\/index.php?rest_route=\/wp\/v2\/posts\/3370"}],"collection":[{"href":"https:\/\/www.chnk.pl\/index.php?rest_route=\/wp\/v2\/posts"}],"about":[{"href":"https:\/\/www.chnk.pl\/index.php?rest_route=\/wp\/v2\/types\/post"}],"author":[{"embeddable":true,"href":"https:\/\/www.chnk.pl\/index.php?rest_route=\/wp\/v2\/users\/3"}],"replies":[{"embeddable":true,"href":"https:\/\/www.chnk.pl\/index.php?rest_route=%2Fwp%2Fv2%2Fcomments&post=3370"}],"version-history":[{"count":1,"href":"https:\/\/www.chnk.pl\/index.php?rest_route=\/wp\/v2\/posts\/3370\/revisions"}],"predecessor-version":[{"id":3371,"href":"https:\/\/www.chnk.pl\/index.php?rest_route=\/wp\/v2\/posts\/3370\/revisions\/3371"}],"wp:attachment":[{"href":"https:\/\/www.chnk.pl\/index.php?rest_route=%2Fwp%2Fv2%2Fmedia&parent=3370"}],"wp:term":[{"taxonomy":"category","embeddable":true,"href":"https:\/\/www.chnk.pl\/index.php?rest_route=%2Fwp%2Fv2%2Fcategories&post=3370"},{"taxonomy":"post_tag","embeddable":true,"href":"https:\/\/www.chnk.pl\/index.php?rest_route=%2Fwp%2Fv2%2Ftags&post=3370"}],"curies":[{"name":"wp","href":"https:\/\/api.w.org\/{rel}","templated":true}]}}