{"id":3366,"date":"2021-12-24T13:19:18","date_gmt":"2021-12-24T13:19:18","guid":{"rendered":"http:\/\/www.chnk.pl\/?p=3366"},"modified":"2021-12-24T13:19:18","modified_gmt":"2021-12-24T13:19:18","slug":"1-niedziela-po-narodzeniu-panskim-4","status":"publish","type":"post","link":"https:\/\/www.chnk.pl\/?p=3366","title":{"rendered":"1 Niedziela po Narodzeniu Pa\u0144skim"},"content":{"rendered":"<p><strong>&nbsp;<\/strong><\/p>\n<p><strong>OG\u0141OSZENIA DUSZPASTERSKIE<\/strong><\/p>\n<p><strong>&nbsp;<\/strong><\/p>\n<p><strong>NIEDZIELA I PO NARODZENIU PA\u0143SKIM&nbsp;<\/strong><\/p>\n<p><strong><u>\u015awi\u0119tej Rodziny Jezusa Maryi i J\u00f3zefa&nbsp;&nbsp; <\/u>&nbsp;&nbsp;&nbsp;&nbsp;&nbsp;&nbsp;&nbsp;&nbsp;&nbsp;&nbsp;&nbsp;&nbsp;&nbsp;&nbsp;&nbsp;&nbsp;&nbsp;&nbsp;&nbsp;&nbsp;&nbsp;&nbsp;&nbsp;&nbsp;&nbsp;&nbsp;&nbsp;&nbsp;&nbsp;&nbsp;&nbsp;&nbsp;&nbsp;&nbsp;&nbsp;&nbsp;&nbsp;&nbsp;&nbsp;&nbsp;&nbsp;&nbsp;&nbsp;&nbsp;&nbsp;&nbsp;&nbsp;&nbsp;&nbsp;&nbsp;&nbsp;&nbsp;&nbsp;&nbsp;&nbsp;&nbsp;&nbsp;&nbsp;&nbsp;&nbsp;&nbsp;&nbsp;&nbsp;&nbsp;&nbsp;&nbsp;&nbsp;&nbsp;&nbsp;&nbsp;&nbsp;&nbsp;&nbsp;&nbsp;&nbsp;&nbsp;&nbsp;&nbsp;&nbsp;&nbsp;&nbsp;&nbsp;&nbsp;&nbsp;&nbsp;&nbsp;&nbsp;&nbsp;&nbsp;&nbsp;26 grudnia 2021 r.&nbsp; &nbsp; &nbsp; &nbsp; &nbsp; &nbsp; &nbsp;&nbsp;<\/strong><\/p>\n<ol>\n<li>Kalendarz liturgiczny:<\/li>\n<\/ol>\n<p>poniedzia\u0142ek \u2013 \u015bw. Jana Aposto\u0142a,<\/p>\n<p>wtorek \u2013 \u015bw. M\u0142odziank\u00f3w,<\/p>\n<p>\u015broda \u2013 \u015bw. Tomasza Becketa<\/p>\n<p>pi\u0105tek &#8211; \u015bw. Sylwestra-papie\u017ca,<\/p>\n<p>sobota \u2013 Uroczysto\u015b\u0107&nbsp; Naj\u015bwi\u0119tszej Bo\u017cej Rodzicielki Maryi,<\/p>\n<p><strong>&nbsp;<\/strong><\/p>\n<ol start=\"2\">\n<li>Rodzinne \u015bpiewanie kol\u0119d przy \u017c\u0142\u00f3bku dzisiaj o godz. 16.00.<\/li>\n<\/ol>\n<p><strong>&nbsp;<\/strong><\/p>\n<ol start=\"3\">\n<li>W poniedzia\u0142ek, wtorek, \u015brod\u0119 i czwartek msza \u015bw. tylko rano o godz. 8.00.<\/li>\n<\/ol>\n<p><strong>&nbsp;<\/strong><\/p>\n<ol start=\"4\">\n<li>W pi\u0105tek zako\u0144czenie Starego Roku. Msza \u015bw. wed\u0142ug zmienionego porz\u0105dku: o godz. <strong>8.00, 15.45 <\/strong>(msza \u015bw. niedzielna) <strong>i 17.00 <\/strong>(msza \u015bw. niedzielna). Og\u00f3lna dyspensa od wstrzemi\u0119\u017aliwo\u015bci od pokarm\u00f3w mi\u0119snych.<\/li>\n<\/ol>\n<p><strong>&nbsp;<\/strong><\/p>\n<ol start=\"5\">\n<li>W sobot\u0119 Nowy Rok, Uroczysto\u015b\u0107 \u015awi\u0119tej Bo\u017cej Rodzicielki Maryi. \u015awiatowy Dzie\u0144 Modlitw o Pok\u00f3j i pierwsza sobota miesi\u0105ca ( nabo\u017ce\u0144stwo do Niepokalanego Serca Matki Bo\u017cej za tydzie\u0144). Godzinki o godz. 7.30. Pierwsza msza \u015bw. o godz. 8.00. Pozosta\u0142e godziny mszy \u015bw. bez zmian. Uroczysto\u015b\u0107 odpustowa na \u017begrzu, suma o godz. 15.00.<\/li>\n<\/ol>\n<p><strong>&nbsp;<\/strong><\/p>\n<ol start=\"6\">\n<li>Jak ka\u017cdego roku b\u0119dziemy Panu Bogu dzi\u0119kowali za dzie\u0142o Duchowej Adopcji Dziecka Pocz\u0119tego. Archidiecezjalne obchody dzi\u0119kczynienia odb\u0119d\u0105 si\u0119 we wtorek 28 grudnia 2021 roku w ko\u015bciele pw. Naj\u015bwi\u0119tszego Serca Pana Jezusa, przy ul. Ko\u015bcielnej 3. O godz. 17.30 rozpocznie si\u0119 nabo\u017ce\u0144stwo r\u00f3\u017ca\u0144cowe a po nim procesja od groty NMP za ko\u015bcio\u0142em&nbsp; (prosimy zabra\u0107 \u015bwiece), o 18.00 Msza \u015bwi\u0119ta.<\/li>\n<\/ol>\n<p>&nbsp;<\/p>\n<ol start=\"7\">\n<li>Dnia 27 grudnia 2021 roku b\u0119dziemy po raz pierwszy w&nbsp;historii obchodzili Narodowy Dzie\u0144 Zwyci\u0119skiego Powstania Wielkopolskiego. Z&nbsp;tej okazji o&nbsp;godz. 12.30 w pozna\u0144skiej Farze zostanie odprawiona uroczysta Msza \u015awi\u0119ta, kt\u00f3rej b\u0119dzie przewodniczy\u0142 Ksi\u0105dz Biskup Grzegorz Balcerek. Parafian prosimy o flagowanie mieszka\u0144.<\/li>\n<\/ol>\n<p><strong>&nbsp;<\/strong><\/p>\n<ol start=\"8\">\n<li>Zach\u0119camy do czytania prasy katolickiej: Przy zakrystii:<\/li>\n<\/ol>\n<p><em>Przewodnik Katolicki, Go\u015b\u0107 Niedzielny, Mi\u0142ujcie si\u0119, <\/em>gazetka parafialna.<\/p>\n<p><strong>&nbsp;<\/strong><\/p>\n<ol start=\"9\">\n<li>M\u00f3dlmy si\u0119 za zmar\u0142ych parafian. Za dusz\u0119 sp. Marii Ma\u0144kowskiej, os. Lecha 42. Pogrzeb w Obornikach. Wieczny odpoczynek racz zmar\u0142ym da\u0107 Panie.<\/li>\n<\/ol>\n<p><strong><u>&nbsp;<\/u><\/strong><\/p>\n<p><strong><u>&nbsp;<\/u><\/strong><\/p>\n<p><strong><u>&nbsp;<\/u><\/strong><\/p>\n<p><strong><u>&nbsp;<\/u><\/strong><\/p>\n<p><strong><u>&nbsp;<\/u><\/strong><\/p>\n<p><strong><u>&nbsp;<\/u><\/strong><\/p>\n<p><strong><u>&nbsp;<\/u><\/strong><\/p>\n<p><strong><u>&nbsp;<\/u><\/strong><\/p>\n<p><strong><u>&nbsp;<\/u><\/strong><\/p>\n<p><strong><u>&nbsp;<\/u><\/strong><\/p>\n<p><strong><u>&nbsp;<\/u><\/strong><\/p>\n<p><u>&nbsp;<\/u><\/p>\n<p><u>&nbsp;<\/u><\/p>\n<p><u>&nbsp;<\/u><\/p>\n<p><u>&nbsp;<\/u><\/p>\n<p><u>&nbsp;<\/u><\/p>\n<p><u>&nbsp;<\/u><\/p>\n<p><u>&nbsp;<\/u><\/p>\n<p><u>&nbsp;<\/u><\/p>\n<p><u>&nbsp;<\/u><\/p>\n<p><u>&nbsp;<\/u><\/p>\n<p><u>&nbsp;<\/u><\/p>\n<p><u>&nbsp;<\/u><\/p>\n<p><u>&nbsp;<\/u><\/p>\n<p><u>&nbsp;<\/u><\/p>\n<p><u>&nbsp;<\/u><\/p>\n<p><u>&nbsp;<\/u><\/p>\n<p><u>&nbsp;<\/u><\/p>\n<p><u>&nbsp;<\/u><\/p>\n<p><strong><u>&nbsp;<\/u><\/strong><\/p>\n<p><strong><u>&nbsp;<\/u><\/strong><\/p>\n<p><strong><u>&nbsp;<\/u><\/strong><\/p>\n<p><strong><u>&nbsp;<\/u><\/strong><\/p>\n<p><strong><u>&nbsp;<\/u><\/strong><\/p>\n<p><strong><u>&nbsp;<\/u><\/strong><\/p>\n<p><strong><u>&nbsp;<\/u><\/strong><\/p>\n<p>&nbsp;<\/p>\n","protected":false},"excerpt":{"rendered":"<p>&nbsp; OG\u0141OSZENIA DUSZPASTERSKIE &nbsp; NIEDZIELA I PO NARODZENIU PA\u0143SKIM&nbsp; \u015awi\u0119tej Rodziny Jezusa Maryi i J\u00f3zefa&nbsp;&nbsp; &nbsp;&nbsp;&nbsp;&nbsp;&nbsp;&nbsp;&nbsp;&nbsp;&nbsp;&nbsp;&nbsp;&nbsp;&nbsp;&nbsp;&nbsp;&nbsp;&nbsp;&nbsp;&nbsp;&nbsp;&nbsp;&nbsp;&nbsp;&nbsp;&nbsp;&nbsp;&nbsp;&nbsp;&nbsp;&nbsp;&nbsp;&nbsp;&nbsp;&nbsp;&nbsp;&nbsp;&nbsp;&nbsp;&nbsp;&nbsp;&nbsp;&nbsp;&nbsp;&nbsp;&nbsp;&nbsp;&nbsp;&nbsp;&nbsp;&nbsp;&nbsp;&nbsp;&nbsp;&nbsp;&nbsp;&nbsp;&nbsp;&nbsp;&nbsp;&nbsp;&nbsp;&nbsp;&nbsp;&nbsp;&nbsp;&nbsp;&nbsp;&nbsp;&nbsp;&nbsp;&nbsp;&nbsp;&nbsp;&nbsp;&nbsp;&nbsp;&nbsp;&nbsp;&nbsp;&nbsp;&nbsp;&nbsp;&nbsp;&nbsp;&nbsp;&nbsp;&nbsp;&nbsp;&nbsp;&nbsp;26 grudnia 2021 r.&nbsp; &nbsp; &nbsp; &nbsp; &nbsp; &nbsp; &nbsp;&nbsp; Kalendarz liturgiczny: poniedzia\u0142ek \u2013 \u015bw. Jana Aposto\u0142a, wtorek \u2013 \u015bw. M\u0142odziank\u00f3w, \u015broda \u2013 \u015bw. Tomasza Becketa pi\u0105tek &#8211; \u015bw. Sylwestra-papie\u017ca, sobota \u2013 Uroczysto\u015b\u0107&nbsp; Naj\u015bwi\u0119tszej Bo\u017cej Rodzicielki Maryi, &nbsp; Rodzinne \u015bpiewanie &#8230; <span class=\"more\"><a class=\"more-link\" href=\"https:\/\/www.chnk.pl\/?p=3366\">czytaj wi\u0119cej<\/a><\/span><\/p>\n","protected":false},"author":3,"featured_media":0,"comment_status":"open","ping_status":"open","sticky":false,"template":"","format":"standard","meta":{"ngg_post_thumbnail":0,"footnotes":""},"categories":[1],"tags":[],"_links":{"self":[{"href":"https:\/\/www.chnk.pl\/index.php?rest_route=\/wp\/v2\/posts\/3366"}],"collection":[{"href":"https:\/\/www.chnk.pl\/index.php?rest_route=\/wp\/v2\/posts"}],"about":[{"href":"https:\/\/www.chnk.pl\/index.php?rest_route=\/wp\/v2\/types\/post"}],"author":[{"embeddable":true,"href":"https:\/\/www.chnk.pl\/index.php?rest_route=\/wp\/v2\/users\/3"}],"replies":[{"embeddable":true,"href":"https:\/\/www.chnk.pl\/index.php?rest_route=%2Fwp%2Fv2%2Fcomments&post=3366"}],"version-history":[{"count":1,"href":"https:\/\/www.chnk.pl\/index.php?rest_route=\/wp\/v2\/posts\/3366\/revisions"}],"predecessor-version":[{"id":3367,"href":"https:\/\/www.chnk.pl\/index.php?rest_route=\/wp\/v2\/posts\/3366\/revisions\/3367"}],"wp:attachment":[{"href":"https:\/\/www.chnk.pl\/index.php?rest_route=%2Fwp%2Fv2%2Fmedia&parent=3366"}],"wp:term":[{"taxonomy":"category","embeddable":true,"href":"https:\/\/www.chnk.pl\/index.php?rest_route=%2Fwp%2Fv2%2Fcategories&post=3366"},{"taxonomy":"post_tag","embeddable":true,"href":"https:\/\/www.chnk.pl\/index.php?rest_route=%2Fwp%2Fv2%2Ftags&post=3366"}],"curies":[{"name":"wp","href":"https:\/\/api.w.org\/{rel}","templated":true}]}}