{"id":3361,"date":"2021-12-18T17:52:39","date_gmt":"2021-12-18T17:52:39","guid":{"rendered":"http:\/\/www.chnk.pl\/?p=3361"},"modified":"2021-12-18T17:52:39","modified_gmt":"2021-12-18T17:52:39","slug":"4-niedziela-adwentu-4","status":"publish","type":"post","link":"https:\/\/www.chnk.pl\/?p=3361","title":{"rendered":"4 Niedziela Adwentu"},"content":{"rendered":"<p>&nbsp;<\/p>\n<p><strong>&nbsp;<\/strong><\/p>\n<p><strong>&nbsp;<\/strong><\/p>\n<p><strong>OG\u0141OSZENIA DUSZPASTERSKIE<\/strong><\/p>\n<p><strong>IV NIEDZIELA ADWENTU<\/strong><\/p>\n<p><strong>19 grudnia 2021 r. &nbsp;<\/strong><\/p>\n<ol>\n<li>Ojciec \u015awi\u0119ty Franciszek mianowa\u0142 ks. Jana GLAPIAKA, biskupem pomocniczym archidiecezji pozna\u0144skiej. Uroczysto\u015b\u0107 przyj\u0119cia sakry biskupiej, odb\u0119dzie si\u0119 dzisiaj, w IV Niedziel\u0119 Adwentu, o godz. 15.00 w Katedrze Pozna\u0144skiej. Uroczysto\u015b\u0107 b\u0119dzie transmitowana przez TVP3 POZNA\u0143 oraz przez Telewizj\u0119 TRWAM, oraz radio EMAUS. Transmisja rozpocznie si\u0119 o godzinie 15.20.<\/li>\n<li>W tygodniu okazja do spowiedzi \u015bw.: we wtorek od godz. 7.00 do 8.00 i od 16.00 do 18.00; w \u015broda od godz. 7.00 do 8.00 i od 16.00 do 20.00; w czwartek od godz. 7.00 do 8.00 i 16.00 do 19.00.<\/li>\n<li>Pasterka o godz. 22.00 i 00.00. W tym roku w Wigili\u0119 obowi\u0105zuje post zwyk\u0142y. Przypominamy o obowi\u0105zku zachowywania zawsze postu eucharystycznego, kt\u00f3ry polega na powstrzymaniu si\u0119 od posi\u0142ku i napoju godzin\u0119 przed przyj\u0119ciem Komunii \u015bw. W I i II \u015awi\u0119to Bo\u017cego Narodzenia porz\u0105dek mszy \u015bw. niedzielny. Ofiary z II-ego \u015bwi\u0119ta przeznaczone na KUL i Wydzia\u0142 Teologiczny.&nbsp; Wydzia\u0142 Teologiczny w Poznaniu, zgodnie z umow\u0105 podpisan\u0105 z UAM, utrzymuje budynki Wydzia\u0142u, op\u0142aca ogrzewanie, rachunki za pr\u0105d, i remonty&nbsp; z funduszy archidiecezji pozna\u0144skiej. Dlatego kilka razy w ci\u0105gu roku Wydzia\u0142 zwraca si\u0119 si\u0119 do Parafian o wsparcie materialne. Na Wydziale kszta\u0142c\u0105 si\u0119 nie tylko klerycy, ale r\u00f3wnie\u017c wiele os\u00f3b \u015bwieckich.&nbsp;<\/li>\n<li>W przysz\u0142\u0105 niedziel\u0119, 26 grudnia, w drugie \u015bwi\u0119to Bo\u017cego Narodzenia, obchodzimy \u015bwi\u0119to \u015awi\u0119tej Rodziny: Jezusa, Maryi i J\u00f3zefa. Jest to dzie\u0144 modlitwy o \u015bwi\u0119to\u015b\u0107 ma\u0142\u017ce\u0144stw i rodzin oraz dzie\u0144 odnowienie przyrzecze\u0144 ma\u0142\u017ce\u0144skich. Odnowienia przyrzecze\u0144 dokonamy na ka\u017cdej mszy \u015bw. Prosimy ma\u0142\u017conk\u00f3w, aby uczestnicz\u0105c w przysz\u0142\u0105 niedziel\u0119 we mszy \u015bw. zaj\u0119li miejsca obok siebie tak, aby mogli w czasie liturgii odnowi\u0107 \u015blubowania ma\u0142\u017ce\u0144skie.<\/li>\n<li>Dzi\u0119kczynienie za Duchow\u0105 Adopcj\u0119 Dziecka Pocz\u0119tego podj\u0119t\u0105 w naszej parafii, z\u0142o\u017cymy Panu Bogu w niedziel\u0119 26 grudnia na mszy \u015bw. o godz. 9.30.<\/li>\n<li>\u015apiewanie kol\u0119d przy \u017c\u0142\u00f3bku w drugie \u015bwi\u0119to o godz. 16.00.<\/li>\n<li>\u015awiat\u0142o Betlejemskie b\u0119dzie wystawione w ko\u015bciele w \u015brod\u0119 i czwartek od 7.00 do 18.00 i w Wigili\u0119 Bo\u017cego Narodzenia do godz. 8.00 do 16.00.<\/li>\n<li>Prosimy pan\u00f3w o pomoc w przygotowaniu \u017c\u0142\u00f3bka: w poniedzia\u0142ek, 20 grudnia, o godz. 19.00 przygotowanie konstrukcji i ustawianie choinek, a we wtorek, 21 grudnia, godz. 19.00. samego \u017c\u0142\u00f3bka.<\/li>\n<li>B\u00f3g zap\u0142a\u0107 za ofiary na utrzymanie naszego ko\u015bcio\u0142a. B\u00f3g zap\u0142a\u0107 parafianom za pos\u0142ug\u0119 przy op\u0142atka i \u015bwiecach CARITAS.<\/li>\n<li>Prosimy o zachowanie zasad higieny na terenie ko\u015bcio\u0142a, zw\u0142aszcza za\u015b o zachowanie odpowiedniego dystansu pomi\u0119dzy uczestnikami liturgii, o dezynfekcj\u0119 r\u0105k wchodz\u0105c do ko\u015bcio\u0142a i noszenie maseczek w \u015bwi\u0105tyni. Komunia \u015bw. wed\u0142ug ustalonego porz\u0105dku.<\/li>\n<li>Zach\u0119camy do czytania prasy katolickiej. W kaplicy przy zakrystii: Przewodnik Katolicki, Go\u015b\u0107 Niedzielny, gazetka parafialna, Ziarno i darmowe numery dwumiesi\u0119cznika <em>Kr\u00f3lowa R\u00f3\u017ca\u0144ca \u015awi\u0119tego<\/em>. Op\u0142atki wigilijne w salce parafialnej. Pod ch\u00f3rem propozycje modlitewne przed wieczerz\u0105 wigilijn\u0105.<\/li>\n<li>M\u00f3dlmy si\u0119 za zmar\u0142ych parafian. Za dusze \u015bp. Doroty Pakura, os. Lecha 61 (msza \u015bw. pogrzebowa w poniedzia\u0142ek o godz. 12.00) i \u015bp. Bogdana Surdyka, os. Lecha 61 (msza \u015bw. pogrzebowa w \u015brod\u0119 o godz. 8.00) Wieczny odpoczynek racz zmar\u0142ym da\u0107 Panie.<\/li>\n<\/ol>\n<p><strong>&nbsp;<\/strong><\/p>\n<p><strong>&nbsp;<\/strong><\/p>\n<p><strong>&nbsp;<\/strong><\/p>\n<p><strong>&nbsp;<\/strong><\/p>\n<p><strong>&nbsp;<\/strong><\/p>\n<p><strong>&nbsp;<\/strong><\/p>\n<p><strong>&nbsp;<\/strong><\/p>\n<p><strong>&nbsp;<\/strong><\/p>\n<p><strong>&nbsp;<\/strong><\/p>\n<p><strong>&nbsp;<\/strong><\/p>\n<p><strong>&nbsp;<\/strong><\/p>\n<p><strong>&nbsp;<\/strong><\/p>\n<p><strong>&nbsp;<\/strong><\/p>\n<p>&nbsp;<\/p>\n<p>&nbsp;<\/p>\n<p>&nbsp;<\/p>\n<p>&nbsp;<\/p>\n","protected":false},"excerpt":{"rendered":"<p>&nbsp; &nbsp; &nbsp; OG\u0141OSZENIA DUSZPASTERSKIE IV NIEDZIELA ADWENTU 19 grudnia 2021 r. &nbsp; Ojciec \u015awi\u0119ty Franciszek mianowa\u0142 ks. Jana GLAPIAKA, biskupem pomocniczym archidiecezji pozna\u0144skiej. Uroczysto\u015b\u0107 przyj\u0119cia sakry biskupiej, odb\u0119dzie si\u0119 dzisiaj, w IV Niedziel\u0119 Adwentu, o godz. 15.00 w Katedrze Pozna\u0144skiej. Uroczysto\u015b\u0107 b\u0119dzie transmitowana przez TVP3 POZNA\u0143 oraz przez Telewizj\u0119 TRWAM, oraz radio EMAUS. Transmisja &#8230; <span class=\"more\"><a class=\"more-link\" href=\"https:\/\/www.chnk.pl\/?p=3361\">czytaj wi\u0119cej<\/a><\/span><\/p>\n","protected":false},"author":3,"featured_media":0,"comment_status":"open","ping_status":"open","sticky":false,"template":"","format":"standard","meta":{"ngg_post_thumbnail":0,"footnotes":""},"categories":[1],"tags":[],"_links":{"self":[{"href":"https:\/\/www.chnk.pl\/index.php?rest_route=\/wp\/v2\/posts\/3361"}],"collection":[{"href":"https:\/\/www.chnk.pl\/index.php?rest_route=\/wp\/v2\/posts"}],"about":[{"href":"https:\/\/www.chnk.pl\/index.php?rest_route=\/wp\/v2\/types\/post"}],"author":[{"embeddable":true,"href":"https:\/\/www.chnk.pl\/index.php?rest_route=\/wp\/v2\/users\/3"}],"replies":[{"embeddable":true,"href":"https:\/\/www.chnk.pl\/index.php?rest_route=%2Fwp%2Fv2%2Fcomments&post=3361"}],"version-history":[{"count":1,"href":"https:\/\/www.chnk.pl\/index.php?rest_route=\/wp\/v2\/posts\/3361\/revisions"}],"predecessor-version":[{"id":3362,"href":"https:\/\/www.chnk.pl\/index.php?rest_route=\/wp\/v2\/posts\/3361\/revisions\/3362"}],"wp:attachment":[{"href":"https:\/\/www.chnk.pl\/index.php?rest_route=%2Fwp%2Fv2%2Fmedia&parent=3361"}],"wp:term":[{"taxonomy":"category","embeddable":true,"href":"https:\/\/www.chnk.pl\/index.php?rest_route=%2Fwp%2Fv2%2Fcategories&post=3361"},{"taxonomy":"post_tag","embeddable":true,"href":"https:\/\/www.chnk.pl\/index.php?rest_route=%2Fwp%2Fv2%2Ftags&post=3361"}],"curies":[{"name":"wp","href":"https:\/\/api.w.org\/{rel}","templated":true}]}}