{"id":3358,"date":"2021-12-11T21:16:31","date_gmt":"2021-12-11T21:16:31","guid":{"rendered":"http:\/\/www.chnk.pl\/?p=3358"},"modified":"2021-12-11T21:16:31","modified_gmt":"2021-12-11T21:16:31","slug":"3-niedziela-adwentu-4","status":"publish","type":"post","link":"https:\/\/www.chnk.pl\/?p=3358","title":{"rendered":"3 Niedziela Adwentu"},"content":{"rendered":"<p><strong>&nbsp;<\/strong><\/p>\n<p><strong>&nbsp;<\/strong><\/p>\n<p><strong>&nbsp;<\/strong><\/p>\n<p><strong>OG\u0141OSZENIA DUSZPASTERSKIE<\/strong><\/p>\n<p><strong>III NIEDZIELA ADWENTU<\/strong><\/p>\n<p><strong>12 grudnia 2021 r.<\/strong><\/p>\n<p>&nbsp;<\/p>\n<ol>\n<li>Kalendarz liturgiczny: poniedzia\u0142ek \u2013 \u015bw. \u0141ucji, wtorek \u2013 \u015bw. Jana od Krzy\u017ca.<\/li>\n<li>Roraty od poniedzia\u0142ku do soboty o godz. 6.00. Dzieci od poniedzia\u0142ku do pi\u0105tku o godz. 18.00. W trzecim tygodniu Adwentu przypadaj\u0105 kwartalne dni modlitw o \u017cycie chrze\u015bcija\u0144skie rodzin i za przygotowuj\u0105cych si\u0119 do ma\u0142\u017ce\u0144stwa. W tej intencji b\u0119dziemy si\u0119 modli\u0107 w czasie rorat i w r\u00f3\u017ca\u0144cu.<\/li>\n<li>We wtorek o godz. 6.00 roraty w intencji Stowarzyszenia Matki Bo\u017cej Patronki Dobrej \u015amierci. Po roratach r\u00f3\u017caniec do Siedmiu Bole\u015bci Matki Bo\u017cej.<\/li>\n<li>Zapraszamy na adwentowy wiecz\u00f3r ze s\u0142owem Bo\u017cym, w \u015brod\u0119 na godz. 19:00 do kaplicy. Prosimy przynie\u015b\u0107 Pismo \u015awi\u0119te. Modlitwa b\u0119dzie mia\u0142a form\u0119 p\u00f3\u0142godzinnej medytacji prowadzonej przez ks. wikariusza.<\/li>\n<li>Adwentowy wiecz\u00f3r skupienia dla m\u0142odzie\u017cy przygotowuj\u0105cej si\u0119 do bierzmowania w czwartek o 19:30 w ko\u015bciele.<\/li>\n<li>Spotkanie duszpasterstwa m\u0142odzie\u017cy w pi\u0105tek o 19:15 w salce.<\/li>\n<li>W niedziel\u0119 19 dzie\u0144 miesi\u0105ca, Dzie\u0144 Salety\u0144ski. Procesja do figury Matki Bo\u017cej Salety\u0144skiej po mszy \u015bw. o godz. 9.30.<\/li>\n<li>Spowied\u017a \u015bw. w pi\u0105tek i sobot\u0119 od godz. 7.00 do 8.00 i od 16.00 do 18.00.<\/li>\n<li>Prosimy pan\u00f3w o pomoc w przygotowaniu \u017c\u0142\u00f3bka: w poniedzia\u0142ek, 20 grudnia, o godz. 19.00 przygotowanie konstrukcji i ustawianie choinek, a we wtorek, 21 grudnia, godz. 19.00. samego \u017c\u0142\u00f3bka.<\/li>\n<li>Do Katedry zapraszamy ma\u0142\u017ce\u0144stwa, kt\u00f3re prze\u017cywaj\u0105 25 i 50 rocznic\u0119 ma\u0142\u017ce\u0144stwa. Msza \u015bw.,z odnowieniem przyrzecze\u0144 ma\u0142\u017ce\u0144skich,w sobot\u0119, 18 grudnia br. o godz. 16.00.<\/li>\n<li>W tym roku nie mo\u017cna zorganizowa\u0107 Wigilii na Targach. Caritas prosi o ofiarowanie dowolnego ciasta (bez kremu), kt\u00f3rym zostan\u0105 obdarowani ludzie pozostaj\u0105cy w trudnej sytuacji \u017cyciowej. Ciasto mo\u017cna przynie\u015b\u0107&nbsp; do parafii, do soboty w\u0142\u0105cznie.<\/li>\n<li>Prosimy o zg\u0142aszanie w zakrystii chorych i starszych parafian do spowiedzi i komunii \u015bw. adwentowej, na sobot\u0119 18 grudnia od godz. 9.00.<\/li>\n<li>W tym roku nie b\u0119dzie odwiedzin duszpasterskich w rodzinach tzw. kol\u0119dy. W zwi\u0105zku z tym w styczniu b\u0119d\u0105 wieczorne msze \u015bw., jak w ubieg\u0142ym roku.<\/li>\n<li>B\u00f3g zap\u0142a\u0107 zespo\u0142om sprz\u0105taj\u0105cym w soboty ko\u015bci\u00f3\u0142. Zapraszamy do pomocy w tej pos\u0142udze. B\u00f3g zap\u0142a\u0107 za ofiary na utrzymanie ko\u015bcio\u0142a.<\/li>\n<li>Zach\u0119camy do czytania prasy katolickiej. W kaplicy przy zakrystii: <em>Przewodnik Kato\u00adlicki<\/em>,<em> Go\u015b\u0107 Niedzielny<\/em>, gazetka parafialna, <em>Ziarno<\/em>, poczt\u00f3wki z religijnymi moty\u00adwami Bo\u017cego Narodzenia. Op\u0142atki wigilijne i siano w salce parafialnej, wej\u015bcie z dziedzi\u0144ca.<\/li>\n<li>Jutro, 13 grudnia, 40 rocznica wprowadzenia stanu wojennego. Dla uczczenia pami\u0119ci ofiar stanu wojennego w Polsce, na\u015bladuj\u0105c historyczny gest \u015bw. Jana Paw\u0142a II z 1981 r., postawmy w oknie o godz. 19.30, \u015bwiec\u0119 pami\u0119ci.<\/li>\n<li>M\u00f3dlmy si\u0119 za zmar\u0142ych parafian. Za dusz\u0119 \u015bp. Mariana Jankowiaka, os. Lecha 102 (msza \u015bw. pogrzebowa w \u015brod\u0119 o godz. 19.00) i m\u00f3dlmy si\u0119 za ofiary stanu wojennego. Wieczny odpoczynek racz zmar\u0142ym da\u0107 Panie.<\/li>\n<\/ol>\n<p><strong>&nbsp;<\/strong><\/p>\n<p><strong>&nbsp;<\/strong><\/p>\n<p><strong>&nbsp;<\/strong><\/p>\n<p><strong>&nbsp;<\/strong><\/p>\n<p><strong>&nbsp;<\/strong><\/p>\n<p><strong>&nbsp;<\/strong><\/p>\n<p><strong>&nbsp;<\/strong><\/p>\n<p><strong>&nbsp;<\/strong><\/p>\n<p><strong>&nbsp;<\/strong><\/p>\n<p><strong>&nbsp;<\/strong><\/p>\n<p><strong>&nbsp;<\/strong><\/p>\n<p><strong>&nbsp;<\/strong><\/p>\n<p>&nbsp;<\/p>\n<p>&nbsp;<\/p>\n<p>&nbsp;<\/p>\n<p>&nbsp;<\/p>\n<p>&nbsp;<\/p>\n","protected":false},"excerpt":{"rendered":"<p>&nbsp; &nbsp; &nbsp; OG\u0141OSZENIA DUSZPASTERSKIE III NIEDZIELA ADWENTU 12 grudnia 2021 r. &nbsp; Kalendarz liturgiczny: poniedzia\u0142ek \u2013 \u015bw. \u0141ucji, wtorek \u2013 \u015bw. Jana od Krzy\u017ca. Roraty od poniedzia\u0142ku do soboty o godz. 6.00. Dzieci od poniedzia\u0142ku do pi\u0105tku o godz. 18.00. W trzecim tygodniu Adwentu przypadaj\u0105 kwartalne dni modlitw o \u017cycie chrze\u015bcija\u0144skie rodzin i za &#8230; <span class=\"more\"><a class=\"more-link\" href=\"https:\/\/www.chnk.pl\/?p=3358\">czytaj wi\u0119cej<\/a><\/span><\/p>\n","protected":false},"author":3,"featured_media":0,"comment_status":"open","ping_status":"open","sticky":false,"template":"","format":"standard","meta":{"ngg_post_thumbnail":0,"footnotes":""},"categories":[1],"tags":[],"_links":{"self":[{"href":"https:\/\/www.chnk.pl\/index.php?rest_route=\/wp\/v2\/posts\/3358"}],"collection":[{"href":"https:\/\/www.chnk.pl\/index.php?rest_route=\/wp\/v2\/posts"}],"about":[{"href":"https:\/\/www.chnk.pl\/index.php?rest_route=\/wp\/v2\/types\/post"}],"author":[{"embeddable":true,"href":"https:\/\/www.chnk.pl\/index.php?rest_route=\/wp\/v2\/users\/3"}],"replies":[{"embeddable":true,"href":"https:\/\/www.chnk.pl\/index.php?rest_route=%2Fwp%2Fv2%2Fcomments&post=3358"}],"version-history":[{"count":1,"href":"https:\/\/www.chnk.pl\/index.php?rest_route=\/wp\/v2\/posts\/3358\/revisions"}],"predecessor-version":[{"id":3359,"href":"https:\/\/www.chnk.pl\/index.php?rest_route=\/wp\/v2\/posts\/3358\/revisions\/3359"}],"wp:attachment":[{"href":"https:\/\/www.chnk.pl\/index.php?rest_route=%2Fwp%2Fv2%2Fmedia&parent=3358"}],"wp:term":[{"taxonomy":"category","embeddable":true,"href":"https:\/\/www.chnk.pl\/index.php?rest_route=%2Fwp%2Fv2%2Fcategories&post=3358"},{"taxonomy":"post_tag","embeddable":true,"href":"https:\/\/www.chnk.pl\/index.php?rest_route=%2Fwp%2Fv2%2Ftags&post=3358"}],"curies":[{"name":"wp","href":"https:\/\/api.w.org\/{rel}","templated":true}]}}