{"id":3353,"date":"2021-12-04T22:14:02","date_gmt":"2021-12-04T22:14:02","guid":{"rendered":"http:\/\/www.chnk.pl\/?p=3353"},"modified":"2021-12-04T22:14:02","modified_gmt":"2021-12-04T22:14:02","slug":"2-niedziela-adwentu-5","status":"publish","type":"post","link":"https:\/\/www.chnk.pl\/?p=3353","title":{"rendered":"2 Niedziela Adwentu"},"content":{"rendered":"<p><strong>OG\u0141OSZENIA DUSZPASTERSKIE<\/strong><\/p>\n<p><strong>NIEDZIELA II ADWENTU<\/strong><\/p>\n<p><strong>5 grudnia 2021r.<\/strong><\/p>\n<ol>\n<li>Kalendarz liturgiczny: poniedzia\u0142ek \u2013 \u015bw. Miko\u0142aja, wtorek \u2013 \u015bw. Ambro\u017cego, <strong>\u015broda &#8211; Uroczysto\u015b\u0107 Niepokalanego Pocz\u0119cia Naj\u015bwi\u0119tszej Maryi Panny, <\/strong>czwartek &#8211; \u015bw. Jana Diego, pi\u0105tek &#8211; Naj\u015bwi\u0119tszej Maryi Panny z Loreto, sobota \u2013 \u015bw. Damazego,<\/li>\n<li>Roraty w tygodniu o godz. 6.00. Dla dzieci od poniedzia\u0142ku do pi\u0105tku o godz. 18.00. Prosimy rodzic\u00f3w, aby do\u0142o\u017cyli stara\u0144, by dzieci, chocia\u017c kilka razy, uczestniczy\u0142y w roratach.<\/li>\n<li>W \u015brod\u0119 uroczysto\u015b\u0107 <strong>Niepokalanego Pocz\u0119cia Naj\u015bwi\u0119tszej Maryi Panny<\/strong>. Msza \u015bw. o godz. 6.00. O godz. 6.40 Godzinki o Niepokalanym Pocz\u0119ciu. O godz. 12.00&nbsp; wystawienie Naj\u015bwi\u0119tszego Sakramentu i adoracja do godz. 13.00. Po po\u0142udniu msza \u015bw. o godz. 16.30 i 18.00. We wszystkich parafiach zostanie ponowiony akt zawierzenia \u015bw. J\u00f3zefowi,&nbsp; kiedy to zgodnie z&nbsp;decyzj\u0105 Ojca \u015awi\u0119tego Franciszka zostanie zako\u0144czony Rok \u015awi\u0119tego J\u00f3zefa. Wielo\u015b\u0107 odprawianych w tym dniu mszy \u015bw. niech o\u015bmieli Parafian do udzia\u0142u we mszy \u015bw. dla uczczenia Niepokalanego Pocz\u0119cia Naj\u015bwi\u0119tszej Maryi Panny i \u015bw. J\u00f3zefa. Ofiary na biedne ko\u015bcio\u0142y w Polsce. Po\u015bwi\u0119cenie medalik\u00f3w dzieci pierwszokomunijnych na mszy \u015bw. o godz.18.00. W Uroczysto\u015b\u0107 Niepokalanego Pocz\u0119cia Naj\u015bwi\u0119tszej Maryi Panny, 8 grudnia br., o godz. 18.00, odb\u0119dzie si\u0119 te\u017c tradycyjna procesja ku czci Niepokalanej z ko\u015bcio\u0142a na \u015ar\u00f3dce do pozna\u0144skiej katedry.<\/li>\n<li>Spotkanie kandydat\u00f3w do bierzmowania w czwartek o godz. 19.00.<\/li>\n<li>Cotygodniowe spotkanie m\u0142odzie\u017cy pi\u0105tek 19.15.<\/li>\n<li>Koronka do Mi\u0142osierdzia Bo\u017cego za chrze\u015bcijan prze\u015bladowanych w pi\u0105tki o godz. 17.40.<\/li>\n<li>Comiesi\u0119czne odwiedziny chorych z sakramentami \u015bw. w sobot\u0119 od godz. 9.00.<\/li>\n<li><strong>8<\/strong><strong>.<\/strong> W sobot\u0119 o 19.15 spotkanie Wsp\u00f3lnoty Rodzin.<\/li>\n<li>\u015awiece CARITAS, op\u0142atki wigilijne i siano na st\u00f3\u0142 wigilijny w salce parafialnej &#8211; wej\u015bcie z dziedzi\u0144ca. Ofiary przeznaczone na doposa\u017cenie i ogrzewanie ko\u015bcio\u0142a.<\/li>\n<li>Dzisiaj, w drug\u0105 niedziel\u0119 Adwentu, obchodzimy Dzie\u0144 Modlitwy i Pomocy Ko\u015bcio\u0142owi na Wschodzie. W\u0142\u0105czamy si\u0119 w to dzie\u0142o, modlitw\u0105 oraz sk\u0142adaj\u0105c ofiary do puszek przed ko\u015bcio\u0142em. Nasza pomoc dotrze do ludzi \u017cyj\u0105cych w trudnych warunkach. Celem tego dnia jest duchowe i materialne wsparcie Ko\u015bcio\u0142a Katolickiego w krajach Europy Wschodniej, Rosji i Azji \u015arodkowej.<\/li>\n<li>Prosimy o zg\u0142aszanie chorych i starszych parafian do spowiedzi \u015bw. adwentowej na sobo\u00adt\u0119, 18 grudnia, od godz. 9.00.<\/li>\n<li>Caritas serdecznie zaprasza na Koncert Kol\u0119d z Ma\u0142\u0105 Armi\u0105 Janosika (grupa ponad 150 os\u00f3b, inspiruj\u0105ca si\u0119 kultur\u0105 g\u00f3ralsk\u0105), kt\u00f3ry odb\u0119dzie si\u0119 11 grudnia w Parafii Nawiedzenia NMP w Poznaniu o godz. 17:00. B\u0119dzie to okazja do wsp\u00f3lnego kol\u0119dowania. Wst\u0119p bezp\u0142atny. Wydarzeniem towarzysz\u0105cym b\u0119dzie Jarmark Bo\u017conarodzeniowy.<\/li>\n<li>W niedziel\u0119 12 grudnia o godz. 16:30 w Katedrze kolejna prezentacja z cyklu Verba Sacra. Ksi\u0119g\u0119 M\u0105dro\u015bci czyta Haliny \u0141abonarskiej. Wst\u0119p wolny.<\/li>\n<li>Zach\u0119camy do czytania prasy katolickiej. W kaplicy przy zakrystii: Przewodnik Katolic\u00adki, grudniowy Ma\u0142y Przewodnik Katolicki, Go\u015b\u0107 Niedzielny, Tota Tua (na grudzie\u0144), gazetka parafialna, poczt\u00f3wki bo\u017conarodzeniowe,<\/li>\n<li>M\u00f3dlmy si\u0119 w intencji rych\u0142ej odbudowy Pomnika Wdzi\u0119czno\u015bci w Poznaniu ze s\u0142owa\u00admi \u201dNaj\u015bwi\u0119tszemu Sercu Jezusa &#8211; Wskrzeszona Polska\u201d, kt\u00f3re to s\u0142owa przypomina\u0142y o przymierzu z Bogiem jako warunku niepodleg\u0142o\u015bci Ojczyzny. M\u00f3dlmy si\u0119: Naj\u015bwi\u0119tsze Serce Jezusa &#8211; zmi\u0142uj si\u0119 nad nami.<\/li>\n<\/ol>\n<p>&nbsp;<\/p>\n<p>&nbsp;<\/p>\n<p>&nbsp;<\/p>\n<p>&nbsp;<\/p>\n<p>&nbsp;<\/p>\n<p>&nbsp;<\/p>\n<p>&nbsp;<\/p>\n<p>&nbsp;<\/p>\n<p>&nbsp;<\/p>\n<p>&nbsp;<\/p>\n<p>&nbsp;<\/p>\n<p>&nbsp;<\/p>\n<p>&nbsp;<\/p>\n<p><strong>&nbsp;<\/strong><\/p>\n<p><strong>Modlitwa za rodziny &#8211; <\/strong><strong>z inicjatywy Konferencji Episkopatu Polski<\/strong><\/p>\n<p>&nbsp;<\/p>\n<p>Bo\u017ce, w Tr\u00f3jcy \u015awi\u0119tej Jedyny, \u017ar\u00f3d\u0142o \u017cycia i mi\u0142o\u015bci wszystkich ludzi! Dzi\u0119kujemy za to, \u017ce stworzy\u0142e\u015b nas \u2013 m\u0119\u017cczyznami i kobietami, aby\u015bmy si\u0119 nawzajem uzupe\u0142niali i byli dla siebie wzajemn\u0105 pomoc\u0105. Dzi\u0119kujemy, \u017ce przez Jezusa Chrystusa u\u015bwi\u0119ci\u0142e\u015b ma\u0142\u017ce\u0144stwo, ustanawiaj\u0105c je sakramentem. Spraw, aby ka\u017cda rodzina sta\u0142a si\u0119 sanktuarium \u017cycia i mi\u0142o\u00ad\u015bci. Pom\u00f3\u017c wszystkim ma\u0142\u017conkom trwa\u0107 w wierno\u015bci i jedno\u015bci. Wspieraj ma\u0142\u017ce\u0144stwa i ro\u00addziny zagro\u017cone oraz dotkni\u0119te rozmaitymi kryzysami. Oddajemy Ci, Bo\u017ce, wszystkie dzie\u00adci od momentu pocz\u0119cia. Niech ciesz\u0105 si\u0119 mi\u0142o\u015bci\u0105 matki i ojca. Spraw, by dzieci i m\u0142odzie\u017c znalaz\u0142y w rodzinach silne wsparcie dla wzrostu w prawdzie i mi\u0142o\u015bci. Umacniaj dziadk\u00f3w&nbsp;&nbsp;&nbsp;&nbsp;&nbsp;&nbsp;&nbsp;&nbsp;&nbsp;&nbsp;&nbsp;&nbsp;&nbsp;&nbsp;&nbsp; i babcie, aby umieli dzieli\u0107 si\u0119 m\u0105dro\u015bci\u0105 i wiar\u0105 z m\u0142odymi. Prosimy, by stanowi\u0105cy prawa&nbsp; i sprawuj\u0105cy w\u0142adz\u0119 s\u0142u\u017cyli pocz\u0119temu \u017cyciu, ma\u0142\u017ce\u0144stwu i rodzinie. \u015awi\u0119ta Rodzino z Na\u00adzaretu, wspomagaj, aby umacnia\u0142a si\u0119 \u015bwiadomo\u015b\u0107 \u015bwi\u0119tego i nierozerwalnego charakteru ma\u0142\u017ce\u0144stwa i rodziny. \u015awi\u0119ta Maryjo, Matko Bo\u017ca, Kr\u00f3lowo rodzin, m\u00f3dl si\u0119 za nami! \u015awi\u0119ty J\u00f3zefie, g\u0142owo \u015awi\u0119tej Rodziny, m\u00f3dl si\u0119 za nami!&nbsp;<\/p>\n<p>\u015awi\u0119ty Janie Pawle II, papie\u017cu rodziny, m\u00f3dl si\u0119 za nami!&nbsp;<\/p>\n<p>&nbsp;<\/p>\n<p>&nbsp;<\/p>\n<p>&nbsp;<\/p>\n<p>&nbsp;<\/p>\n<p>&nbsp;<\/p>\n<p>&nbsp;&nbsp;&nbsp;&nbsp;&nbsp;&nbsp;&nbsp;&nbsp;&nbsp;&nbsp;&nbsp;&nbsp;&nbsp;&nbsp;&nbsp;&nbsp;&nbsp;&nbsp;&nbsp;&nbsp;&nbsp;&nbsp;&nbsp;&nbsp;&nbsp;&nbsp;&nbsp;&nbsp;&nbsp;&nbsp;&nbsp;&nbsp;&nbsp;&nbsp;&nbsp;&nbsp;&nbsp;&nbsp;&nbsp;&nbsp;&nbsp;&nbsp;&nbsp;&nbsp;&nbsp;&nbsp;&nbsp;&nbsp;&nbsp;&nbsp;&nbsp;<\/p>\n<p>&nbsp;<\/p>\n<p>&nbsp;<\/p>\n<p>&nbsp;<\/p>\n<p>&nbsp;<\/p>\n<p>&nbsp;<\/p>\n<p>&nbsp;<\/p>\n<p>&nbsp;<\/p>\n<p>&nbsp;<\/p>\n<p>&nbsp;<\/p>\n<p>&nbsp;<\/p>\n<p>&nbsp;<\/p>\n<p>&nbsp;<\/p>\n<p>&nbsp;<\/p>\n<p>&nbsp;<\/p>\n<p>&nbsp;<\/p>\n<p>&nbsp;<\/p>\n<p>&nbsp;<\/p>\n<p>&nbsp;<\/p>\n<p>&nbsp;<\/p>\n<p>&nbsp;<\/p>\n<p>&nbsp;<\/p>\n<p>&nbsp;<\/p>\n<p>&nbsp;<\/p>\n<p>&nbsp;<\/p>\n<p>&nbsp;<\/p>\n<p>&nbsp;<\/p>\n<p>&nbsp;<\/p>\n<p>&nbsp;<\/p>\n<p>&nbsp;<\/p>\n<p>&nbsp;<\/p>\n<p>&nbsp;<\/p>\n<p>&nbsp;<\/p>\n<p>&nbsp;<\/p>\n<p>&nbsp;<\/p>\n<p>&nbsp;<\/p>\n<p>&nbsp;<\/p>\n","protected":false},"excerpt":{"rendered":"<p>OG\u0141OSZENIA DUSZPASTERSKIE NIEDZIELA II ADWENTU 5 grudnia 2021r. Kalendarz liturgiczny: poniedzia\u0142ek \u2013 \u015bw. Miko\u0142aja, wtorek \u2013 \u015bw. Ambro\u017cego, \u015broda &#8211; Uroczysto\u015b\u0107 Niepokalanego Pocz\u0119cia Naj\u015bwi\u0119tszej Maryi Panny, czwartek &#8211; \u015bw. Jana Diego, pi\u0105tek &#8211; Naj\u015bwi\u0119tszej Maryi Panny z Loreto, sobota \u2013 \u015bw. Damazego, Roraty w tygodniu o godz. 6.00. Dla dzieci od poniedzia\u0142ku do pi\u0105tku o &#8230; <span class=\"more\"><a class=\"more-link\" href=\"https:\/\/www.chnk.pl\/?p=3353\">czytaj wi\u0119cej<\/a><\/span><\/p>\n","protected":false},"author":3,"featured_media":0,"comment_status":"open","ping_status":"open","sticky":false,"template":"","format":"standard","meta":{"ngg_post_thumbnail":0,"footnotes":""},"categories":[4,3],"tags":[],"_links":{"self":[{"href":"https:\/\/www.chnk.pl\/index.php?rest_route=\/wp\/v2\/posts\/3353"}],"collection":[{"href":"https:\/\/www.chnk.pl\/index.php?rest_route=\/wp\/v2\/posts"}],"about":[{"href":"https:\/\/www.chnk.pl\/index.php?rest_route=\/wp\/v2\/types\/post"}],"author":[{"embeddable":true,"href":"https:\/\/www.chnk.pl\/index.php?rest_route=\/wp\/v2\/users\/3"}],"replies":[{"embeddable":true,"href":"https:\/\/www.chnk.pl\/index.php?rest_route=%2Fwp%2Fv2%2Fcomments&post=3353"}],"version-history":[{"count":1,"href":"https:\/\/www.chnk.pl\/index.php?rest_route=\/wp\/v2\/posts\/3353\/revisions"}],"predecessor-version":[{"id":3354,"href":"https:\/\/www.chnk.pl\/index.php?rest_route=\/wp\/v2\/posts\/3353\/revisions\/3354"}],"wp:attachment":[{"href":"https:\/\/www.chnk.pl\/index.php?rest_route=%2Fwp%2Fv2%2Fmedia&parent=3353"}],"wp:term":[{"taxonomy":"category","embeddable":true,"href":"https:\/\/www.chnk.pl\/index.php?rest_route=%2Fwp%2Fv2%2Fcategories&post=3353"},{"taxonomy":"post_tag","embeddable":true,"href":"https:\/\/www.chnk.pl\/index.php?rest_route=%2Fwp%2Fv2%2Ftags&post=3353"}],"curies":[{"name":"wp","href":"https:\/\/api.w.org\/{rel}","templated":true}]}}