{"id":3350,"date":"2021-11-27T19:01:14","date_gmt":"2021-11-27T19:01:14","guid":{"rendered":"http:\/\/www.chnk.pl\/?p=3350"},"modified":"2021-11-27T19:01:31","modified_gmt":"2021-11-27T19:01:31","slug":"i-niedziela-adwentu","status":"publish","type":"post","link":"https:\/\/www.chnk.pl\/?p=3350","title":{"rendered":"I Niedziela Adwentu"},"content":{"rendered":"<p><strong>OG\u0141OSZENIA DUSZPASTERSKIE<\/strong><\/p>\n<p><strong>&nbsp;NIEDZIELA I ADWENTU&nbsp; &nbsp; &nbsp; &nbsp; &nbsp; &nbsp; &nbsp; &nbsp; &nbsp; &nbsp; &nbsp; &nbsp; &nbsp; &nbsp; &nbsp; &nbsp; &nbsp; &nbsp; &nbsp; &nbsp; &nbsp; &nbsp;28 listopada 2021 r.<\/strong><\/p>\n<p><strong>1.<\/strong>Kalendarz liturgiczny: wtorek \u2013 \u015bw. Andrzja Ap., czwartek \u2013 b\u0142. Rafa\u0142a Chyli\u0144skiego, pi\u0105tek \u2013 \u015bw. Franciszka Ksawerego, sobota \u2013 \u015bw. Barbary i \u015bw. Jana Damsce\u0144skiego.&nbsp;<\/p>\n<p><strong>2. <\/strong>Roraty od poniedzia\u0142ku do soboty o godz. 6.00 dla doros\u0142ych i m\u0142odzie\u017cy. Roraty dla dzieci&nbsp; od poniedzia\u0142ku do pi\u0105tku o godz. 18:00.&nbsp; &nbsp;Prosimy o zaakcentowanie Adwentu&nbsp; w rodzinach przez: wieniec adwentowy lub zapalon\u0105 \u015bwiec\u0119 przy wsp\u00f3lnej modlitwie. R\u00f3\u017caniec do Matki Bo\u017cej Patronki&nbsp; Dobrej \u015amierci we wtorki rano, po roratach.&nbsp;&nbsp;&nbsp;&nbsp;&nbsp;&nbsp;&nbsp;&nbsp;&nbsp;&nbsp;&nbsp;&nbsp;&nbsp;&nbsp;&nbsp;&nbsp;&nbsp;&nbsp;&nbsp;&nbsp;&nbsp;&nbsp;&nbsp;&nbsp;&nbsp;&nbsp;&nbsp;&nbsp;&nbsp;&nbsp;&nbsp;&nbsp;&nbsp;&nbsp;&nbsp;&nbsp;&nbsp;&nbsp;&nbsp;&nbsp;&nbsp;&nbsp;&nbsp;&nbsp;&nbsp;&nbsp;&nbsp;&nbsp;&nbsp;&nbsp;&nbsp;&nbsp; &nbsp;<\/p>\n<p><strong>3<\/strong><strong>. <\/strong>Zapraszamy na adwentowy wieczory ze s\u0142owem Bo\u017cym, w \u015brod\u0119, 1 grudnia o godz. 19:00 w kaplicy. Prosimy przynie\u015b\u0107 Pismo \u015awi\u0119te. Spotkanie b\u0119dzie mia\u0142o form\u0119 p\u00f3\u0142godzinnej medytacji prowadzonej przez ks. wikariusza.&nbsp;&nbsp;<\/p>\n<p>4.Od poniedzia\u0142ku, 29 listopada br., rozpoczynamy nowenn\u0119 przed Uroczysto\u015bci\u0105 Niepokalanego Pocz\u0119cia Naj\u015bwi\u0119tszej Maryi Panny. Zapraszamy na r\u00f3\u017caniec o godz. 17.20 przed wystawionym Naj\u015bwi\u0119tszym Sakramentem, codziennie do 7 grudnia w\u0142\u0105cznie. Za przyczyn\u0105 Matki Bo\u017cej i \u015bw. Andrzeja Boboli b\u0119dziemy si\u0119 modli\u0107 w intencji Polski, aby by\u0142a wolna od niebezpiecze\u0144stw zewn\u0119trznych i wewn\u0119trznych, a dla ludzi b\u0119d\u0105cych z dala od swojej ojczyzny o szcz\u0119\u015bliwy do niej powr\u00f3t.<\/p>\n<p><strong>5.<\/strong> W tym tygodniu: I czwartek, I pi\u0105tek i I sobota miesi\u0105ca. W czwartek adoracja Naj\u015bwi\u0119tszego Sakramentu: od godz. od 17.00 do 18.00. R\u00f3\u017caniec o godz. 17.20 w intencji: uczczenia Tajemnicy Niepokalanego Pocz\u0119cia Naj\u015bw. Maryi Panny oraz w intencji obrony \u017cycia ludzkiego, godno\u015bci jego przekazywania i tych, kt\u00f3rzy kszta\u0142tuj\u0105 opini\u0105 spo\u0142eczn\u0105 na ten temat. Po mszy \u015bw. adoracja do godz. 21.00 w intencji zachowania oraz nowych powo\u0142a\u0144. Spowied\u017a \u015bw. w pi\u0105tek od godz. 15.00 do 18.00, w sobot\u0119 od godz. 16.00 do 18.00. Odwiedziny chorych z sakramentami \u015bw. w pi\u0105tek oraz w sobot\u0119 11 grudnia. Nowe zg\u0142oszenia w zakrystii. R\u00f3\u017caniec Fatimski w sobot\u0119 po porannych roratch. W sobot\u0119 o 19.15 spotkanie Wsp\u00f3lnoty Rodzin.&nbsp;&nbsp;&nbsp;&nbsp;&nbsp;&nbsp;&nbsp;&nbsp;&nbsp;&nbsp;&nbsp;&nbsp;&nbsp;&nbsp;&nbsp;&nbsp;&nbsp;&nbsp;&nbsp;&nbsp;&nbsp;&nbsp;&nbsp;&nbsp;&nbsp;&nbsp;&nbsp;&nbsp;&nbsp;&nbsp;&nbsp;&nbsp;&nbsp;&nbsp;&nbsp;&nbsp;&nbsp;&nbsp;&nbsp;&nbsp;&nbsp;&nbsp;&nbsp;&nbsp;&nbsp;&nbsp;&nbsp;<\/p>\n<p>6.Po\u015bwi\u0119cenie medalika. Spotkanie dzieci pierwszokomunijnych i ich rodzic\u00f3w w czwartek o godz. 15.45 klasa a, b, oraz o 16.45 klasa c, d i inne szko\u0142y. Spotkanie dla rodzic\u00f3w w tym samym czasie w drugiej salce. Po\u015bwi\u0119cenie medalika w \u015brod\u0119, 8 grudnia, na mszy \u015bw. o godz. 18.00.<\/p>\n<p>7.Spotkanie kandydat\u00f3w do bierzmowania w czwartek o godz. 19.00.<\/p>\n<p>8.Cotygodniowe spotkanie m\u0142odzie\u017cy pi\u0105tek 19.15.<\/p>\n<p>9.Prosimy o zg\u0142aszanie w zakrystii chorych i starszych parafian do spowiedzi \u015bw. adwentowej, na sobot\u0119, 18 grudnia o godz. 9.00.<\/p>\n<p>10.Do Katedry zapraszamy ma\u0142\u017ce\u0144stwa, kt\u00f3re prze\u017cywaj\u0105 25 i 50 rocznic\u0119 udzielenia Sakramentu Ma\u0142\u017ce\u0144stwa. Uroczysta Msza \u015bw. celebrowana przez Ks. Bpa Szymona Stu\u0142kowskiego, po\u0142\u0105czona z odnowieniem przyrzecze\u0144 ma\u0142\u017ce\u0144skich, zostanie odprawiona w sobot\u0119, 18 grudnia br. o godz. 16.00.<\/p>\n<p><strong>11.<\/strong>W przysz\u0142\u0105 niedziel\u0119 kwesta na Fundusz Pomocy Ko\u015bcio\u0142owi na Wschodzie.<\/p>\n<p><strong>12.<\/strong>W salce parafialnej \u015bwiece CARITAS i op\u0142atki wigilijne.<\/p>\n<p>13.Zach\u0119camy do czytania prasy katolickiej Przy zakrystii: Przewodnik Katolicki ( z modlitewnikiem na grudzie\u0144), Go\u015b\u0107 Niedzielny (z kalendarzem, gazetka parafialna, poczt\u00f3wki z religijnymi motywami Bo\u017cego Narodzenia.<\/p>\n<p>14.M\u00f3dlmy si\u0119 za zmar\u0142ych parafian. Za dusz\u0119 \u015bp. Kazimierza Rosika, d\u0142ugoletniego zakrystianina w naszej Parafii. Dzie\u0144 pogrzebu nie jest jeszcze ustalony. Wieczny odpoczynek racz zmar\u0142ym da\u0107 Panie.<\/p>\n<p>&nbsp;<\/p>\n<p>&nbsp;<\/p>\n<p>&nbsp;<\/p>\n<p><strong>&nbsp;<\/strong><\/p>\n<p><strong>&nbsp;<\/strong><\/p>\n<p><strong>&nbsp;<\/strong><\/p>\n<p><strong>&nbsp;<\/strong><\/p>\n<p><strong>ADWENTEM <\/strong>rozpoczynamy nowy rok ko\u015bcielny, kt\u00f3ry b\u0119dziemy prze\u017cywa\u0107 pod has\u0142em \u201eWierz\u0119 w Syna Bo\u017cego\u201d. Ka\u017cdego roku Adwent przypomina nam, \u017ce Jezus przyszed\u0142 i nie\u00adustannie przychodzi. Adwent ma by\u0107 czasem pe\u0142nego t\u0119sknoty i mi\u0142o\u015bci oczekiwaniem na spotkanie z Bogiem-Mi\u0142o\u015bci\u0105. Liturgiczna my\u015bl Adwentu ukazuje podw\u00f3jne znaczenie tego okresu. , kt\u00f3re dostrzec mo\u017cna w dw\u00f3ch jego etapach. Pierwszy \u2013 od 1 Niedzieli do 16 grudnia \u2013 sk\u0142ania do spojrzenia w przysz\u0142o\u015b\u0107, kiedy Syn Bo\u017cy, uwielbiony przyjdzie w chwale. Drugi etap Adwentu (od 17 do 24 grudnia), to czas bezpo\u015bredniego przygotowania do Bo\u017cego Narodzenia, to czas szczeg\u00f3lnego wysi\u0142ku odrodzenia w sobie \u017cycia dzieci Bo\u00ad\u017cych. Propozycje postanowie\u0144 adwentowych: 1. udzia\u0142 w roratach, 2. spowied\u017a \u015bw. adwen\u00adtowa<\/p>\n<p><strong>Adwent:<\/strong> (z \u0142ac. <em>adventus \u201e<\/em>przyj\u015bcie\u201d) w liturgii chrze\u015bcija\u0144skiej okres czterech tygodni przygotowuj\u0105cy do \u015bwi\u0119towania tajemnicy Bo\u017cego Narodzenia. Sk\u0142ada si\u0119 z dw\u00f3ch cz\u0119\u015bci. Pierwsza cz\u0119\u015b\u0107 Adwentu (do 16 grudnia) akcentuje w tekstach liturgicznych, w modlitwach i czytaniach biblijnych oczekiwanie na drugie przyj\u015bcie Chrystusa. Druga cz\u0119\u015b\u0107 natomiast (od 17 grudnia do 24) przygotowuje bezpo\u015brednio do uroczysto\u015bci Narodzenia Pa\u0144skiego. Rozpoczyna si\u0119 trzeci\u0105 niedziel\u0105 Adwentu zwan\u0105 niedziel\u0105 Gaudete obchodzon\u0105 szczeg\u00f3l\u00adnie rado\u015bnie. Nazwa ta pochodzi od s\u0142\u00f3w antyfony na wej\u015bcie: <em>Gaudete in Domino<\/em> (radujcie si\u0119 w Panu). W tym dniu szaty liturgiczne s\u0105 r\u00f3\u017cowe. Cho\u0107 Kap\u0142an w okresie Adwentu za\u00adk\u0142ada do Mszy \u015awi\u0119tej ornat w kolorze fioletowym symbolizuj\u0105cym czas pokuty, jest to jednak w odr\u00f3\u017cnieniu od charakteru okresu Wielkiego Postu, czas radosnego przygotowania serc do jednego z najwa\u017cniejszych \u015bwi\u0105t, czas pojednania z Bogiem i lud\u017ami (Iz 40,3). Zwornikiem tekst\u00f3w liturgii adwentowej obydwu cz\u0119\u015bci s\u0105 niedzielne czytania z ksi\u0119gi pro\u00adroka Izajasza (np. w roku liturgicznym A: 2,1-5; 11,1-10; 35,1-6a10; 7,10-14), kt\u00f3re zapo\u00adwiadaj\u0105 radosne przyj\u015bcie Mesjasza. W tym czasie winno si\u0119 odprawi\u0107 rekolekcje, kt\u00f3re maj\u0105 pom\u00f3c wiernym spotka\u0107 si\u0119 z Jezusem szczeg\u00f3lnie w sakramencie pojednania. Pod\u00adczas Adwentu odprawia si\u0119, w dni powszednie przed \u015bwitem, Msz\u0119 \u015bw. ku czci Naj\u015bwi\u0119t\u00adszej Maryi Panny \u2013 roraty. Nazwa ta pochodzi od s\u0142\u00f3w pie\u015bni na wej\u015bcie: <em>Rorate caeli de\u00adsuper<\/em> (Spu\u015b\u0107cie ros\u0119 niebiosa) i przygotowuje uczestnicz\u0105cych do przyj\u0119cia Jezusa z wielk\u0105 mi\u0142o\u015bci\u0105 na wz\u00f3r Maryi. Jest to Msza w czasie kt\u00f3rej \u015bpiewa si\u0119 Gloria. Najstarsze \u015blady odprawianej w Polsce Mszy roratniej si\u0119gaj\u0105 XII w.<\/p>\n<p>Adwent obchodzony corocznie przypomina jednocze\u015bnie, \u017ce ca\u0142e \u017cycie chrze\u015bcijan winno by\u0107 oczekiwaniem na spotkanie umi\u0142owanego Pana. Pocz\u0105wszy od XI w. pierwsza niedziela Adwentu rozpoczyna w Ko\u015bciele nowy rok liturgiczny (A lub B lub C). Tegorocznym Ad\u00adwentem rozpoczynamy liturgiczny rok B.<\/p>\n<p>Symbole adwentowe:<\/p>\n<p><u>Wieniec adwentowy<\/u>: obraz wsp\u00f3lnoty oczekuj\u0105cej w rado\u015bci i mi\u0142o\u015bci swego Pana. Stanowi symbol zwyci\u0119stwa i godno\u015bci kr\u00f3lewskiej. Cztery \u015bwiece symbolizuj\u0105 cztery niedziele Ad\u00adwentu. Zapalanie tych kolejnych \u015bwiec (\u015bwiecy pokoju, wiary, mi\u0142o\u015bci, nadziei) oznacza czuwanie i gotowo\u015b\u0107 na przyj\u015bcie Chrystusa. \u015awiat\u0142o, ziele\u0144, forma kr\u0119gu wie\u0144ca posiadaj\u0105 swoj\u0105 wymow\u0119 i oznaczaj\u0105: nadziej\u0119, \u017cycie, wieczno\u015b\u0107 Boga.<\/p>\n<p>Tw\u00f3rc\u0105 wie\u0144ca adwentowego jest niemiecki pastor ewangelicki Johann Wichern (1808-1881).<\/p>\n<p>&nbsp;<\/p>\n<p>&nbsp;<\/p>\n<p>&nbsp;<\/p>\n<p>W niekt\u00f3rych parafiach polskich w pierwsz\u0105 niedziel\u0119 Adwentu istnieje zwy\u00adczaj \u015bwi\u0119cenia wie\u0144c\u00f3w adwentowych. Ca\u0142a rodzina gromadz\u0105c si\u0119 przy wsp\u00f3lnej modli\u00adtwie zapala kolejne \u015bwiece na znak czuwania i gotowo\u015bci razem z ca\u0142ym Ko\u015bcio\u0142em na przyj\u015bcie Jezusa.<\/p>\n<p><u>\u015awieca roratnia<\/u><strong>: <\/strong>z odprawianiem Mszy roratniej wi\u0105\u017ce si\u0119 zapalanie przy o\u0142tarzu si\u00f3dmej \u015bwiecy ozdobionej bia\u0142\u0105 lub niebiesk\u0105 wst\u0105\u017ck\u0105. Symbolizuje ona Niepokalan\u0105, kt\u00f3ra przy\u00adnios\u0142a \u015bwiatu Chrystusa-s\u0142o\u0144ce.<\/p>\n<p><u>Kalendarz adwentowy<\/u> ma zwykle kszta\u0142t drabiny, po kt\u00f3rej Dzieci\u0119 Jezus zst\u0119puje w kie\u00adrunku \u017c\u0142\u00f3bka. Symbolizuje Maryj\u0119, kt\u00f3ra sta\u0142a si\u0119 drabin\u0105 niebiesk\u0105 przez kt\u00f3r\u0105 B\u00f3g zst\u0105pi\u0142 na ziemi\u0119.<\/p>\n<p><strong>Pustynia<\/strong>: potrzebujemy pustyni, by w ciszy us\u0142ysze\u0107 g\u0142os Boga, kt\u00f3ry rozbrzmiewa w nas. Adwent jest wyj\u015bciem na pustyni\u0119 (Oz 2,16), czasem wyprostowywania pokr\u0119conych dr\u00f3g naszego \u017cycia (Mk 1,3; Iz 40,3). To okres kiedy suche jak pustynia serce cz\u0142owieka otrzy\u00admuje obietnic\u0119 wody \u017cywej Zbawiciela (Iz 35,1-3; 45,8).<\/p>\n<p><strong>Pos\u0142any: <\/strong>B\u00f3g Ojciec realizuje sw\u00f3j plan zbawienia poprzez pos\u0142annictwo. Posy\u0142a Jana Chrzciciela, aby przygotowa\u0142 drog\u0119 Panu (Mk 1,1-4). Posy\u0142a Archanio\u0142a Gabriela do dzie\u00adwicy Maryi, aby oznajmi\u0142 jej, \u017ce pocznie i porodzi Syna, kt\u00f3remu nada imi\u0119 Jezus (\u0141k 1,26-38), posy\u0142a swego Syna (\u0141k 4,18), posy\u0142a Ducha Swi\u0119tego (J 14,26). Pos\u0142annictwo Syna znajduje z kolei swoje przed\u0142u\u017cenie w misji jego wys\u0142annik\u00f3w \u2013 dwunastu aposto\u0142\u00f3w, kt\u00f3rych jeszcze za swojego \u017cycia Jezus wys\u0142a\u0142 przed sob\u0105, aby g\u0142osili S\u0142owo (\u0141k 10,3).<\/p>\n<p>&nbsp;<\/p>\n<p>Bibliografia<\/p>\n<p>Bogus\u0142aw Nadolski, Liturgika, II, Pozna\u0144 1991.<\/p>\n<p>Tarsycjusz Sinka, Liturgika, Krak\u00f3w 1994.<\/p>\n<p>&nbsp;<\/p>\n<p>&nbsp;<\/p>\n<p>&nbsp;<\/p>\n<p>&nbsp;<\/p>\n<p>&nbsp;<\/p>\n<p>&nbsp;<\/p>\n<p>&nbsp;<\/p>\n","protected":false},"excerpt":{"rendered":"<p>OG\u0141OSZENIA DUSZPASTERSKIE &nbsp;NIEDZIELA I ADWENTU&nbsp; &nbsp; &nbsp; &nbsp; &nbsp; &nbsp; &nbsp; &nbsp; &nbsp; &nbsp; &nbsp; &nbsp; &nbsp; &nbsp; &nbsp; &nbsp; &nbsp; &nbsp; &nbsp; &nbsp; &nbsp; &nbsp;28 listopada 2021 r. 1.Kalendarz liturgiczny: wtorek \u2013 \u015bw. Andrzja Ap., czwartek \u2013 b\u0142. Rafa\u0142a Chyli\u0144skiego, pi\u0105tek \u2013 \u015bw. Franciszka Ksawerego, sobota \u2013 \u015bw. Barbary i \u015bw. Jana Damsce\u0144skiego.&nbsp; 2. &#8230; <span class=\"more\"><a class=\"more-link\" href=\"https:\/\/www.chnk.pl\/?p=3350\">czytaj wi\u0119cej<\/a><\/span><\/p>\n","protected":false},"author":3,"featured_media":0,"comment_status":"open","ping_status":"open","sticky":false,"template":"","format":"standard","meta":{"ngg_post_thumbnail":0,"footnotes":""},"categories":[1],"tags":[],"_links":{"self":[{"href":"https:\/\/www.chnk.pl\/index.php?rest_route=\/wp\/v2\/posts\/3350"}],"collection":[{"href":"https:\/\/www.chnk.pl\/index.php?rest_route=\/wp\/v2\/posts"}],"about":[{"href":"https:\/\/www.chnk.pl\/index.php?rest_route=\/wp\/v2\/types\/post"}],"author":[{"embeddable":true,"href":"https:\/\/www.chnk.pl\/index.php?rest_route=\/wp\/v2\/users\/3"}],"replies":[{"embeddable":true,"href":"https:\/\/www.chnk.pl\/index.php?rest_route=%2Fwp%2Fv2%2Fcomments&post=3350"}],"version-history":[{"count":1,"href":"https:\/\/www.chnk.pl\/index.php?rest_route=\/wp\/v2\/posts\/3350\/revisions"}],"predecessor-version":[{"id":3351,"href":"https:\/\/www.chnk.pl\/index.php?rest_route=\/wp\/v2\/posts\/3350\/revisions\/3351"}],"wp:attachment":[{"href":"https:\/\/www.chnk.pl\/index.php?rest_route=%2Fwp%2Fv2%2Fmedia&parent=3350"}],"wp:term":[{"taxonomy":"category","embeddable":true,"href":"https:\/\/www.chnk.pl\/index.php?rest_route=%2Fwp%2Fv2%2Fcategories&post=3350"},{"taxonomy":"post_tag","embeddable":true,"href":"https:\/\/www.chnk.pl\/index.php?rest_route=%2Fwp%2Fv2%2Ftags&post=3350"}],"curies":[{"name":"wp","href":"https:\/\/api.w.org\/{rel}","templated":true}]}}