{"id":3329,"date":"2021-10-09T17:08:29","date_gmt":"2021-10-09T17:08:29","guid":{"rendered":"http:\/\/www.chnk.pl\/?p=3329"},"modified":"2021-10-09T17:08:29","modified_gmt":"2021-10-09T17:08:29","slug":"spotkanie-rodziny-radia-maryja-w-poznaniu","status":"publish","type":"post","link":"https:\/\/www.chnk.pl\/?p=3329","title":{"rendered":"SPOTKANIE RODZINY RADIA MARYJA W POZNANIU"},"content":{"rendered":"<p>&nbsp;<\/p>\n<p>&nbsp;<\/p>\n<p>&nbsp;&nbsp;&nbsp;&nbsp;&nbsp;&nbsp;&nbsp;&nbsp;&nbsp;&nbsp;&nbsp; 25 pa\u017adziernika 2021 r. w ramach Tygodnia Misyjnego w parafii Chrystusa Dobrego Pasterza w Poznaniu prze\u017cywa\u0107 b\u0119dziemy Poniedzia\u0142kowe Misyjne Spotkanie Rodziny Radia Maryja. Tematem spotkania b\u0119d\u0105 \u201eWsp\u00f3\u0142cze\u015bni misyjni \u015bwiadkowie wiary \u2013 S\u0142udzy Bo\u017cy \u2013 Pani Doktor Wanda B\u0142e\u0144ska i O. Marian \u017belazek SVD\u201d.<\/p>\n<p>O godz. 16:30 w sali domu parafialnego b\u0119dzie mia\u0142o miejsce spotkanie przedstawicieli K\u00f3\u0142 Radia Maryja z ojcem z Radia. Zapraszamy przedstawicieli z naszej archidiecezji.<\/p>\n<p>O godz. 17:30 rozpocznie si\u0119 transmisja tematycznego spotkania s\u0142ownomuzycznego,<br \/>\na nast\u0119pnie Msza \u015bw., kt\u00f3rej przewodniczy\u0142 b\u0119dzie Bp Szymon Stu\u0142kowski.<\/p>\n<p>O godz. 21:30 w Radio Maryja rozpoczn\u0105 si\u0119 \u201eRozmowy niedoko\u0144czone\u201d zatytu\u0142owane: \u201eWsp\u00f3\u0142cze\u015bni misyjni \u015bwiadkowie wiary \u2013 S\u0142udzy Bo\u017cy \u2013 Pani Doktor Wanda B\u0142e\u0144ska i O. Marian \u017belazek SVD\u201d.<\/p>\n<p>Zapraszamy do udzia\u0142u i wsp\u00f3lnej modlitwy<\/p>\n<p>&nbsp;<\/p>\n","protected":false},"excerpt":{"rendered":"<p>&nbsp; &nbsp; &nbsp;&nbsp;&nbsp;&nbsp;&nbsp;&nbsp;&nbsp;&nbsp;&nbsp;&nbsp;&nbsp; 25 pa\u017adziernika 2021 r. w ramach Tygodnia Misyjnego w parafii Chrystusa Dobrego Pasterza w Poznaniu prze\u017cywa\u0107 b\u0119dziemy Poniedzia\u0142kowe Misyjne Spotkanie Rodziny Radia Maryja. Tematem spotkania b\u0119d\u0105 \u201eWsp\u00f3\u0142cze\u015bni misyjni \u015bwiadkowie wiary \u2013 S\u0142udzy Bo\u017cy \u2013 Pani Doktor Wanda B\u0142e\u0144ska i O. Marian \u017belazek SVD\u201d. O godz. 16:30 w sali domu parafialnego b\u0119dzie mia\u0142o &#8230; <span class=\"more\"><a class=\"more-link\" href=\"https:\/\/www.chnk.pl\/?p=3329\">czytaj wi\u0119cej<\/a><\/span><\/p>\n","protected":false},"author":3,"featured_media":0,"comment_status":"open","ping_status":"open","sticky":false,"template":"","format":"standard","meta":{"ngg_post_thumbnail":0,"footnotes":""},"categories":[1],"tags":[],"_links":{"self":[{"href":"https:\/\/www.chnk.pl\/index.php?rest_route=\/wp\/v2\/posts\/3329"}],"collection":[{"href":"https:\/\/www.chnk.pl\/index.php?rest_route=\/wp\/v2\/posts"}],"about":[{"href":"https:\/\/www.chnk.pl\/index.php?rest_route=\/wp\/v2\/types\/post"}],"author":[{"embeddable":true,"href":"https:\/\/www.chnk.pl\/index.php?rest_route=\/wp\/v2\/users\/3"}],"replies":[{"embeddable":true,"href":"https:\/\/www.chnk.pl\/index.php?rest_route=%2Fwp%2Fv2%2Fcomments&post=3329"}],"version-history":[{"count":1,"href":"https:\/\/www.chnk.pl\/index.php?rest_route=\/wp\/v2\/posts\/3329\/revisions"}],"predecessor-version":[{"id":3330,"href":"https:\/\/www.chnk.pl\/index.php?rest_route=\/wp\/v2\/posts\/3329\/revisions\/3330"}],"wp:attachment":[{"href":"https:\/\/www.chnk.pl\/index.php?rest_route=%2Fwp%2Fv2%2Fmedia&parent=3329"}],"wp:term":[{"taxonomy":"category","embeddable":true,"href":"https:\/\/www.chnk.pl\/index.php?rest_route=%2Fwp%2Fv2%2Fcategories&post=3329"},{"taxonomy":"post_tag","embeddable":true,"href":"https:\/\/www.chnk.pl\/index.php?rest_route=%2Fwp%2Fv2%2Ftags&post=3329"}],"curies":[{"name":"wp","href":"https:\/\/api.w.org\/{rel}","templated":true}]}}