{"id":3322,"date":"2021-10-09T16:52:24","date_gmt":"2021-10-09T16:52:24","guid":{"rendered":"http:\/\/www.chnk.pl\/?p=3322"},"modified":"2021-10-09T16:52:24","modified_gmt":"2021-10-09T16:52:24","slug":"28-niedziela-zwykla-4","status":"publish","type":"post","link":"https:\/\/www.chnk.pl\/?p=3322","title":{"rendered":"28 Niedziela Zwyk\u0142a"},"content":{"rendered":"<p><strong>OG\u0141OSZENIA DUSZPASTERSKIE<\/strong><\/p>\n<p><strong>NIEDZIELA&nbsp; XXVIII ZWYK\u0141A<\/strong><\/p>\n<p><strong>10 pa\u017adziernika 2021 r.<\/strong><\/p>\n<ol>\n<li><strong> We wtorek, 12 pa\u017adziernika br., w Rocznic\u0119 Po\u015bwi\u0119cenia Katedry Pozna\u0144skiej odb\u0119d\u0105 si\u0119 w&nbsp;Bazylice Archikatedralnej dwa uroczyste nabo\u017ce\u0144stwa, kt\u00f3rym w tym roku w spos\u00f3b szczeg\u00f3lny b\u0119dzie towarzyszy\u0142a intencja o b\u0142ogos\u0142awione owoce dla Ko\u015bcio\u0142a w Polsce wizyty biskup\u00f3w w Stolicy Apostolskiej i spotkania z papie\u017cem Franciszkiem: <\/strong><strong>o godz. 11<sup>30<\/sup>, z okazji \u015awiatowego Dnia Seniora Msza&nbsp;\u015bw., kt\u00f3rej przewodniczy\u0107 b\u0119dzie Ksi\u0105dz Biskup Grzegorz Balcerek, na kt\u00f3r\u0105 zapraszamy szczeg\u00f3lnie wszystkich senior\u00f3w, emeryt\u00f3w i starszych wiekiem. Przed Msz\u0105&nbsp;\u015bw. o godz. 11<sup>00<\/sup> kr\u00f3tki koncert religijny, a o godz. 18<sup>00<\/sup> Nieszpory, na kt\u00f3re zapraszamy wiernych m.&nbsp;Poznania. Uroczysto\u015bci przewodniczy\u0107 b\u0119dzie Ksi\u0105dz Biskup Zdzis\u0142aw Fortuniak<\/strong><\/li>\n<li><strong>W niedziel\u0119, dnia 17 pa\u017adziernika 2021 roku w katedrze pozna\u0144skiej o godzinie 15.00 Ksi\u0105dz Arcybiskup Stanis\u0142aw G\u0105decki b\u0119dzie celebrowa\u0142 Msz\u0119 \u015awi\u0119t\u0105, kt\u00f3ra zainauguruje Synod Biskup\u00f3w \u201eKu Ko\u015bcio\u0142owi synodalnemu: komunia, uczestnictwo, misja\u201d w&nbsp;Archidiecezji Pozna\u0144skiej.<\/strong><\/li>\n<li><strong>Nabo\u017ce\u0144stwa r\u00f3\u017ca\u0144cowe codziennie o godz. 17.30 i r\u00f3\u017caniec, w dni powszednie, po mszy \u015bw. porannej z wyj\u0105tkiem wtorku, wtedy r\u00f3\u017caniec o 7.25. R\u00f3\u017caniec dla dzieci we wtorki, \u015brody i czwartki o godz. 16.30. Prosimy o liczniejszy udzia\u0142 dzieci przygotowuj\u0105cych si\u0119 do I komunii \u015bw.<\/strong><\/li>\n<li><strong> W dni powszednie przyjmujemy rezerwacje intencji mszalnych na 2022 r.<\/strong><\/li>\n<li><strong> Bierzmowanie, przesuni\u0119te z powodu pandemii, odb\u0119dzie si\u0119 w niedziel\u0119 7 listopada na Mszy \u015bw. o 18:00. Prosimy wtedy pozosta\u0142ych parafian o wyb\u00f3r innej godziny Mszy \u015bw. M\u0142odzie\u017c, kt\u00f3ra ma przyst\u0105pi\u0107 do tego sakramentu odb\u0119dzie obowi\u0105zkowe warsztaty ewangelizacyjne 23 pa\u017adziernika w godz. 10:30 \u2013 12:30 w salce parafialnej. Nast\u0119pnie 2 i 3 listopada od godz. 19:30 odb\u0119d\u0105 si\u0119 pr\u00f3by liturgiczne w ko\u015bciele, a 5 listopada od godz. 19:30 w ko\u015bciele b\u0119dzie wiecz\u00f3r modlitwy z okazj\u0105 do spowiedzi dla kandydat\u00f3w i ich&nbsp; rodzic\u00f3w.<\/strong><\/li>\n<li><strong> W pi\u0105tek, 15 pa\u017adziernika, przypada Dzie\u0144 Dziecka Utraconego. Na mszy \u015bw. o godz. 18.00 ogarniemy modlitw\u0105 rodzic\u00f3w i rodziny, kt\u00f3re przedwcze\u015bnie po\u017cegna\u0142y cz\u0142onka swojej rodziny.&nbsp; B\u0119dziemy modli\u0107 si\u0119 tak\u017ce o dzietno\u015b\u0107 rodzin. Zapraszamy do modlitwy w tej intencji.<\/strong><\/li>\n<li><strong> Zbi\u00f3rka dla ministrant\u00f3w ze szko\u0142y podstawowej w \u015brod\u0119 o 19:00 w salce, wej\u015bcie z dziedzi\u0144ca.<\/strong><\/li>\n<li><strong> Spotkanie dla m\u0142odzie\u017cy w pi\u0105tek o godz. 19.15 w salce parafialnej.<\/strong><\/li>\n<li><strong> B\u00f3g zap\u0142a\u0107 za ofiary na doposa\u017cenie ko\u015bcio\u0142a. B\u00f3g zap\u0142a\u0107 za ofiary, sk\u0142adane dzisiaj przed ko\u015bcio\u0142em, na fundusz stypendialny &#8222;Dzie\u0142o Nowego Tysi\u0105clecia&#8221;.<\/strong><\/li>\n<li><strong> Odpust we Farze Pozna\u0144skiej od 10 do 17 pa\u017adziernika. Program na tablicy og\u0142osze\u0144.<\/strong><\/li>\n<li><strong> Zach\u0119camy do czytania prasy katolickiej. Przy zakrystii <em>Przewodnik Katolicki,<\/em><\/strong><strong> <em>Go\u015b\u0107 Niedzielny<\/em>, <em>Ma\u0142y Przewodnik Katolicki, Tota Tua (miesi\u0119cznik dla czcicieli Matki Bo\u017cej) <\/em>i gazetka parafia.<\/strong><\/li>\n<li><strong> M\u00f3dlmy si\u0119 za zmar\u0142ych parafian. Za dusz\u0119 sp. Jacka Borkowskiego, os. Lecha 25 (msza \u015bw. pogrzebowa w czwartek o godz. 11.30), dusz\u0119 \u015bp. Aleksandry Malinowskiej, os. Lecha 22 i dusz\u0119 \u015bp. Teresy \u0141ukaszewskiej, os. Lecha 42. Wieczny odpoczynek racz zmar\u0142ym da\u0107 Panie.<\/strong><\/li>\n<\/ol>\n<p>&nbsp;<\/p>\n","protected":false},"excerpt":{"rendered":"<p>OG\u0141OSZENIA DUSZPASTERSKIE NIEDZIELA&nbsp; XXVIII ZWYK\u0141A 10 pa\u017adziernika 2021 r. We wtorek, 12 pa\u017adziernika br., w Rocznic\u0119 Po\u015bwi\u0119cenia Katedry Pozna\u0144skiej odb\u0119d\u0105 si\u0119 w&nbsp;Bazylice Archikatedralnej dwa uroczyste nabo\u017ce\u0144stwa, kt\u00f3rym w tym roku w spos\u00f3b szczeg\u00f3lny b\u0119dzie towarzyszy\u0142a intencja o b\u0142ogos\u0142awione owoce dla Ko\u015bcio\u0142a w Polsce wizyty biskup\u00f3w w Stolicy Apostolskiej i spotkania z papie\u017cem Franciszkiem: o godz. &#8230; <span class=\"more\"><a class=\"more-link\" href=\"https:\/\/www.chnk.pl\/?p=3322\">czytaj wi\u0119cej<\/a><\/span><\/p>\n","protected":false},"author":3,"featured_media":0,"comment_status":"open","ping_status":"open","sticky":false,"template":"","format":"standard","meta":{"ngg_post_thumbnail":0,"footnotes":""},"categories":[1],"tags":[],"_links":{"self":[{"href":"https:\/\/www.chnk.pl\/index.php?rest_route=\/wp\/v2\/posts\/3322"}],"collection":[{"href":"https:\/\/www.chnk.pl\/index.php?rest_route=\/wp\/v2\/posts"}],"about":[{"href":"https:\/\/www.chnk.pl\/index.php?rest_route=\/wp\/v2\/types\/post"}],"author":[{"embeddable":true,"href":"https:\/\/www.chnk.pl\/index.php?rest_route=\/wp\/v2\/users\/3"}],"replies":[{"embeddable":true,"href":"https:\/\/www.chnk.pl\/index.php?rest_route=%2Fwp%2Fv2%2Fcomments&post=3322"}],"version-history":[{"count":1,"href":"https:\/\/www.chnk.pl\/index.php?rest_route=\/wp\/v2\/posts\/3322\/revisions"}],"predecessor-version":[{"id":3323,"href":"https:\/\/www.chnk.pl\/index.php?rest_route=\/wp\/v2\/posts\/3322\/revisions\/3323"}],"wp:attachment":[{"href":"https:\/\/www.chnk.pl\/index.php?rest_route=%2Fwp%2Fv2%2Fmedia&parent=3322"}],"wp:term":[{"taxonomy":"category","embeddable":true,"href":"https:\/\/www.chnk.pl\/index.php?rest_route=%2Fwp%2Fv2%2Fcategories&post=3322"},{"taxonomy":"post_tag","embeddable":true,"href":"https:\/\/www.chnk.pl\/index.php?rest_route=%2Fwp%2Fv2%2Ftags&post=3322"}],"curies":[{"name":"wp","href":"https:\/\/api.w.org\/{rel}","templated":true}]}}