{"id":3317,"date":"2021-10-02T17:27:22","date_gmt":"2021-10-02T17:27:22","guid":{"rendered":"http:\/\/www.chnk.pl\/?p=3317"},"modified":"2021-10-02T17:27:22","modified_gmt":"2021-10-02T17:27:22","slug":"27-niedziela-zwykla-4","status":"publish","type":"post","link":"https:\/\/www.chnk.pl\/?p=3317","title":{"rendered":"27 Niedziela Zwyk\u0142a"},"content":{"rendered":"<p><strong>&nbsp;<\/strong><\/p>\n<p><strong>OG\u0141OSZENIA DUSZPASTERSKIE<\/strong><\/p>\n<p><strong>NIEDZIELA XXVII ZWYK\u0141A<\/strong><\/p>\n<p><strong>3 pa\u017adziernika 2021 r.<\/strong><\/p>\n<ol>\n<li>Kalendarz liturgiczny: poniedzia\u0142ek \u2013 \u015bw. Franciszka z Asy\u017cu, wtorek \u2013 \u015bw. Faustyny Kowalskiej, \u015broda \u2013 \u015bw. Brunona, czwartek &#8211; Matki Bo\u017cej R\u00f3\u017ca\u0144cowej, sobota \u2013 \u015bw. Dionizego i \u015bw. Jana Leonardiego.<\/li>\n<li>W dniu 7 pa\u017adziernika 2021 roku w Narodowym Sanktuarium \u015bw. J\u00f3zefa w Kaliszu Ksi\u0105dz Arcybiskup Stanis\u0142aw G\u0105decki Metropolita Pozna\u0144ski dokona aktu Zawierzenia Narodu i Ko\u015bcio\u0142a w Polsce \u015awi\u0119temu J\u00f3zefowi. Rekolekcje przed Aktem Zawierzenia b\u0119d\u0105 transmitowanie przez Radio Maryja i TV Trwam w blokach przed i po po\u0142udniowych od 4 pa\u017adziernika.<\/li>\n<li>Nabo\u017ce\u0144stwa r\u00f3\u017ca\u0144cowe codziennie o godz. 17.30 i r\u00f3\u017caniec, w dni powszednie, po mszy \u015bw. porannej. Dla dzieci nabo\u017ce\u0144stwo r\u00f3\u017ca\u0144cowe: we wtorki, \u015brody i czwartki o godz. 16.30. Prosimy rodzic\u00f3w, aby do\u0142o\u017cyli stara\u0144, by dzieci uczestniczy\u0142y w nabo\u017ce\u0144stwie r\u00f3\u017ca\u0144cowym. Dzieci zapraszamy tak\u017ce do \u015bpiewu w scholi dzieci\u0119cej na mszy \u015bw. o godz. 11.15 w przysz\u0142\u0105 niedziel\u0119. Pr\u00f3ba \u015bpiewu na ch\u00f3rze o godz. 10.30.<\/li>\n<li>Zapraszamy na msze \u015bw. w intencji wsp\u00f3lnot r\u00f3\u017ca\u0144cowych: we wtorek o godz. 7.30 msza \u015bw. Apostolstwa Dobrej \u015amierci, a w czwartek, 7 pa\u017adziernika o godz. 18.00 msza \u015bw. \u017bywego R\u00f3\u017ca\u0144ca.<\/li>\n<li>Zbi\u00f3rka ministrant\u00f3w starszych w \u015brod\u0119 o godz. 19.00 w salce parafialnej. &nbsp;&nbsp;&nbsp;&nbsp;&nbsp;&nbsp;&nbsp;&nbsp;&nbsp;&nbsp;&nbsp;&nbsp;&nbsp;&nbsp;&nbsp;&nbsp;&nbsp;&nbsp;&nbsp;&nbsp;&nbsp;&nbsp;&nbsp;&nbsp;&nbsp;&nbsp;&nbsp;&nbsp;&nbsp;&nbsp;&nbsp;&nbsp;&nbsp;&nbsp;&nbsp;&nbsp;&nbsp;&nbsp;&nbsp;&nbsp;&nbsp;&nbsp;&nbsp;&nbsp;&nbsp;&nbsp;&nbsp;&nbsp;&nbsp;&nbsp;&nbsp;&nbsp;&nbsp;&nbsp;&nbsp;&nbsp;&nbsp;&nbsp;&nbsp;&nbsp;&nbsp;&nbsp;&nbsp;&nbsp;&nbsp;&nbsp;&nbsp;&nbsp;&nbsp;&nbsp;&nbsp;&nbsp;&nbsp;&nbsp;&nbsp;&nbsp;&nbsp;&nbsp;&nbsp;&nbsp;&nbsp;&nbsp;&nbsp;&nbsp;&nbsp;&nbsp;&nbsp;&nbsp;&nbsp;&nbsp;&nbsp;&nbsp;&nbsp;&nbsp;&nbsp;&nbsp;&nbsp;&nbsp;&nbsp;&nbsp;&nbsp;&nbsp;&nbsp;&nbsp;&nbsp;&nbsp;&nbsp;&nbsp;&nbsp;&nbsp;&nbsp;&nbsp;&nbsp;&nbsp;&nbsp;&nbsp;&nbsp;&nbsp;&nbsp;&nbsp;&nbsp;&nbsp;&nbsp;&nbsp;&nbsp;&nbsp;&nbsp;&nbsp;&nbsp;&nbsp;&nbsp;&nbsp;&nbsp;&nbsp;&nbsp;&nbsp;&nbsp;&nbsp;&nbsp;&nbsp;&nbsp;&nbsp;&nbsp;&nbsp;&nbsp;&nbsp;&nbsp;&nbsp;&nbsp;&nbsp;&nbsp;&nbsp;&nbsp;&nbsp;&nbsp;&nbsp;&nbsp;<\/li>\n<li>W czwartek Adoracja Naj\u015bwi\u0119tszego Sakramentu po mszy \u015bw. wieczornej do godz. 21.00 w intencji powo\u0142a\u0144 kap\u0142a\u0144skich, zakonnych i misyjnych.<\/li>\n<li>M\u0142odzie\u017c od 7 klasy SP zapraszamy na spotkanie duszpasterstwa m\u0142odzie\u017cy w pi\u0105tek o 19:15 w salce.<\/li>\n<li>Spotkanie Wsp\u00f3lnoty Rodzin w sobot\u0119 o godz. 19.15 w ko\u015bciele.<\/li>\n<li>Spowied\u017a w pa\u017adzierniku: w poniedzia\u0142ki i wtorki p\u00f3\u0142 godziny przed rann\u0105 msz\u0105 \u015bw.; od \u015brody do pi\u0105tku p\u00f3\u0142 godziny przed rann\u0105 i wieczorn\u0105 msz\u0105 \u015bw.; w soboty p\u00f3\u0142 godziny przed rann\u0105 msz\u0105 \u015bw. oraz 16:00-18:00; w niedziele przed mszami \u015bw. z wyj\u0105tkiem wieczornej.<\/li>\n<li>B\u00f3g zap\u0142a\u0107 za owoce tegorocznego lata ( zostan\u0105 przekazane SS. Albertynkom do jad\u0142odajni Caritas) i B\u00f3g zap\u0142a\u0107 za ofiary z \u017c\u00f3\u0142tych kartek na doposa\u017canie ko\u015bcio\u0142a.<\/li>\n<li>W przysz\u0142\u0105 niedziel\u0119 w naszej parafii Dzie\u0144 Papieski. Przed ko\u015bcio\u0142em mo\u017cliwo\u015b\u0107 z\u0142o\u017cenia ofiary na fundusz stypendialny dla niezamo\u017cnej m\u0142odzie\u017cy &#8211; \u017cywy pomnik wdzi\u0119czno\u015bci za \u017cycie i pontyfikat \u015bw. Jana Paw\u0142a II.<\/li>\n<li>Salezja\u0144skie Centrum M\u0142odzie\u017cowe informuje, \u017ce prowadzi Katolick\u0105 Poradni\u0119 Psychologiczn\u0105, przy ul. Wy\u017cyny 7. Szczeg\u00f3\u0142y na tablicy og\u0142osze\u0144.<\/li>\n<li>W niedziel\u0119 10 pa\u017adziernika o godz. 16:30 odb\u0119dzie si\u0119 w Bazylice Archikatedralnej w Poznaniu premiera Verba Sacra w ramach cyklu Biblia Trzeciego Tysi\u0105clecia. Fragmenty Ksi\u0119gi Przys\u0142\u00f3w us\u0142yszymy w interpretacji popularnej aktorki telewizyjnej Barbary Bursztynowicz. Komentarz: ks. prof. dr hab. Janusz Nawrot. Oprawa muzyczna: kwartet Improsonus pod kierownictwem Katarzyny Stroi\u0144skiej &#8211; Sierant. Wst\u0119p wolny. Planowana jest transmisja na kanale YouTube <a href=\"https:\/\/l.facebook.com\/l.php?u=https%3A%2F%2Fwww.youtube.com%2Fverbasacraonline%3Ffbclid%3DIwAR3JwRWoR_h1wCM_93qZCXuzV15dC3qVBrhkgKxvqXVamB7Qksv9RMR9h-E&amp;h=AT33h0q2eqHEL90WT81ayhIbPMjFkTmFQRDskq6pmP4VsEUx7QASc5WMg65FbGLvZZY6O2SA7zGOiocQqlBMPQyASEB3fOKoqv8Vb9asMJsMbgFND3q1nu563MpSoTCV9TTc&amp;__tn__=-UK-R&amp;c%5B0%5D=AT00EOTyRMj3Q6jxY6VMEk6BIdP91vvL2rlRmi6HAD3eg-so17fYKNXxytFbAPMVeulemmTBdoWjTOealLnPE0Sh7ck8OcYi19MIAaUc6lzZ-KfmuSwtZb5FcK4b3l8Voo2BQFICqQ6KL74_AjVHMNLXkshVcrFHlLFaKTPfjl7svmypYVmJphF-W7JY\">https:\/\/www.youtube.com\/verbasacraonline <\/a><\/li>\n<li>Zach\u0119camy do czytania prasy katolickiej. Przy zakrystii: Przewodnik Katolicki, Go\u015b\u0107 Niedzielny, Ma\u0142y Przewodnik Katolicki i gazetka parafialna. Tydzie\u0144 \u015bw. Franciszka w Akademii Lubra\u0144skiego. Szczeg\u00f3\u0142y na tablicy og\u0142osze\u0144.<\/li>\n<\/ol>\n<ul>\n<li>&nbsp;<\/li>\n<\/ul>\n<p>&nbsp;&nbsp;<\/p>\n<p>&nbsp;<\/p>\n<p>&nbsp;<\/p>\n<p>&nbsp;&nbsp;&nbsp;&nbsp;&nbsp;&nbsp;&nbsp;&nbsp; TYDZIE\u0143 \u015aWI\u0118TEGO FRANCISZKA<\/p>\n<p>&nbsp; w Akademii Lubra\u0144skiego&nbsp;&nbsp;&nbsp;&nbsp;&nbsp;&nbsp;&nbsp;&nbsp;&nbsp;&nbsp;&nbsp;&nbsp;&nbsp;&nbsp;&nbsp;&nbsp;&nbsp;&nbsp;&nbsp;&nbsp;&nbsp;&nbsp;&nbsp;&nbsp;&nbsp;&nbsp;&nbsp;&nbsp;&nbsp;&nbsp;&nbsp;&nbsp;&nbsp;&nbsp;&nbsp;&nbsp;&nbsp;&nbsp;&nbsp;&nbsp;&nbsp;&nbsp;&nbsp;&nbsp;&nbsp;&nbsp;&nbsp;&nbsp;&nbsp;&nbsp;&nbsp;&nbsp;&nbsp;&nbsp;&nbsp;&nbsp;&nbsp;&nbsp;&nbsp;&nbsp;&nbsp;<\/p>\n<p><strong>&nbsp;<\/strong><\/p>\n<p>Czwartek, 7 pa\u017adziernika 2021<\/p>\n<p>Godz. 18.00, ko\u015bci\u00f3\u0142 Naj\u015bwi\u0119tszej Maryi Panny in Summo, Ostr\u00f3w Tumski<\/p>\n<p><strong>Modlitwa o wi\u0119ksz\u0105 wra\u017cliwo\u015b\u0107 ekologiczn\u0105 mieszka\u0144c\u00f3w Poznania<br \/>\n\u015apiew: Poldek Twardowski oraz Ch\u00f3r Kameralny Akademii Lubra\u0144skiego<\/strong><\/p>\n<p><strong>&nbsp;<\/strong><\/p>\n<p>Sobota, 9 pa\u017adziernika 2021<\/p>\n<p>&nbsp;<\/p>\n<p>Godz. 11.00-14.00&nbsp; Akademia Lubra\u0144skiego (wst\u0119p wolny)<\/p>\n<p><strong>Rodzinne czytanie \u201e\u015awi\u0119ty Franciszek\u201d z serii \u201e\u015awi\u0119ci u\u015bmiechni\u0119ci\u201d.<br \/>\nSpotkanie z Eliz\u0105 Piotrowsk\u0105, autork\u0105 ksi\u0105\u017cki&nbsp; <\/strong><\/p>\n<p>oraz<\/p>\n<p><strong>Warsztaty pszczelarskie dla rodzin przy pasiece edukacyjnej Akademii Lubra\u0144skiego zako\u0144czone degustacj\u0105 miodu<\/strong><\/p>\n<p><strong>&nbsp;<\/strong><\/p>\n<p><strong>&nbsp;<\/strong><\/p>\n<p>Godz. 14.30-15.00&nbsp; Akademia Lubra\u0144skiego, Ogrody (wst\u0119p wolny)<\/p>\n<p><strong>Nasadzenie pierwszych drzew (wi\u015bni ozdobnych) oraz nadanie imion: Franciszek i Klara w ramach programu \u201eDrzewo Franciszka\u201d<\/strong><\/p>\n<p><strong>(Fundacja Zak\u0142ady K\u00f3rnicki)<\/strong><\/p>\n<p>&nbsp;<\/p>\n<p>&nbsp;<\/p>\n<p>&nbsp;<\/p>\n<p>&nbsp;<\/p>\n<p>&nbsp;<\/p>\n<p>&nbsp;<\/p>\n<p>&nbsp;<\/p>\n<p>&nbsp;<\/p>\n<p>&nbsp;<\/p>\n<p>&nbsp;<\/p>\n<p>&nbsp;<\/p>\n<p>&nbsp;<\/p>\n<p>&nbsp;<\/p>\n<p>&nbsp;<\/p>\n<p>&nbsp;<\/p>\n<p>&nbsp;<\/p>\n<p>&nbsp;<\/p>\n<p>&nbsp;<\/p>\n<p>&nbsp;<\/p>\n<p>&nbsp;<\/p>\n<p>&nbsp;<\/p>\n<p>&nbsp;<\/p>\n<p>&nbsp;<\/p>\n<p>&nbsp;<\/p>\n<p>&nbsp;<\/p>\n<p>&nbsp;<\/p>\n<p>&nbsp;<\/p>\n<p>&nbsp;<\/p>\n<p>&nbsp;<\/p>\n<p>&nbsp;<\/p>\n<p>&nbsp;<\/p>\n<p>&nbsp;<\/p>\n<p>&nbsp;<\/p>\n<p>&nbsp;<\/p>\n<p>&nbsp;<\/p>\n<p>&nbsp;<\/p>\n<p>&nbsp;<\/p>\n<p>&nbsp;<\/p>\n<p>&nbsp;<\/p>\n<p>&nbsp;<\/p>\n<p>&nbsp;<\/p>\n<p>&nbsp;<\/p>\n<p>&nbsp;<\/p>\n<p>&nbsp;<\/p>\n","protected":false},"excerpt":{"rendered":"<p>&nbsp; OG\u0141OSZENIA DUSZPASTERSKIE NIEDZIELA XXVII ZWYK\u0141A 3 pa\u017adziernika 2021 r. Kalendarz liturgiczny: poniedzia\u0142ek \u2013 \u015bw. Franciszka z Asy\u017cu, wtorek \u2013 \u015bw. Faustyny Kowalskiej, \u015broda \u2013 \u015bw. Brunona, czwartek &#8211; Matki Bo\u017cej R\u00f3\u017ca\u0144cowej, sobota \u2013 \u015bw. Dionizego i \u015bw. Jana Leonardiego. W dniu 7 pa\u017adziernika 2021 roku w Narodowym Sanktuarium \u015bw. J\u00f3zefa w Kaliszu Ksi\u0105dz Arcybiskup &#8230; <span class=\"more\"><a class=\"more-link\" href=\"https:\/\/www.chnk.pl\/?p=3317\">czytaj wi\u0119cej<\/a><\/span><\/p>\n","protected":false},"author":3,"featured_media":0,"comment_status":"open","ping_status":"open","sticky":false,"template":"","format":"standard","meta":{"ngg_post_thumbnail":0,"footnotes":""},"categories":[1],"tags":[],"_links":{"self":[{"href":"https:\/\/www.chnk.pl\/index.php?rest_route=\/wp\/v2\/posts\/3317"}],"collection":[{"href":"https:\/\/www.chnk.pl\/index.php?rest_route=\/wp\/v2\/posts"}],"about":[{"href":"https:\/\/www.chnk.pl\/index.php?rest_route=\/wp\/v2\/types\/post"}],"author":[{"embeddable":true,"href":"https:\/\/www.chnk.pl\/index.php?rest_route=\/wp\/v2\/users\/3"}],"replies":[{"embeddable":true,"href":"https:\/\/www.chnk.pl\/index.php?rest_route=%2Fwp%2Fv2%2Fcomments&post=3317"}],"version-history":[{"count":1,"href":"https:\/\/www.chnk.pl\/index.php?rest_route=\/wp\/v2\/posts\/3317\/revisions"}],"predecessor-version":[{"id":3318,"href":"https:\/\/www.chnk.pl\/index.php?rest_route=\/wp\/v2\/posts\/3317\/revisions\/3318"}],"wp:attachment":[{"href":"https:\/\/www.chnk.pl\/index.php?rest_route=%2Fwp%2Fv2%2Fmedia&parent=3317"}],"wp:term":[{"taxonomy":"category","embeddable":true,"href":"https:\/\/www.chnk.pl\/index.php?rest_route=%2Fwp%2Fv2%2Fcategories&post=3317"},{"taxonomy":"post_tag","embeddable":true,"href":"https:\/\/www.chnk.pl\/index.php?rest_route=%2Fwp%2Fv2%2Ftags&post=3317"}],"curies":[{"name":"wp","href":"https:\/\/api.w.org\/{rel}","templated":true}]}}