{"id":3311,"date":"2021-09-25T11:05:49","date_gmt":"2021-09-25T11:05:49","guid":{"rendered":"http:\/\/www.chnk.pl\/?p=3311"},"modified":"2021-09-25T11:06:14","modified_gmt":"2021-09-25T11:06:14","slug":"26-niedziela-zwykla-2","status":"publish","type":"post","link":"https:\/\/www.chnk.pl\/?p=3311","title":{"rendered":"26 Niedziela Zwyk\u0142a"},"content":{"rendered":"<p style=\"text-align: center;\"><strong>OG\u0141OSZENIA DUSZPASTERSKIE<\/strong><\/p>\n<p><strong>NIEDZIELA XXVI ZWYK\u0141A<\/strong><\/p>\n<p><strong>26 wrze\u015bnia 2021 r.<\/strong><\/p>\n<ol>\n<li><strong> Kalendarz liturgiczny: poniedzia\u0142ek \u2013 \u015bw. Wincentego a`Paulo, wtorek &#8211; \u015bw. Wac\u0142awa, \u015broda \u2013 \u015bw. Archanio\u0142\u00f3w Micha\u0142a, Gabriela i Rafa\u0142a, czwartek &#8211; Hieronima, pi\u0105tek \u2013 \u015bw. Teresy od Dzieci\u0105tka Jezus, sobota \u2013 \u015bw. Anio\u0142\u00f3w Str\u00f3\u017c\u00f3w.<\/strong><\/li>\n<li><strong> Pa\u017adziernik jest miesi\u0105cem R\u00f3\u017ca\u0144ca \u015bw. Nabo\u017ce\u0144stwo R\u00f3\u017ca\u0144cowe od pi\u0105tku o godz. 17.30. Dla dzieci od przysz\u0142ego tygodnia we wtorki, \u015brody i czwartki o godz. 16.30. W ci\u0105gu ca\u0142ego roku mo\u017cna dost\u0105pi\u0107 odpustu zupe\u0142nego za zm\u00f3wienie R\u00f3\u017ca\u0144ca. Trzeba dan\u0105 cz\u0119\u015b\u0107 zm\u00f3wi\u0107 bez przerwy, z modlitw\u0105 z\u0142\u0105czy\u0107 rozwa\u017canie tajemnic, odm\u00f3wi\u0107 r\u00f3\u017caniec w ko\u015bciele albo w rodzinie.<\/strong><\/li>\n<li><strong> Msza \u015bw. z modlitw\u0105 o uzdrowienie duszy i cia\u0142a w czwartek o godz. 19.15. Prosimy przynie\u015b\u0107 zapisane intencje, kt\u00f3re b\u0119d\u0105 w\u0142\u0105czone w modlitw\u0119 mszy \u015bw.<\/strong><\/li>\n<li><strong> Spotkanie dla dzieci pierwszokomunijnych, przed po\u015bwi\u0119ceniem r\u00f3\u017ca\u0144ca w czwartek, 30 wrze\u015bnia o godz.: 15.45 klasy a,b oraz o 16.45 klasy c,d i inne szko\u0142y. Spotkanie w salce parafialnej. W tym samym czasie spotkanie dla rodzic\u00f3w w drugiej salce. Po\u015bwi\u0119cenie r\u00f3\u017ca\u0144ca w niedziel\u0119, 3 pa\u017adziernika, na mszy \u015bw. o godz. 11.15.<\/strong><\/li>\n<li><strong> W tym tygodniu : I pi\u0105tek i I sobota miesi\u0105ca. W czwartek adoracja Naj\u015bwi\u0119tszego Sakramentu od godz. 8.00 do 10.30 i od 17.00 do 18.00 w intencji poszanowania \u017cycia ludzkiego i po mszy \u015bw. do godz. 21.00 w intencji nowych powo\u0142a\u0144 kap\u0142a\u0144skich i zakonnych. Spowied\u017a i Komunia \u015bw. dla klas: 4, 5, 6, 7 i 8, w pi\u0105tek od godz. 15.00 i komunia \u015bw. o godz. 16.30. Od godziny 17.00 do 18.00&nbsp; spowied\u017a \u015bw. dla klas 7 i 8 i starszej m\u0142odzie\u017cy. Nabo\u017ce\u0144stwo do Niepokalanego Serca Matki Bo\u017cej w sobot\u0119 o godz. 7.15.&nbsp; Odwiedziny chorych w pi\u0105tek i w sobot\u0119 wed\u0142ug sta\u0142ego planu. Spotkanie Wsp\u00f3lnoty Rodzin wyj\u0105tkowo w drug\u0105 sobot\u0119 miesi\u0105ca \u2013 9 pa\u017adziernika.<\/strong><\/li>\n<li><strong> Bierzmowanie. M\u0142odzie\u017c, kt\u00f3ra czeka na przyj\u0119cie tego sakramentu, przyst\u0105pi do bierzmowania 7 listopada (godzina b\u0119dzie ustalona p\u00f3\u017aniej). Przed bierzmowaniem odb\u0119d\u0105 si\u0119 pr\u00f3by i wiecz\u00f3r modlitwy i spowied\u017a \u015bw. 23 pa\u017adziernika w godz. 10:30-12:30 m\u0142odzie\u017c ta odb\u0119dzie w salce parafialnej warsztaty ewangelizacyjne (spotkanie obowi\u0105zkowe). M\u0142odych, kt\u00f3rzy rozpocz\u0119li przygotowanie do bierzmowania w maju prosimy o cierpliwo\u015b\u0107 co do rozpocz\u0119cia spotka\u0144. Ju\u017c teraz zapraszamy ich na warsztaty ewangelizacyjne 22 pa\u017adziernika w godz. 19:00-21:00 (spotkanie obowi\u0105zkowe). <\/strong><\/li>\n<li><strong> Ministranci. Zbi\u00f3rka dla ministrant\u00f3w ze szk\u00f3\u0142 \u015brednich 6 pa\u017adziernika o 19:00 w salce, dla ministrant\u00f3w ze szko\u0142y podstawowej 13 pa\u017adziernika o 19:00 w salce.<\/strong><\/li>\n<li><strong> M\u0142odzie\u017c. Wracamy do spotka\u0144 duszpasterstwa m\u0142odzie\u017cy. Spotkanie dla m\u0142odych od 7 klasy SP wzwy\u017c w pi\u0105tek o 19:15 w salce.<\/strong><\/li>\n<li><strong> W przysz\u0142\u0105 niedziel\u0119, 3 pa\u017adziernika, b\u0119dziemy dzi\u0119kowa\u0107 Panu Bogu za tegoroczne urodzaje. Mo\u017cna ofiarowa\u0107 w czasie mszy \u015bw. warzywa i owoce z w\u0142asnych upraw lub zakupione, kt\u00f3re zostan\u0105 przekazane do jad\u0142odajni, SS. Albertynek. W ten spos\u00f3b wyra\u017camy wdzi\u0119czno\u015b\u0107 Panu Bogu za urodzaje i okazujemy mi\u0142osierdzie b\u0119d\u0105cym w potrzebie.<\/strong><\/li>\n<li><strong> Rodziny. Zapraszamy rodzic\u00f3w z dzie\u0107mi na kaw\u0119 i ciasto do salki (wej\u015bcie z dziedzi\u0144ca) w niedziel\u0119 3 pa\u017adziernika po Mszy \u015bw. o 11:15.<\/strong><\/li>\n<li><strong> Prosimy o pomoc w sprz\u0105taniu ko\u015bcio\u0142a w soboty o godz. 9.00. Parafian ch\u0119tnych do pomocy prosimy, aby zadeklarowali pomoc, po mszy \u015bw., przy stoliku z pras\u0105. Chodzi o podtrzymanie i uzupe\u0142nienie czterech zespo\u0142\u00f3w, dy\u017curuj\u0105cych raz w miesi\u0105cu.<\/strong><\/li>\n<li><strong> W przysz\u0142\u0105 niedziel\u0119 zbi\u00f3rka do puszek na KUL i Wydzia\u0142 Teologiczny.<\/strong><\/li>\n<li><strong> Zach\u0119camy do czytania Przewodnika Katolickiego (z modlitewnikiem na pa\u017adziernik). Jest Go\u015b\u0107 Niedzielny, Ma\u0142y Przewodnik Katolicki, Ziarno, gazetka parafialna.<\/strong><\/li>\n<\/ol>\n<p><strong>&nbsp;<\/strong><\/p>\n<p><strong><em>&nbsp;<\/em><\/strong><\/p>\n<p><strong>&nbsp;<\/strong><\/p>\n<p><strong>&nbsp;<\/strong><\/p>\n<p>&nbsp;<\/p>\n<p>&nbsp;<\/p>\n<p>&nbsp;<\/p>\n<p>&nbsp;<\/p>\n<p>&nbsp;<\/p>\n<p>&nbsp;<\/p>\n<p>&nbsp;<\/p>\n<p>&nbsp;<\/p>\n<p>&nbsp;<\/p>\n<p>&nbsp;<\/p>\n<p>&nbsp;<\/p>\n<p>&nbsp;<\/p>\n<p>&nbsp;<\/p>\n","protected":false},"excerpt":{"rendered":"<p>OG\u0141OSZENIA DUSZPASTERSKIE NIEDZIELA XXVI ZWYK\u0141A 26 wrze\u015bnia 2021 r. Kalendarz liturgiczny: poniedzia\u0142ek \u2013 \u015bw. Wincentego a`Paulo, wtorek &#8211; \u015bw. Wac\u0142awa, \u015broda \u2013 \u015bw. Archanio\u0142\u00f3w Micha\u0142a, Gabriela i Rafa\u0142a, czwartek &#8211; Hieronima, pi\u0105tek \u2013 \u015bw. Teresy od Dzieci\u0105tka Jezus, sobota \u2013 \u015bw. Anio\u0142\u00f3w Str\u00f3\u017c\u00f3w. Pa\u017adziernik jest miesi\u0105cem R\u00f3\u017ca\u0144ca \u015bw. Nabo\u017ce\u0144stwo R\u00f3\u017ca\u0144cowe od pi\u0105tku o godz. 17.30. &#8230; <span class=\"more\"><a class=\"more-link\" href=\"https:\/\/www.chnk.pl\/?p=3311\">czytaj wi\u0119cej<\/a><\/span><\/p>\n","protected":false},"author":3,"featured_media":0,"comment_status":"open","ping_status":"open","sticky":false,"template":"","format":"standard","meta":{"ngg_post_thumbnail":0,"footnotes":""},"categories":[3],"tags":[],"_links":{"self":[{"href":"https:\/\/www.chnk.pl\/index.php?rest_route=\/wp\/v2\/posts\/3311"}],"collection":[{"href":"https:\/\/www.chnk.pl\/index.php?rest_route=\/wp\/v2\/posts"}],"about":[{"href":"https:\/\/www.chnk.pl\/index.php?rest_route=\/wp\/v2\/types\/post"}],"author":[{"embeddable":true,"href":"https:\/\/www.chnk.pl\/index.php?rest_route=\/wp\/v2\/users\/3"}],"replies":[{"embeddable":true,"href":"https:\/\/www.chnk.pl\/index.php?rest_route=%2Fwp%2Fv2%2Fcomments&post=3311"}],"version-history":[{"count":2,"href":"https:\/\/www.chnk.pl\/index.php?rest_route=\/wp\/v2\/posts\/3311\/revisions"}],"predecessor-version":[{"id":3313,"href":"https:\/\/www.chnk.pl\/index.php?rest_route=\/wp\/v2\/posts\/3311\/revisions\/3313"}],"wp:attachment":[{"href":"https:\/\/www.chnk.pl\/index.php?rest_route=%2Fwp%2Fv2%2Fmedia&parent=3311"}],"wp:term":[{"taxonomy":"category","embeddable":true,"href":"https:\/\/www.chnk.pl\/index.php?rest_route=%2Fwp%2Fv2%2Fcategories&post=3311"},{"taxonomy":"post_tag","embeddable":true,"href":"https:\/\/www.chnk.pl\/index.php?rest_route=%2Fwp%2Fv2%2Ftags&post=3311"}],"curies":[{"name":"wp","href":"https:\/\/api.w.org\/{rel}","templated":true}]}}