{"id":3306,"date":"2021-09-18T19:00:28","date_gmt":"2021-09-18T19:00:28","guid":{"rendered":"http:\/\/www.chnk.pl\/?p=3306"},"modified":"2021-09-18T19:00:28","modified_gmt":"2021-09-18T19:00:28","slug":"25-niedziela-zwykla-5","status":"publish","type":"post","link":"https:\/\/www.chnk.pl\/?p=3306","title":{"rendered":"25 Niedziela Zwyk\u0142a"},"content":{"rendered":"<p><strong>OG\u0141OSZENIA DUSZPASTERSKIE<\/strong><\/p>\n<p><strong>NIEDZIELA XXV ZWYK\u0141A<\/strong><\/p>\n<p><strong>19 wrze\u015bnia 2021 r.<\/strong>&nbsp; &nbsp; &nbsp; &nbsp; &nbsp; &nbsp; &nbsp; &nbsp; &nbsp; &nbsp; &nbsp; &nbsp; &nbsp; &nbsp; &nbsp; &nbsp; &nbsp; &nbsp; &nbsp; &nbsp; &nbsp; &nbsp; &nbsp; &nbsp; &nbsp; &nbsp; &nbsp; &nbsp; &nbsp; &nbsp; &nbsp; &nbsp; &nbsp; &nbsp; &nbsp; &nbsp; &nbsp; &nbsp; &nbsp; &nbsp; &nbsp; &nbsp; &nbsp; &nbsp; &nbsp; &nbsp; &nbsp; &nbsp; &nbsp; &nbsp; &nbsp; &nbsp; &nbsp; &nbsp; &nbsp; &nbsp; &nbsp; &nbsp; &nbsp; &nbsp; &nbsp; &nbsp; &nbsp; &nbsp; &nbsp; &nbsp; &nbsp; &nbsp; &nbsp; &nbsp; &nbsp; &nbsp; &nbsp; &nbsp; &nbsp; &nbsp; &nbsp; &nbsp; &nbsp; &nbsp; &nbsp; &nbsp; &nbsp; &nbsp; &nbsp; &nbsp; &nbsp; &nbsp; &nbsp; &nbsp; &nbsp; &nbsp; &nbsp; &nbsp; &nbsp; &nbsp; &nbsp; &nbsp; &nbsp; &nbsp; &nbsp; &nbsp; &nbsp; &nbsp; &nbsp; &nbsp; &nbsp; &nbsp; &nbsp; &nbsp; &nbsp; &nbsp; &nbsp; &nbsp; &nbsp; &nbsp; &nbsp; &nbsp; &nbsp; &nbsp;&nbsp;<\/p>\n<p><strong>1<\/strong>.Kalendarz liturgiczny: poniedzia\u0142ek \u2013 \u015bw. mm. Andrzeja Kim Taegon, Paw\u0142a Hong&nbsp;&nbsp;&nbsp;&nbsp;&nbsp;&nbsp;&nbsp;&nbsp;&nbsp;&nbsp;&nbsp;&nbsp;&nbsp; Hasang, wtorek \u2013 \u015bw. Mateusza, czwartek \u2013 \u015bw. Ojca Pio.<\/p>\n<p>&nbsp;<\/p>\n<ol start=\"2\">\n<li>Bierzmowanie op\u00f3\u017anienie z powodu pandemii: dwie grupy \u2013 p. Mateusza Marsza\u0142a oraz p. Agnieszki Dreger \u2013 zapraszamy na zaleg\u0142e spotkanie w jednym terminie: pi\u0105tek 24 wrze\u015bnia o godz. 19:30 do salki. Z kolei rodzic\u00f3w tej m\u0142odzie\u017cy zapraszamy na spotkanie dzie\u0144 wcze\u015bniej \u2013 w czwartek 23 wrze\u015bnia na 19:30 do ko\u015bcio\u0142a.<\/li>\n<\/ol>\n<p>&nbsp;<\/p>\n<ol start=\"3\">\n<li>Ministranci. Zapraszamy ministrant\u00f3w na Archidiecezjaln\u0105 Pielgrzymk\u0119 Ministrant\u00f3w w sobot\u0119 25 wrze\u015bnia do ko\u015bcio\u0142a oo. karmelit\u00f3w na Wzg\u00f3rzu \u015bw. Wojciecha w Poznaniu. Zapisy u ks. wikariusza.<\/li>\n<\/ol>\n<p>&nbsp;<\/p>\n<ol start=\"4\">\n<li>W przysz\u0142\u0105 niedziel\u0119 go\u015bci\u0107 b\u0119dziemy Misjonarzy Oblat\u00f3w Maryi Niepokalanej, kt\u00f3rzy b\u0119d\u0105 g\u0142osili kazania i rozprowadzali kalendarze misyjne na 2022 r. Ofiary z\u0142o\u017cone przy okazji ich nabywania przeznaczone s\u0105 na misyjn\u0105 dzia\u0142alno\u015b\u0107 Misjonarzy Oblat\u00f3w.<\/li>\n<\/ol>\n<p>&nbsp;<\/p>\n<ol start=\"5\">\n<li>We wtorek, 21 wrze\u015bnia, odpust w Parafii \u015bw. Mateusza na os. Or\u0142a Bia\u0142ego. Suma odpustowa godz. 19.00. Zapraszamy celnik\u00f3w i urz\u0119dnik\u00f3w skarbowych, w dniu ich Patrona.<\/li>\n<\/ol>\n<p>&nbsp;<\/p>\n<ol start=\"6\">\n<li>Rodziny. Zapraszamy rodzic\u00f3w i dzieci na kaw\u0119 i ciasto po mszy \u015bw. o 11:15 w niedziel\u0119 3 pa\u017adziernika.<\/li>\n<\/ol>\n<p>&nbsp;<\/p>\n<ol start=\"7\">\n<li>Ko\u015bci\u00f3\u0142 w Polsce podejmuje kolejne inicjatywy, by przyj\u015b\u0107 z pomoc\u0105 osobom dotkni\u0119tym przemoc\u0105 seksualn\u0105. Jedn\u0105 z nich jest powstanie w Poznaniu Punktu Konsultacyjnego dla os\u00f3b zranionych w \u015brodowisku ko\u015bcielnym. Punkt jest do dyspozycji os\u00f3b pe\u0142noletnich. Odpowiednio przeszkoleni konsultanci, g\u0142\u00f3wnie \u015bwieccy, b\u0119d\u0105 gotowi wys\u0142ucha\u0107 ka\u017cd\u0105 osob\u0119, udzieli\u0107 odpowiedniej informacji i wsparcia w podj\u0119ciu adekwatnych dla danej sytuacji dzia\u0142a\u0144. Udzielenie pomocy b\u0119dzie podejmowane z zachowaniem dyskrecji. Do punktu konsultacyjnego mo\u017cna zg\u0142osi\u0107 si\u0119 na rozmow\u0119 osobi\u015bcie lub telefonicznie. Punkt konsultacyjny ma siedzib\u0119 w Poznaniu przy ul. Wie\u017cowej 5. Dy\u017cury w ka\u017cd\u0105 \u015brod\u0119 od godz. 17.00 do 19.00. Telefon: 693 700 645 Adres mailowy: <a href=\"mailto:punkt.konsultacyjny@archpoznan.pl\">punkt.konsultacyjny@archpoznan.pl<\/a>. Wi\u0119cej informacji: <a href=\"http:\/\/www.archpoznan.pl\/pl\/punkt-konsultacyjny\">www.archpoznan.pl\/pl\/punkt-konsultacyjny<\/a>. Osoby, kt\u00f3re potrzebuj\u0105 wsparcia w tej materii, zapraszamy do Regionalnego Punktu Konsultacyjnego w Poznaniu.<\/li>\n<\/ol>\n<p>&nbsp;<\/p>\n<ol start=\"8\">\n<li><strong>&nbsp;<\/strong>Zach\u0119camy do czytania prasy katolickiej. W kaplicy przy zakrystii: Przewodnik Katolicki, Go\u015b\u0107 Niedzielny, Album z okazji beatyfikacji b\u0142og. Stefana Wyszy\u0144skiego i b\u0142og. R\u00f3\u017cy Czackiej, Ma\u0142y Przewodnik Katolicki, Ziarno, gazetka parafialna.<\/li>\n<\/ol>\n<p><strong>&nbsp;<\/strong><\/p>\n<ol start=\"9\">\n<li>M\u00f3dlmy si\u0119 za zmar\u0142ych Parafian. Za dusz\u0119 \u015bp. J\u00f3zefa Krupki, os. Lecha 42 (msza \u015bw. pogrzebowa w Parafii \u015bw. J\u00f3zefa w Swarz\u0119dzu o godz. 11.00), \u015bp. Teresy Kurach, os. Lecha 42, \u015bp. Bogdana Kawki, os. Lecha 40. Wieczny odpoczynek racz zmar\u0142ym da\u0107 Panie.<\/li>\n<\/ol>\n<p>&nbsp;<\/p>\n<p>&nbsp;<\/p>\n<p>&nbsp;<\/p>\n<p>&nbsp;<\/p>\n<p><strong>&nbsp;<\/strong><\/p>\n<p>&nbsp;<\/p>\n<p>&nbsp;<\/p>\n<p>&nbsp;<\/p>\n<p><strong>&nbsp;<\/strong><\/p>\n<p><strong>&nbsp;<\/strong><\/p>\n<p><strong>&nbsp;<\/strong><\/p>\n<p><strong>&nbsp;<\/strong><\/p>\n<p><strong>&nbsp;<\/strong><\/p>\n<p><strong>Modlitwa do \u015aw. Rodziny<\/strong><\/p>\n<p>&nbsp;<\/p>\n<p>Jezu, Maryjo i J\u00f3zefie<\/p>\n<p>w Was kontemplujemy<\/p>\n<p>blask prawdziwej mi\u0142o\u015bci,<\/p>\n<p>do Was zwracamy si\u0119 z ufno\u015bci\u0105.<\/p>\n<p>&nbsp;<\/p>\n<p>\u015awi\u0119ta Rodzino z Nazaretu,<\/p>\n<p>uczy\u0144 tak\u017ce nasze rodziny<\/p>\n<p>\u015brodowiskami komunii i wieczernikami modlitwy,<\/p>\n<p>autentycznymi szko\u0142ami Ewangelii<\/p>\n<p>i ma\u0142ymi Ko\u015bcio\u0142ami domowymi.<\/p>\n<p>\u015awi\u0119ta Rodzino z Nazaretu<\/p>\n<p>niech nigdy wi\u0119cej w naszych rodzinach nikt nie do\u015bwiadcza<\/p>\n<p>przemocy, zamkni\u0119cia i podzia\u0142\u00f3w:<\/p>\n<p>ktokolwiek zosta\u0142 zraniony albo zgorszony<\/p>\n<p>niech szybko zazna pocieszenia i uleczenia.<\/p>\n<p>\u015awi\u0119ta Rodzino z Nazaretu,<\/p>\n<p>oby przysz\u0142y Synod Biskup\u00f3w<\/p>\n<p>m\u00f3g\u0142 przywr\u00f3ci\u0107 wszystkim \u015bwiadomo\u015b\u0107<\/p>\n<p>sakralnego i nienaruszalnego charakteru rodziny,<\/p>\n<p>jej pi\u0119kna w Bo\u017cym zamy\u015ble.<\/p>\n<p>Jezu, Maryjo i J\u00f3zefie<\/p>\n<p>Us\u0142yszcie, wys\u0142uchajcie naszego b\u0142agania.<\/p>\n<p>&nbsp;<\/p>\n<p>&nbsp;<\/p>\n<p>&nbsp;<\/p>\n<p>&nbsp;<\/p>\n<p>&nbsp;<\/p>\n","protected":false},"excerpt":{"rendered":"<p>OG\u0141OSZENIA DUSZPASTERSKIE NIEDZIELA XXV ZWYK\u0141A 19 wrze\u015bnia 2021 r.&nbsp; &nbsp; &nbsp; &nbsp; &nbsp; &nbsp; &nbsp; &nbsp; &nbsp; &nbsp; &nbsp; &nbsp; &nbsp; &nbsp; &nbsp; &nbsp; &nbsp; &nbsp; &nbsp; &nbsp; &nbsp; &nbsp; &nbsp; &nbsp; &nbsp; &nbsp; &nbsp; &nbsp; &nbsp; &nbsp; &nbsp; &nbsp; &nbsp; &nbsp; &nbsp; &nbsp; &nbsp; &nbsp; &nbsp; &nbsp; &nbsp; &nbsp; &nbsp; &nbsp; &nbsp; &nbsp; &nbsp; &#8230; <span class=\"more\"><a class=\"more-link\" href=\"https:\/\/www.chnk.pl\/?p=3306\">czytaj wi\u0119cej<\/a><\/span><\/p>\n","protected":false},"author":3,"featured_media":0,"comment_status":"open","ping_status":"open","sticky":false,"template":"","format":"standard","meta":{"ngg_post_thumbnail":0,"footnotes":""},"categories":[1],"tags":[],"_links":{"self":[{"href":"https:\/\/www.chnk.pl\/index.php?rest_route=\/wp\/v2\/posts\/3306"}],"collection":[{"href":"https:\/\/www.chnk.pl\/index.php?rest_route=\/wp\/v2\/posts"}],"about":[{"href":"https:\/\/www.chnk.pl\/index.php?rest_route=\/wp\/v2\/types\/post"}],"author":[{"embeddable":true,"href":"https:\/\/www.chnk.pl\/index.php?rest_route=\/wp\/v2\/users\/3"}],"replies":[{"embeddable":true,"href":"https:\/\/www.chnk.pl\/index.php?rest_route=%2Fwp%2Fv2%2Fcomments&post=3306"}],"version-history":[{"count":1,"href":"https:\/\/www.chnk.pl\/index.php?rest_route=\/wp\/v2\/posts\/3306\/revisions"}],"predecessor-version":[{"id":3307,"href":"https:\/\/www.chnk.pl\/index.php?rest_route=\/wp\/v2\/posts\/3306\/revisions\/3307"}],"wp:attachment":[{"href":"https:\/\/www.chnk.pl\/index.php?rest_route=%2Fwp%2Fv2%2Fmedia&parent=3306"}],"wp:term":[{"taxonomy":"category","embeddable":true,"href":"https:\/\/www.chnk.pl\/index.php?rest_route=%2Fwp%2Fv2%2Fcategories&post=3306"},{"taxonomy":"post_tag","embeddable":true,"href":"https:\/\/www.chnk.pl\/index.php?rest_route=%2Fwp%2Fv2%2Ftags&post=3306"}],"curies":[{"name":"wp","href":"https:\/\/api.w.org\/{rel}","templated":true}]}}