{"id":3302,"date":"2021-09-11T15:58:43","date_gmt":"2021-09-11T15:58:43","guid":{"rendered":"http:\/\/www.chnk.pl\/?p=3302"},"modified":"2021-09-11T15:59:36","modified_gmt":"2021-09-11T15:59:36","slug":"25-niedziela-zwykla-4","status":"publish","type":"post","link":"https:\/\/www.chnk.pl\/?p=3302","title":{"rendered":"24 Niedziela Zwyk\u0142a"},"content":{"rendered":"<p><strong>OG\u0141OSZENIA DUSZPASTERSKIE<\/strong><\/p>\n<p><strong>NIEDZIELA&nbsp; XXIV ZWYK\u0141A<\/strong><\/p>\n<p><strong>12 wrze\u015bnia 2021 r.<\/strong><\/p>\n<p><strong>1<\/strong>.Kalendarz liturgiczny: poniedzia\u0142ek \u2013 \u015bw. Jana Chryzostom, wtorek &#8211; \u015bwi\u0119to Podwy\u017cszenie Krzy\u017ca \u015awi\u0119tego, \u015broda \u2013 NMP Bolesnej, czwartek \u2013 \u015bw. mm. Korneliusza i Cypriana, pi\u0105tek \u2013 \u015bw. Zygmunta Szcz\u0119snego Feli\u0144skiego, sobota &#8211; \u015bw. Stanis\u0142awa Kostki, niedziela &#8211;&nbsp; \u2013 Rocznica po\u015bwi\u0119cenia naszego ko\u015bcio\u0142a<\/p>\n<p>2.W w sobot\u0119, dnia 18 wrze\u015bnia br. Ksi\u0105dz Arcybiskup Metropolita Stanis\u0142aw G\u0105decki b\u0119dzie \u015bwi\u0119towa\u0142 swoje Imieniny. Tego dnia Czcigodny Solenizant w Katedrze o godz. 10.00 przewodniczy\u0142 b\u0119dzie uroczystej Mszy \u015bwi\u0119tej. Do udzia\u0142u serdecznie zapraszamy Czcigodnych &nbsp;mieszka\u0144c\u00f3w Poznania. Po Mszy \u015bwi\u0119tej w Seminarium Duchownym mo\u017cliwo\u015b\u0107 z\u0142o\u017cenia Ksi\u0119dzu Arcybiskupowi \u017cycze\u0144 osobi\u015bcie. Dzie\u0144 Imienin naszego Arcypasterza b\u0119dzie te\u017c naznaczony modlitw\u0105 w Jego intencjach, a zw\u0142aszcza o \u0142aski w prowadzeniu Ko\u015bcio\u0142a w Polsce.<\/p>\n<p>3. W \u015bwi\u0119to podwy\u017cszenia Krzy\u017ca \u015bw., 14 wrze\u015bnia, ko\u0144czy si\u0119 wyd\u0142u\u017cony czas spowiedzi i komunii \u015bw. wielkanocnej. Prosimy, aby w to \u015bwi\u0119to, na Msz\u0119 \u015bw. przynie\u015b\u0107 do ko\u015bcio\u0142a domowe krzy\u017ce. Prosimy o to zw\u0142aszcza tych wszystkich, kt\u00f3rzy w swoim \u017cyciu do\u015bwiadczaj\u0105 krzy\u017ca. Ci, kt\u00f3rzy nie mog\u0105 dotrze\u0107 do ko\u015bcio\u0142a, niech adoruj\u0105 krzy\u017c w domu.<\/p>\n<p>4. Spotkanie dla rodzic\u00f3w dzieci pierwszokomunijnych, na rok 21\/22 odb\u0119dzie si\u0119 w \u015brod\u0119 15 wrze\u015bnia o godz. 19.15 w ko\u015bciele.<\/p>\n<p>5. Bierzmowanie zaleg\u0142e. Nie znamy jeszcze dok\u0142adnej daty przyj\u0119cia sakramentu przez m\u0142odzie\u017c, kt\u00f3ra czeka na bierzmowanie przesuni\u0119te z powodu pandemii. Planowane jest ono na pa\u017adziernik\/listopad tego roku. Dwie grupy \u2013 p. Mateusza Marsza\u0142a oraz p. Agnieszki Dreger \u2013 zapraszamy na zaleg\u0142e spotkanie w jednym terminie: pi\u0105tek 24 wrze\u015bnia o godz. 19:30 do salki. Z kolei rodzic\u00f3w tej m\u0142odzie\u017cy zapraszamy na spotkanie dzie\u0144 wcze\u015bniej \u2013 w czwartek 23 wrze\u015bnia na 19:30 do ko\u015bcio\u0142a. Z kolei m\u0142odych, kt\u00f3rzy w maju rozpocz\u0119li przygotowanie do bierzmowania, dalsz\u0105 formacj\u0119 kontynuowa\u0107 b\u0119d\u0105 od ko\u0144ca wrze\u015bnia. Zapraszamy ich rodzic\u00f3w na spotkanie 16 wrze\u015bnia na godz. 19:45 do ko\u015bcio\u0142a.<\/p>\n<p>6. Zapraszamy ministrant\u00f3w na Archidiecezjaln\u0105 Pielgrzymk\u0119 Ministrant\u00f3w w sobot\u0119 25 wrze\u015bnia do ko\u015bcio\u0142a OO. karmelit\u00f3w na Wzg\u00f3rzu \u015bw. Wojciecha w Poznaniu. Zapisy u ks. wikariusza. Z kolei ch\u0142opc\u00f3w, kt\u00f3rzy chcieliby zosta\u0107 ministrantami zapraszamy na spotkanie do salki parafialnej (wej\u015bcie z dziedzi\u0144ca) 14 wrze\u015bnia na 17:00. Prosimy o przyj\u015bcie z rodzicem. Zapraszamy te\u017c m\u0142odych naszej parafii, od 7 klasy SP wzwy\u017c, na wyjazd integracyjny do Mo\u015bcienicy k. K\u00f3rnika w dn. 17-19 wrze\u015bnia. Wyjazd w pi\u0105tek popo\u0142udniu, powr\u00f3t w niedziel\u0119 rano. Szczeg\u00f3\u0142y i zapisy u ks. wikariusza.<\/p>\n<p>7. Ruch \u201eM\u0119\u017cczy\u017ani \u015bw. J\u00f3zefa\u201d organizuje 18 wrze\u015bnia w Cz\u0119stochowie \u201eObl\u0119\u017cenie Jasnej G\u00f3ry\u201d. Jest to spotkanie dla m\u0119\u017cczyzn chc\u0105cych wykazywa\u0107 si\u0119 tw\u00f3rcz\u0105 odwag\u0105 w rodzinie. Transmisja online na \u017cywo w naszej parafii w salce (wej\u015bcie z dziedzi\u0144ca) \u2013 od 15:45; do 21:00. Mo\u017cna przyj\u015b\u0107 i wyj\u015b\u0107 w ka\u017cdym momencie.<\/p>\n<p>8. W przysz\u0142\u0105 niedziel\u0119, 19 wrze\u015bnia, przypada sz\u00f3sta rocznica po\u015bwi\u0119cenia naszego ko\u015bcio\u0142a i odpust ku czci Matki Bo\u017cej Salety\u0144skiej. R\u00f3\u017caniec salety\u0144ski o godz. 12.15, msza \u015bw. o godz. 12.30 i procesja. B\u0119dziemy dzi\u0119kowa\u0107 Panu Bogu za nasz\u0105 \u015bwi\u0105tyni\u0119, modli\u0107 si\u0119 za jej fundator\u00f3w \u017cyj\u0105cych i zmar\u0142ych. Msz\u0119 \u015bw. odprawi ks. Piotr Ma\u0142ecki.<\/p>\n<p>9. Zach\u0119camy do czytania prasy katolickiej. Przy zakrystii: Przewodnik Katolicki, Ma\u0142y Przewodnik Katolicki, Go\u015b\u0107 Niedzielny,album Go\u015bcia Niedzielnego o kard. Wyszy\u0144skim i M. R\u00f3\u017cy Czackiej, gazetka parafialna i dla dzieci Ziarno.<\/p>\n<p>10. Przypominamy, o obowi\u0105zku zak\u0142adania maseczek w czasie nabo\u017ce\u0144stw.<\/p>\n<p>&nbsp;<\/p>\n<p>&nbsp;<\/p>\n<p>&nbsp;<\/p>\n<p>&nbsp;&nbsp;&nbsp;&nbsp;&nbsp;&nbsp;&nbsp;&nbsp;&nbsp;&nbsp;&nbsp;&nbsp;&nbsp;&nbsp;&nbsp;&nbsp;&nbsp;&nbsp;&nbsp;&nbsp;&nbsp;&nbsp;&nbsp;&nbsp;&nbsp;&nbsp;&nbsp;&nbsp;&nbsp;&nbsp;&nbsp;&nbsp;&nbsp;&nbsp;&nbsp;&nbsp;&nbsp;&nbsp;&nbsp;&nbsp;&nbsp;&nbsp;&nbsp;&nbsp;&nbsp;&nbsp;&nbsp;&nbsp;&nbsp;&nbsp;&nbsp;&nbsp;&nbsp;&nbsp;&nbsp;&nbsp;&nbsp;&nbsp;&nbsp;&nbsp;&nbsp;&nbsp;&nbsp;&nbsp;&nbsp;&nbsp;&nbsp;&nbsp;&nbsp;&nbsp;&nbsp;&nbsp;&nbsp;&nbsp;&nbsp;&nbsp;&nbsp;&nbsp;&nbsp;&nbsp;&nbsp;&nbsp; &nbsp;&nbsp;&nbsp;&nbsp;&nbsp;&nbsp;&nbsp;&nbsp;&nbsp;&nbsp;&nbsp;&nbsp;&nbsp;&nbsp;&nbsp;&nbsp;&nbsp;&nbsp;&nbsp;&nbsp;&nbsp;&nbsp;&nbsp;&nbsp;&nbsp;&nbsp;&nbsp;&nbsp;&nbsp;&nbsp;&nbsp;&nbsp;&nbsp;&nbsp;&nbsp;&nbsp;&nbsp;&nbsp;&nbsp;&nbsp;&nbsp;&nbsp;&nbsp;&nbsp;&nbsp;&nbsp;&nbsp;&nbsp;&nbsp;&nbsp;&nbsp;&nbsp;&nbsp;&nbsp;&nbsp;&nbsp;&nbsp;&nbsp;&nbsp;&nbsp;&nbsp;&nbsp;&nbsp;&nbsp;&nbsp;&nbsp;&nbsp;&nbsp;&nbsp;&nbsp;&nbsp;&nbsp;&nbsp;&nbsp;&nbsp;&nbsp;&nbsp;&nbsp;&nbsp;&nbsp;&nbsp;&nbsp;&nbsp;&nbsp;&nbsp;&nbsp;&nbsp;&nbsp;&nbsp;&nbsp;&nbsp;&nbsp;&nbsp;&nbsp;&nbsp;&nbsp;&nbsp;&nbsp;&nbsp;&nbsp;&nbsp;&nbsp;&nbsp;&nbsp;&nbsp;&nbsp;&nbsp;&nbsp;&nbsp;&nbsp;&nbsp;&nbsp;&nbsp;&nbsp;&nbsp;&nbsp;&nbsp;&nbsp;&nbsp;&nbsp;&nbsp;&nbsp;&nbsp;&nbsp;&nbsp;&nbsp;&nbsp;&nbsp;&nbsp;&nbsp;&nbsp;&nbsp;&nbsp;&nbsp;&nbsp;&nbsp;&nbsp;&nbsp;&nbsp;&nbsp;&nbsp;&nbsp;&nbsp;&nbsp;&nbsp;&nbsp;&nbsp;&nbsp;&nbsp;&nbsp;&nbsp;&nbsp;&nbsp;&nbsp;&nbsp;&nbsp;&nbsp;&nbsp;&nbsp;&nbsp;&nbsp;&nbsp;&nbsp;&nbsp;&nbsp;&nbsp;&nbsp;&nbsp;&nbsp;&nbsp;&nbsp;&nbsp;&nbsp;&nbsp;&nbsp;&nbsp;&nbsp;&nbsp;&nbsp;&nbsp;&nbsp;&nbsp;&nbsp;&nbsp;&nbsp;&nbsp;&nbsp;&nbsp;&nbsp;&nbsp;&nbsp;&nbsp;&nbsp;&nbsp;&nbsp;&nbsp;&nbsp;&nbsp;&nbsp;&nbsp;&nbsp;&nbsp;&nbsp;&nbsp;&nbsp;&nbsp;&nbsp;&nbsp;&nbsp;&nbsp;&nbsp;&nbsp;&nbsp;&nbsp;&nbsp;&nbsp;&nbsp;&nbsp;&nbsp;&nbsp;&nbsp;&nbsp;&nbsp;&nbsp;&nbsp;&nbsp;&nbsp;&nbsp;&nbsp;&nbsp;&nbsp;&nbsp;&nbsp;&nbsp;&nbsp;&nbsp;&nbsp;&nbsp;&nbsp;&nbsp;&nbsp;&nbsp;&nbsp;&nbsp;&nbsp;&nbsp;&nbsp;&nbsp;&nbsp;&nbsp;&nbsp;&nbsp;&nbsp;&nbsp;&nbsp;&nbsp;&nbsp;&nbsp;&nbsp;&nbsp;&nbsp;&nbsp;&nbsp;&nbsp;&nbsp;&nbsp;&nbsp;&nbsp;&nbsp;&nbsp;&nbsp;&nbsp;&nbsp;&nbsp;&nbsp;&nbsp;&nbsp;&nbsp;&nbsp;&nbsp;&nbsp;&nbsp;&nbsp;&nbsp;&nbsp;&nbsp;&nbsp;&nbsp;&nbsp;&nbsp;&nbsp;&nbsp;&nbsp;&nbsp;&nbsp;&nbsp;&nbsp;&nbsp;&nbsp;&nbsp;&nbsp;&nbsp;&nbsp;&nbsp;&nbsp;&nbsp;&nbsp;&nbsp;&nbsp;&nbsp;&nbsp;&nbsp;&nbsp;&nbsp;&nbsp;&nbsp;&nbsp;&nbsp;&nbsp;&nbsp;&nbsp;&nbsp;&nbsp;&nbsp;&nbsp;&nbsp;&nbsp;&nbsp;&nbsp;&nbsp;&nbsp;&nbsp;&nbsp;&nbsp;&nbsp;&nbsp;&nbsp;&nbsp;&nbsp;&nbsp;&nbsp;&nbsp;&nbsp;&nbsp;&nbsp;&nbsp;&nbsp;&nbsp;&nbsp;&nbsp;&nbsp;&nbsp;&nbsp;&nbsp;&nbsp;&nbsp;&nbsp;&nbsp;&nbsp;&nbsp;&nbsp;&nbsp;&nbsp;&nbsp;&nbsp;&nbsp;&nbsp;&nbsp;&nbsp;&nbsp;&nbsp;&nbsp;&nbsp;&nbsp;&nbsp;&nbsp;&nbsp;&nbsp;&nbsp;&nbsp;&nbsp;&nbsp;&nbsp;&nbsp;&nbsp;&nbsp;&nbsp;&nbsp;&nbsp;&nbsp;&nbsp;&nbsp;&nbsp;&nbsp;&nbsp;&nbsp;&nbsp;&nbsp;&nbsp;&nbsp;&nbsp;&nbsp;&nbsp;&nbsp;&nbsp;&nbsp;&nbsp;&nbsp;&nbsp;&nbsp;&nbsp;&nbsp;&nbsp;&nbsp;&nbsp;&nbsp;&nbsp;&nbsp;&nbsp;&nbsp;&nbsp;&nbsp;&nbsp;&nbsp;&nbsp;&nbsp;&nbsp;&nbsp;&nbsp;&nbsp;&nbsp;&nbsp;&nbsp;&nbsp;&nbsp;&nbsp;&nbsp;&nbsp;&nbsp;&nbsp;&nbsp;&nbsp;&nbsp;&nbsp;&nbsp;&nbsp;&nbsp;&nbsp;&nbsp;&nbsp;&nbsp;&nbsp;&nbsp;&nbsp;&nbsp;&nbsp;&nbsp;&nbsp;&nbsp;&nbsp;&nbsp;&nbsp;&nbsp;&nbsp;&nbsp;&nbsp;&nbsp;&nbsp;&nbsp;&nbsp;&nbsp;&nbsp;&nbsp;&nbsp;&nbsp;&nbsp;&nbsp;&nbsp;&nbsp;&nbsp;&nbsp;&nbsp;&nbsp;&nbsp;&nbsp;&nbsp;&nbsp;&nbsp;&nbsp;&nbsp;&nbsp;&nbsp;&nbsp;&nbsp;&nbsp;&nbsp;&nbsp;&nbsp;&nbsp;&nbsp;&nbsp;&nbsp;&nbsp;&nbsp;&nbsp;&nbsp;&nbsp;&nbsp;&nbsp;&nbsp;&nbsp;&nbsp;&nbsp;&nbsp;&nbsp;&nbsp;&nbsp;&nbsp;&nbsp;<\/p>\n","protected":false},"excerpt":{"rendered":"<p>OG\u0141OSZENIA DUSZPASTERSKIE NIEDZIELA&nbsp; XXIV ZWYK\u0141A 12 wrze\u015bnia 2021 r. 1.Kalendarz liturgiczny: poniedzia\u0142ek \u2013 \u015bw. Jana Chryzostom, wtorek &#8211; \u015bwi\u0119to Podwy\u017cszenie Krzy\u017ca \u015awi\u0119tego, \u015broda \u2013 NMP Bolesnej, czwartek \u2013 \u015bw. mm. Korneliusza i Cypriana, pi\u0105tek \u2013 \u015bw. Zygmunta Szcz\u0119snego Feli\u0144skiego, sobota &#8211; \u015bw. Stanis\u0142awa Kostki, niedziela &#8211;&nbsp; \u2013 Rocznica po\u015bwi\u0119cenia naszego ko\u015bcio\u0142a 2.W w sobot\u0119, dnia &#8230; <span class=\"more\"><a class=\"more-link\" href=\"https:\/\/www.chnk.pl\/?p=3302\">czytaj wi\u0119cej<\/a><\/span><\/p>\n","protected":false},"author":3,"featured_media":0,"comment_status":"open","ping_status":"open","sticky":false,"template":"","format":"standard","meta":{"ngg_post_thumbnail":0,"footnotes":""},"categories":[1],"tags":[],"_links":{"self":[{"href":"https:\/\/www.chnk.pl\/index.php?rest_route=\/wp\/v2\/posts\/3302"}],"collection":[{"href":"https:\/\/www.chnk.pl\/index.php?rest_route=\/wp\/v2\/posts"}],"about":[{"href":"https:\/\/www.chnk.pl\/index.php?rest_route=\/wp\/v2\/types\/post"}],"author":[{"embeddable":true,"href":"https:\/\/www.chnk.pl\/index.php?rest_route=\/wp\/v2\/users\/3"}],"replies":[{"embeddable":true,"href":"https:\/\/www.chnk.pl\/index.php?rest_route=%2Fwp%2Fv2%2Fcomments&post=3302"}],"version-history":[{"count":2,"href":"https:\/\/www.chnk.pl\/index.php?rest_route=\/wp\/v2\/posts\/3302\/revisions"}],"predecessor-version":[{"id":3304,"href":"https:\/\/www.chnk.pl\/index.php?rest_route=\/wp\/v2\/posts\/3302\/revisions\/3304"}],"wp:attachment":[{"href":"https:\/\/www.chnk.pl\/index.php?rest_route=%2Fwp%2Fv2%2Fmedia&parent=3302"}],"wp:term":[{"taxonomy":"category","embeddable":true,"href":"https:\/\/www.chnk.pl\/index.php?rest_route=%2Fwp%2Fv2%2Fcategories&post=3302"},{"taxonomy":"post_tag","embeddable":true,"href":"https:\/\/www.chnk.pl\/index.php?rest_route=%2Fwp%2Fv2%2Ftags&post=3302"}],"curies":[{"name":"wp","href":"https:\/\/api.w.org\/{rel}","templated":true}]}}