{"id":3296,"date":"2021-09-04T15:28:53","date_gmt":"2021-09-04T15:28:53","guid":{"rendered":"http:\/\/www.chnk.pl\/?p=3296"},"modified":"2021-09-04T15:28:53","modified_gmt":"2021-09-04T15:28:53","slug":"23-niedziela-zwykla-4","status":"publish","type":"post","link":"https:\/\/www.chnk.pl\/?p=3296","title":{"rendered":"23 Niedziela Zwyk\u0142a"},"content":{"rendered":"<p><strong>&nbsp;<\/strong><\/p>\n<p><strong>OG\u0141OSZENIA DUSZPASTERSKIE<\/strong><\/p>\n<p><strong>NIEDZIELA XXIII ZWYK\u0141A<\/strong><\/p>\n<p><strong>5 wrze\u015bnia 2021 r.<\/strong><\/p>\n<ol>\n<li>W niedziel\u0119, dnia 12 wrze\u015bnia 2021 roku o godzinie 12.00 w \u015awi\u0105tyni Bo\u017cej Opatrzno\u015bci w Warszawie odb\u0119d\u0105 si\u0119 uroczysto\u015bci wyniesienia do chwa\u0142y o\u0142tarzy S\u0142ugi Bo\u017cego kardyna\u0142a Stefana Wyszy\u0144skiego oraz S\u0142u\u017cebnicy Bo\u017cej Matki El\u017cbiety R\u00f3\u017cy Czackiej. Istnieje mo\u017cliwo\u015b\u0107 wsp\u00f3lnotowego uczestniczenia w transmisji telewizyjnej w dolnym ko\u015bciele parafii pw. Nawiedzenia NMP. Transmisja uroczysto\u015bci o godzinie 12.00. Obejrzenie transmisji nie zwalnia z uczestnictwa we mszy \u015bw.<\/li>\n<li>Spotkanie \u017bywego R\u00f3\u017ca\u0144ca w \u015brod\u0119, w kaplicy po wieczornej mszy \u015bw.<\/li>\n<li>W \u015bwi\u0119to podwy\u017cszenia Krzy\u017ca \u015bw., 14 wrze\u015bnia, ko\u0144czy si\u0119 czas spowiedzi i komunii \u015bw. wielkanocnej. Przynaglamy Parafian, kt\u00f3rzy jeszcze nie pojednali si\u0119 z Panem Bogiem w tym czasie, aby z \u017cyw\u0105 wiar\u0105 przyst\u0105pili do sakrament\u00f3w \u015bwi\u0119tych.<\/li>\n<li><strong> Bierzmowanie.<\/strong> Nie znamy jeszcze dok\u0142adnej daty przyj\u0119cia tego sakramentu przez m\u0142odzie\u017c, kt\u00f3ra czeka na bierzmowanie przesuni\u0119te z powodu pandemii. Planowane jest ono na pa\u017adziernik\/listopad tego roku. Z kolei m\u0142odych, kt\u00f3rzy w maju rozpocz\u0119li przygotowanie do bierzmowania, dalsz\u0105 formacj\u0119 kontynuowa\u0107 b\u0119d\u0105 od ko\u0144ca wrze\u015bnia. Ju\u017c teraz zapraszamy ich rodzic\u00f3w na spotkanie 16 wrze\u015bnia na godz. 19:45 do ko\u015bcio\u0142a.<\/li>\n<li><strong> Ministranci.<\/strong> Zapraszamy ministrant\u00f3w na Archidiecezjaln\u0105 Pielgrzymk\u0119 Ministrant\u00f3w w sobot\u0119 25 wrze\u015bnia do ko\u015bcio\u0142a OO. karmelit\u00f3w na Wzg\u00f3rzu \u015bw. Wojciecha w Poznaniu. Zapisy u ks. wikariusza. Z kolei ch\u0142opc\u00f3w, kt\u00f3rzy chcieliby zosta\u0107 ministrantami zapraszamy na spotkanie do salki parafialnej (wej\u015bcie z dziedzi\u0144ca) 14 wrze\u015bnia na 17:00. Prosimy o przyj\u015bcie z rodzicem.<\/li>\n<li><strong> M\u0142odzie\u017c.<\/strong> Zapraszamy m\u0142odych na wyjazd do Wolsztyna w sobot\u0119 11 wrze\u015bnia na diecezjalny Dzie\u0144 Wsp\u00f3lnoty M\u0142odzie\u017cy. Osoby ch\u0119tne prosimy o kontakt z ks. wikariuszem (osobi\u015bcie, e-mail, Facebook). Zapraszamy te\u017c m\u0142odych naszej parafii, od 7 klasy SP wzwy\u017c, na wyjazd integracyjny do Mo\u015bcienicy k. K\u00f3rnika w dn. 17-19 wrze\u015bnia. Wyjazd w pi\u0105tek popo\u0142udniu, powr\u00f3t w niedziel\u0119 rano. Szczeg\u00f3\u0142y i zapisy u ks. wikariusza.<\/li>\n<li><strong> Ruch \u201eM\u0119\u017cczy\u017ani \u015bw. J\u00f3zefa\u201d<\/strong> organizuje 18 wrze\u015bnia w Cz\u0119stochowie \u201eObl\u0119\u017cenie Jasnej G\u00f3ry\u201d. Jest to spotkanie dla m\u0119\u017cczyzn chc\u0105cych wykazywa\u0107 si\u0119 tw\u00f3rcz\u0105 odwag\u0105 w braniu odpowiedzialno\u015bci za \u017cycie swoich rodzin. Plan na stronie: oblezenie.mezczyzni.net Transmisja online tego wydarzenia odb\u0119dzie si\u0119 na \u017cywo w naszej parafii w salce (wej\u015bcie z dziedzi\u0144ca) \u2013 pocz\u0105tek o 15:45; zako\u0144czenie o 21:00. Mo\u017cna przyj\u015b\u0107 i wyj\u015b\u0107&nbsp; w ka\u017cdym momencie.<\/li>\n<li>Zapraszamy do Szko\u0142y Katechist\u00f3w. Obecno\u015b\u0107 katechist\u00f3w w parafii staje si\u0119 wielk\u0105 szans\u0105 podj\u0119cia katechezy doros\u0142ych oraz wprowadzaniem w \u017cycie obowi\u0105zuj\u0105cych w archidiecezji zasad prowadzenia katechezy przed chrztem dziecka oraz prowadzenia przygotowania kandydat\u00f3w do bierzmowania w ma\u0142ych grupach. W tym roku formacyjnym zaplanowano 5 zjazd\u00f3w stacjonarnych i 10 w formie zdalnej. Zg\u0142oszenia do ko\u0144ca wrze\u015bnia 2021 roku. Szczeg\u00f3\u0142owe informacje na stronie internetowej www.katecheza.pl oraz pod numerem telefonu 603-624-952.<\/li>\n<li>Zach\u0119camy do czytania prasy katolickiej. Przy zakrystii: <em>Przewodnik Katolicki, Go\u015b\u0107 Niedzielny, Egzorcysta,Ma\u0142y Przewodni Katolicki i Ziarno (dla dzieci)<\/em><\/li>\n<li>M\u00f3dlmy si\u0119 za zmar\u0142ych parafian. Za dusz\u0119 \u015bp. Jana Br\u00f3dki, os. Lecha 125, dusz\u0119 \u015bp. J\u00f3zefa Ch\u0119sia, os. Lecha 35, oraz \u015bp. Heleny Szymkowiak, os. Lecha 42 (msza \u015bw. pogrzebowa w pi\u0105tek o godz. 11.00 na Nowinie). Wieczny odpoczynek racz zmar\u0142ym da\u0107 Panie.<\/li>\n<\/ol>\n<p>&nbsp;<\/p>\n","protected":false},"excerpt":{"rendered":"<p>&nbsp; OG\u0141OSZENIA DUSZPASTERSKIE NIEDZIELA XXIII ZWYK\u0141A 5 wrze\u015bnia 2021 r. W niedziel\u0119, dnia 12 wrze\u015bnia 2021 roku o godzinie 12.00 w \u015awi\u0105tyni Bo\u017cej Opatrzno\u015bci w Warszawie odb\u0119d\u0105 si\u0119 uroczysto\u015bci wyniesienia do chwa\u0142y o\u0142tarzy S\u0142ugi Bo\u017cego kardyna\u0142a Stefana Wyszy\u0144skiego oraz S\u0142u\u017cebnicy Bo\u017cej Matki El\u017cbiety R\u00f3\u017cy Czackiej. Istnieje mo\u017cliwo\u015b\u0107 wsp\u00f3lnotowego uczestniczenia w transmisji telewizyjnej w dolnym ko\u015bciele &#8230; <span class=\"more\"><a class=\"more-link\" href=\"https:\/\/www.chnk.pl\/?p=3296\">czytaj wi\u0119cej<\/a><\/span><\/p>\n","protected":false},"author":3,"featured_media":0,"comment_status":"open","ping_status":"open","sticky":false,"template":"","format":"standard","meta":{"ngg_post_thumbnail":0,"footnotes":""},"categories":[1],"tags":[],"_links":{"self":[{"href":"https:\/\/www.chnk.pl\/index.php?rest_route=\/wp\/v2\/posts\/3296"}],"collection":[{"href":"https:\/\/www.chnk.pl\/index.php?rest_route=\/wp\/v2\/posts"}],"about":[{"href":"https:\/\/www.chnk.pl\/index.php?rest_route=\/wp\/v2\/types\/post"}],"author":[{"embeddable":true,"href":"https:\/\/www.chnk.pl\/index.php?rest_route=\/wp\/v2\/users\/3"}],"replies":[{"embeddable":true,"href":"https:\/\/www.chnk.pl\/index.php?rest_route=%2Fwp%2Fv2%2Fcomments&post=3296"}],"version-history":[{"count":1,"href":"https:\/\/www.chnk.pl\/index.php?rest_route=\/wp\/v2\/posts\/3296\/revisions"}],"predecessor-version":[{"id":3297,"href":"https:\/\/www.chnk.pl\/index.php?rest_route=\/wp\/v2\/posts\/3296\/revisions\/3297"}],"wp:attachment":[{"href":"https:\/\/www.chnk.pl\/index.php?rest_route=%2Fwp%2Fv2%2Fmedia&parent=3296"}],"wp:term":[{"taxonomy":"category","embeddable":true,"href":"https:\/\/www.chnk.pl\/index.php?rest_route=%2Fwp%2Fv2%2Fcategories&post=3296"},{"taxonomy":"post_tag","embeddable":true,"href":"https:\/\/www.chnk.pl\/index.php?rest_route=%2Fwp%2Fv2%2Ftags&post=3296"}],"curies":[{"name":"wp","href":"https:\/\/api.w.org\/{rel}","templated":true}]}}