{"id":3292,"date":"2021-08-28T19:50:45","date_gmt":"2021-08-28T19:50:45","guid":{"rendered":"http:\/\/www.chnk.pl\/?p=3292"},"modified":"2021-08-28T19:50:45","modified_gmt":"2021-08-28T19:50:45","slug":"apel-przewodniczacego-kep-w-sprawie-dnia-solidarnosci-z-afganczykami","status":"publish","type":"post","link":"https:\/\/www.chnk.pl\/?p=3292","title":{"rendered":"Apel Przewodniczacego KEP w sprawie Dnia Solidarno\u015bci z Afga\u0144czykami"},"content":{"rendered":"<p>&nbsp;<\/p>\n<p><strong>&nbsp;<\/strong><\/p>\n<p><strong>&nbsp;<\/strong><\/p>\n<p><strong>APEL&nbsp; <\/strong><\/p>\n<p><strong>PRZEWODNICZ\u0104CEGO KONFERENCJI EPISKOPATU POLSKI WS. DNIA SOLIDARNO\u015aCI Z AFGA\u0143CZYKAMI <\/strong><\/p>\n<p><strong>&nbsp;<\/strong><\/p>\n<p>&nbsp;<\/p>\n<p>Od kilu tygodni jeste\u015bmy \u015bwiadkami dramatycznych wydarze\u0144 w Afganistanie, zwi\u0105zanych ze zmian\u0105 w\u0142adzy.<\/p>\n<table>\n<tbody>\n<tr>\n<td width=\"716\">&nbsp;<\/td>\n<\/tr>\n<tr>\n<td>&nbsp;<\/td>\n<td>&nbsp;<\/td>\n<\/tr>\n<\/tbody>\n<\/table>\n<p>Wiele tysi\u0119cy Afga\u0144czyk\u00f3w ratuje swoje \u017cycie i zdrowie ucieczk\u0105 z kraju, szukaj\u0105c pomocy we wsp\u00f3lnocie mi\u0119dzynarodowej.<\/p>\n<p>Ws\u0142uchuj\u0105c si\u0119 w g\u0142os papie\u017ca Franciszka, kt\u00f3ry wezwa\u0142 wszystkich ludzi dobrej woli, by \u201emodlili si\u0119 do Boga pokoju, aby zamilk\u0142 szcz\u0119k or\u0119\u017ca i by mo\u017cna by\u0142o znale\u017a\u0107 rozwi\u0105zania przy stole dialogu\u201d, zwracam si\u0119 z apelem do pasterzy i wiernych Ko\u015bcio\u0142a w Polsce o modlitw\u0119 i pomoc materialn\u0105 dla cierpi\u0105cego ludu Afganistanu.<\/p>\n<p>W zwi\u0105zku z powy\u017cszym, og\u0142aszam niedziel\u0119 5 wrze\u015bnia br. \u201eDniem Solidarno\u015bci z Afga\u0144czykami\u201d. Dzi\u0119kuj\u0119 wszystkim ksi\u0119\u017com biskupom, kt\u00f3rzy podczas Rady Biskup\u00f3w Diecezjalnych, na Jasnej G\u00f3rze dnia 25 sierpnia br., poparli jednog\u0142o\u015bnie ide\u0119 og\u00f3lnopolskiej zbi\u00f3rki na ten cel.&nbsp;<\/p>\n<p>Apeluj\u0119, aby w niedziel\u0119 5 wrze\u015bnia, w ka\u017cdym ko\u015bciele i kaplicy w Polsce w czasie modlitwy powszechnej prosi\u0107 Boga o pok\u00f3j w Afganistanie oraz w intencji Afga\u0144czyk\u00f3w, a po Mszach \u015awi\u0119tych zorganizowa\u0107 kwest\u0119 na ich rzecz.&nbsp;<\/p>\n<p>Zebrane fundusze zostan\u0105 przeznaczone na d\u0142ugofalowe wsparcie dzia\u0142a\u0144 Caritas na rzecz migrant\u00f3w i uchod\u017ac\u00f3w, zar\u00f3wno w Polsce jak i za granic\u0105. We wsp\u00f3\u0142pracy z Caritas w Pakistanie, kraju, w kt\u00f3rym znajduje si\u0119 najwi\u0119ksza grupa uchod\u017ac\u00f3w z Afganistanu, rozpocznie si\u0119 trzymiesi\u0119czna interwencja humanitarna natychmiastowej pomocy dla oko\u0142o 1500 rodzin. &nbsp;<\/p>\n<p>W Polsce ju\u017c dzia\u0142aj\u0105 Centra Migrant\u00f3w i Uchod\u017ac\u00f3w prowadzone przez Caritas Polska oraz Caritas diecezjalne. Caritas Polska uruchomi<\/p>\n<p>&nbsp;<\/p>\n<p>og\u00f3lnopolski program wsparcia dla uchod\u017ac\u00f3w w naszej ojczy\u017anie \u2013 od pomocy duchowej, psychologicznej, socjalnej, poprzez pomoc j\u0119zykow\u0105, prawn\u0105 i medyczn\u0105, a\u017c po doradztwo zawodowe, wsparcie mi\u0119dzykulturowe oraz wsparcie wolontariatu parafialnego i komunikacji z mediami.<\/p>\n<table>\n<tbody>\n<tr>\n<td width=\"716\">&nbsp;<\/td>\n<\/tr>\n<tr>\n<td>&nbsp;<\/td>\n<td>&nbsp;<\/td>\n<\/tr>\n<\/tbody>\n<\/table>\n<p>Ju\u017c teraz dzi\u0119kuj\u0119 wszystkim wiernym za pozytywn\u0105 odpowied\u017a na m\u00f3j apel ufaj\u0105c, \u017ce kolejny raz Polacy poka\u017c\u0105 swoje szlachetne serca.<\/p>\n<p>&nbsp;<\/p>\n<p>&nbsp;<\/p>\n<p>&nbsp;<\/p>\n<p>&nbsp;<\/p>\n<p>&nbsp;<\/p>\n<p>&nbsp;<\/p>\n<p>Warszawa, dnia 27 sierpnia 2021 roku<\/p>\n","protected":false},"excerpt":{"rendered":"<p>&nbsp; &nbsp; &nbsp; APEL&nbsp; PRZEWODNICZ\u0104CEGO KONFERENCJI EPISKOPATU POLSKI WS. DNIA SOLIDARNO\u015aCI Z AFGA\u0143CZYKAMI &nbsp; &nbsp; Od kilu tygodni jeste\u015bmy \u015bwiadkami dramatycznych wydarze\u0144 w Afganistanie, zwi\u0105zanych ze zmian\u0105 w\u0142adzy. &nbsp; &nbsp; &nbsp; Wiele tysi\u0119cy Afga\u0144czyk\u00f3w ratuje swoje \u017cycie i zdrowie ucieczk\u0105 z kraju, szukaj\u0105c pomocy we wsp\u00f3lnocie mi\u0119dzynarodowej. Ws\u0142uchuj\u0105c si\u0119 w g\u0142os papie\u017ca Franciszka, kt\u00f3ry wezwa\u0142 &#8230; <span class=\"more\"><a class=\"more-link\" href=\"https:\/\/www.chnk.pl\/?p=3292\">czytaj wi\u0119cej<\/a><\/span><\/p>\n","protected":false},"author":3,"featured_media":0,"comment_status":"open","ping_status":"open","sticky":false,"template":"","format":"standard","meta":{"ngg_post_thumbnail":0,"footnotes":""},"categories":[1],"tags":[],"_links":{"self":[{"href":"https:\/\/www.chnk.pl\/index.php?rest_route=\/wp\/v2\/posts\/3292"}],"collection":[{"href":"https:\/\/www.chnk.pl\/index.php?rest_route=\/wp\/v2\/posts"}],"about":[{"href":"https:\/\/www.chnk.pl\/index.php?rest_route=\/wp\/v2\/types\/post"}],"author":[{"embeddable":true,"href":"https:\/\/www.chnk.pl\/index.php?rest_route=\/wp\/v2\/users\/3"}],"replies":[{"embeddable":true,"href":"https:\/\/www.chnk.pl\/index.php?rest_route=%2Fwp%2Fv2%2Fcomments&post=3292"}],"version-history":[{"count":1,"href":"https:\/\/www.chnk.pl\/index.php?rest_route=\/wp\/v2\/posts\/3292\/revisions"}],"predecessor-version":[{"id":3293,"href":"https:\/\/www.chnk.pl\/index.php?rest_route=\/wp\/v2\/posts\/3292\/revisions\/3293"}],"wp:attachment":[{"href":"https:\/\/www.chnk.pl\/index.php?rest_route=%2Fwp%2Fv2%2Fmedia&parent=3292"}],"wp:term":[{"taxonomy":"category","embeddable":true,"href":"https:\/\/www.chnk.pl\/index.php?rest_route=%2Fwp%2Fv2%2Fcategories&post=3292"},{"taxonomy":"post_tag","embeddable":true,"href":"https:\/\/www.chnk.pl\/index.php?rest_route=%2Fwp%2Fv2%2Ftags&post=3292"}],"curies":[{"name":"wp","href":"https:\/\/api.w.org\/{rel}","templated":true}]}}