{"id":3288,"date":"2021-08-28T19:46:15","date_gmt":"2021-08-28T19:46:15","guid":{"rendered":"http:\/\/www.chnk.pl\/?p=3288"},"modified":"2021-08-28T19:46:15","modified_gmt":"2021-08-28T19:46:15","slug":"22-niedziela-zwykla-4","status":"publish","type":"post","link":"https:\/\/www.chnk.pl\/?p=3288","title":{"rendered":"22 Niedziela Zwyk\u0142a"},"content":{"rendered":"<p><strong>OG\u0141OSZENIA DUSZPASTERSKIE<\/strong><\/p>\n<p><strong>&nbsp;<\/strong><\/p>\n<p><strong>NIEDZIELA XXII ZWYK\u0141A<\/strong><\/p>\n<p><strong>29 sierpnia 2021 r.<\/strong><\/p>\n<ol>\n<li>Kalendarz liturgiczny: pi\u0105tek \u015bw. Grzegorza Wielkiego, papie\u017ca.<\/li>\n<li>Apel Przewodnicz\u0105cego KEP w sprawie Dnia Solidarno\u015bci z Afga\u0144czykami 5 wrze\u015bnia.<\/li>\n<li>Od \u015brody 1 wrze\u015bnia wracamy do tradycyjnych godzin odprawiania mszy \u015bw., a tak\u017ce godzin urz\u0119dowania Biura Parafialnego. <strong>Msze \u015bw. <\/strong>w niedziele o 8:00, 9:30, 11:15, 12:30 i 18:00; w dni powszednie o 8.00 i 18.00; w soboty o 8:00 i 18:00. Nowenna do Matki Bo\u017cej Nieustaj\u0105cej Pomocy w \u015brody po mszy \u015bw. o 18.00; R\u00f3\u017caniec do Matki Bo\u017cej Patronki Dobrej \u015amierci we wtorki o 7.30. <strong>Biuro Parafialne<\/strong>: poniedzia\u0142ki 16.00\u201317.30; czwartki 9.00\u201310.30; soboty 19.00\u201320.00. <strong>Spowied\u017a \u015bw.<\/strong> w tygodniu p\u00f3\u0142 godziny przed mszami \u015bw.; soboty p\u00f3\u0142 godziny przed porann\u0105 msz\u0105 \u015bw. oraz 16:00\u201318:00; w niedziele przed mszami \u015bw. Przypominamy, \u017ce abp Stanis\u0142aw G\u0105decki przed\u0142u\u017cy\u0142 czas Komunii \u015bw. wielkanocnej do \u015awi\u0119ta Podwy\u017cszenia Krzy\u017ca 14 wrze\u015bnia w\u0142\u0105cznie.<\/li>\n<\/ol>\n<p><strong>Uwaga \u2013 w poniedzia\u0142ek i wtorek (30 i 31 sierpnia) obowi\u0105zuje uk\u0142ad wakacyjny.<\/strong><\/p>\n<p>&nbsp;<\/p>\n<ol start=\"3\">\n<li>W \u015brod\u0119 1 wrze\u015bnia wieczorna msza \u015bw. w intencji ofiar II wojny \u015bwiatowej. 1 wrze\u015bnia to w Ko\u015bciele \u015awiatowy Dzie\u0144 Modlitw o Ochron\u0119 Stworzenia.<\/li>\n<li>Zapraszamy dzieci z klas I-III i ich rodzic\u00f3w na msz\u0119 \u015bw. po\u0142\u0105czon\u0105 z po\u015bwi\u0119ceniem tornistr\u00f3w i przybor\u00f3w szkolnych w \u015brod\u0119 na 18:00. Z kolei dzieci i m\u0142odzie\u017c z klas IV-VIII oraz szk\u00f3\u0142 \u015brednich zapraszamy na msz\u0119 \u015bw. w pi\u0105tek o 16:30; zapraszamy te\u017c na spowied\u017a w pi\u0105tek od 15:00 do 18:00.<\/li>\n<li>W tym tygodniu I czwartek, I pi\u0105tek i I sobota miesi\u0105ca.<\/li>\n<\/ol>\n<p><u>I czwartek:<\/u> adoracja Naj\u015bwi\u0119tszego Sakramentu po mszy \u015bw. rannej do 10:30 oraz od 17.00 do 18.00. Uczestnicz\u0105cych w duchowej adopcji zapraszamy na r\u00f3\u017caniec o 17.15&nbsp;&nbsp;&nbsp; w intencji obrony \u017cycia, godno\u015bci jego przekazywania i os\u00f3b kszta\u0142tuj\u0105cych opini\u0119 publiczn\u0105 w tym temacie. Po mszy \u015bw. wieczornej adoracja do 21.00 w intencji zachowania oraz o nowe powo\u0142ania kap\u0142a\u0144skie, zakonne i do pracy na misjach.<\/p>\n<p><u>I pi\u0105tek:<\/u> spowied\u017a \u015bw. od 15.00 do 18.00. Msza \u015bw. pierwszopi\u0105tkowa o 18.00.<\/p>\n<p><u>I sobota:<\/u> r\u00f3\u017caniec do Niepokalanego Serca Maryi o 7.15, nast\u0119pnie msza \u015bw. i nabo\u017ce\u0144stwo. R\u00f3\u017caniec w intencji rodzin o 17:20. Spotkanie Wsp\u00f3lnoty Rodzin o 19:15 w ko\u015bciele. Odwiedziny chorych z sakramentami \u015bw. w pi\u0105tek i w sobot\u0119 wed\u0142ug sta\u0142ego planu.<\/p>\n<ol start=\"6\">\n<li>Piesza pielgrzymka na odpust w Tulcach w niedziel\u0119 5 wrze\u015bnia. Zbi\u00f3rka o 6:30 przed naszym ko\u015bcio\u0142em. Nast\u0119pnie przej\u015bcie do ko\u015bcio\u0142a na os. Rusa, gdzie o 7:00 wi\u0119ksza grupa wyruszy z ks. prob. Krzysztofem Wr\u00f3blem do Tulec.<\/li>\n<li>Wsp\u00f3lnota Wojownicy Maryi organizuje w dniach 10\u201311 wrze\u015bnia w parafii Nawiedzenia NMP w Poznaniu \u201e24 Godziny M\u0119ki Pa\u0144skiej wg Luizy Piccarrety\u201d. Msza \u015bw. o 16.00 w g\u00f3rnym ko\u015bciele; nast\u0119pnie od 17.00, w dolnym ko\u015bciele, Adoracja Naj\u015bwi\u0119tszego Sakramentu do 17.00 nast\u0119pnego dnia.<\/li>\n<li>11 wrze\u015bnia w Poznaniu odb\u0119dzie si\u0119 Forum Duszpasterskie, przybli\u017caj\u0105ce tre\u015b\u0107 has\u0142a Programu duszpasterskiego Ko\u015bcio\u0142a w Polsce. Tegoroczne, pod has\u0142em: \u201ePos\u0142ani w pokoju Chrystusa\u201d, rozpocznie si\u0119 o godz. 9:30 msz\u0105 \u015bw. w ko\u015bciele \u015bw. Rocha (przewodniczy kard. Eijk z Utrechtu). Nast\u0119pnie obrady w Centrum Wyk\u0142adowo-Konferencyjnym Politechniki. Zg\u0142oszenia do 4 wrze\u015bnia przez stron\u0119: <em>forum2021.pl<\/em>. Msza \u015bw. i obrady b\u0119d\u0105 te\u017c transmitowane na \u017cywo online.<\/li>\n<li>Zach\u0119camy do czytania prasy katolickiej. Przy zakrystii: Przewodnik Katolicki, Ma\u0142y Przewodnik Katolicki, Go\u015b\u0107 Niedzielny, Misyjne Drogi, gazeta parafialna.<\/li>\n<\/ol>\n","protected":false},"excerpt":{"rendered":"<p>OG\u0141OSZENIA DUSZPASTERSKIE &nbsp; NIEDZIELA XXII ZWYK\u0141A 29 sierpnia 2021 r. Kalendarz liturgiczny: pi\u0105tek \u015bw. Grzegorza Wielkiego, papie\u017ca. Apel Przewodnicz\u0105cego KEP w sprawie Dnia Solidarno\u015bci z Afga\u0144czykami 5 wrze\u015bnia. Od \u015brody 1 wrze\u015bnia wracamy do tradycyjnych godzin odprawiania mszy \u015bw., a tak\u017ce godzin urz\u0119dowania Biura Parafialnego. Msze \u015bw. w niedziele o 8:00, 9:30, 11:15, 12:30 i &#8230; <span class=\"more\"><a class=\"more-link\" href=\"https:\/\/www.chnk.pl\/?p=3288\">czytaj wi\u0119cej<\/a><\/span><\/p>\n","protected":false},"author":3,"featured_media":0,"comment_status":"open","ping_status":"open","sticky":false,"template":"","format":"standard","meta":{"ngg_post_thumbnail":0,"footnotes":""},"categories":[1],"tags":[],"_links":{"self":[{"href":"https:\/\/www.chnk.pl\/index.php?rest_route=\/wp\/v2\/posts\/3288"}],"collection":[{"href":"https:\/\/www.chnk.pl\/index.php?rest_route=\/wp\/v2\/posts"}],"about":[{"href":"https:\/\/www.chnk.pl\/index.php?rest_route=\/wp\/v2\/types\/post"}],"author":[{"embeddable":true,"href":"https:\/\/www.chnk.pl\/index.php?rest_route=\/wp\/v2\/users\/3"}],"replies":[{"embeddable":true,"href":"https:\/\/www.chnk.pl\/index.php?rest_route=%2Fwp%2Fv2%2Fcomments&post=3288"}],"version-history":[{"count":1,"href":"https:\/\/www.chnk.pl\/index.php?rest_route=\/wp\/v2\/posts\/3288\/revisions"}],"predecessor-version":[{"id":3289,"href":"https:\/\/www.chnk.pl\/index.php?rest_route=\/wp\/v2\/posts\/3288\/revisions\/3289"}],"wp:attachment":[{"href":"https:\/\/www.chnk.pl\/index.php?rest_route=%2Fwp%2Fv2%2Fmedia&parent=3288"}],"wp:term":[{"taxonomy":"category","embeddable":true,"href":"https:\/\/www.chnk.pl\/index.php?rest_route=%2Fwp%2Fv2%2Fcategories&post=3288"},{"taxonomy":"post_tag","embeddable":true,"href":"https:\/\/www.chnk.pl\/index.php?rest_route=%2Fwp%2Fv2%2Ftags&post=3288"}],"curies":[{"name":"wp","href":"https:\/\/api.w.org\/{rel}","templated":true}]}}