{"id":3256,"date":"2021-07-10T19:24:16","date_gmt":"2021-07-10T19:24:16","guid":{"rendered":"http:\/\/www.chnk.pl\/?p=3256"},"modified":"2021-07-10T19:24:16","modified_gmt":"2021-07-10T19:24:16","slug":"15-niedziela-zwykla-4","status":"publish","type":"post","link":"https:\/\/www.chnk.pl\/?p=3256","title":{"rendered":"15 Niedziela Zwyk\u0142a"},"content":{"rendered":"<p><strong>OG\u0141OSZENIA DUSZPASTERSKIE<\/strong><\/p>\n<p><strong>NIEDZIELA&nbsp; XV ZWYK\u0141A<\/strong><\/p>\n<p><strong>11 lipca 2021 r.<\/strong><\/p>\n<p><strong>O\u015aWIADCZENIE<\/strong><\/p>\n<p><strong>PRZEWODNICZ\u0104CEGO KONFERENCJI EPISKOPATU POLSKI,&nbsp;&nbsp;&nbsp;&nbsp;&nbsp;&nbsp;&nbsp;&nbsp;&nbsp;&nbsp;&nbsp;&nbsp;&nbsp;&nbsp;&nbsp;&nbsp;&nbsp;&nbsp;&nbsp;&nbsp;&nbsp;&nbsp;&nbsp;&nbsp;&nbsp;&nbsp;&nbsp;&nbsp;&nbsp;&nbsp;&nbsp;&nbsp;&nbsp;&nbsp;&nbsp;&nbsp;&nbsp;&nbsp;&nbsp;&nbsp; ABPA STANIS\u0141AWA G\u0104DECKIEGO<\/strong><\/p>\n<p><strong>W KWESTII SZCZEPIE\u0143 PRZECIW COVID-19 (fragment)<\/strong><\/p>\n<ol start=\"4\">\n<li>Szczepienia przeciw Covid-19 s\u0105 wa\u017cnym narz\u0119dziem ograniczania rozprzestrzeniania si\u0119 zaka\u017ce\u0144 i przez bardzo wiele os\u00f3b postrzegane s\u0105 jako nadzieja na mo\u017cliwo\u015b\u0107 powrotu do normalnego funkcjonowania spo\u0142ecze\u0144stw. St\u0105d te\u017c Ko\u015bci\u00f3\u0142 \u2012 b\u0119d\u0105c w kontakcie z w\u0142a\u015bciwymi s\u0142u\u017cbami medycznymi i sanitarnymi \u2012 wspiera edukacyjne i informacyjne inicjatywy spo\u0142eczne i publiczne, kt\u00f3rych celem jest zwi\u0119kszenie \u015bwiadomo\u015bci wiernych w kwestii szczepie\u0144. Ponadto Ko\u015bci\u00f3\u0142 wspiera wszystkich, kt\u00f3rzy podejmuj\u0105 decyzj\u0119 o zaszczepieniu si\u0119. Przyk\u0142ad papie\u017ca Franciszka, kt\u00f3ry nie tylko sam si\u0119 zaszczepi\u0142, ale wielokrotnie apelowa\u0142 o szczepienie si\u0119 i sprawiedliw\u0105 dystrybucj\u0119 szczepionek do biedniejszych kraj\u00f3w, jest zach\u0119t\u0105 do szczepienia si\u0119 dla tych, kt\u00f3rym jest bliskie nie tylko dobro w\u0142asne, ale r\u00f3wnie\u017c dobro wsp\u00f3lne.<\/li>\n<li>Szczepienia nie powinny prowadzi\u0107 do zaniedbania innych element\u00f3w wa\u017cnych dla ograniczania rozprzestrzeniania si\u0119 zaka\u017ce\u0144 SARS-COV-2 oraz leczenia choroby COVID-19, w tym dba\u0142o\u015bci o higien\u0119, odpowiedzialno\u015bci w kontaktach mi\u0119dzyludzkich, dost\u0119pno\u015bci do \u015bwiadcze\u0144 ochrony zdrowia, w tym do skutecznej farmakoterapii, a tak\u017ce rozwijania bada\u0144 podstawowych i klinicznych ukierunkowanych na lepsz\u0105 profilaktyk\u0119, diagnostyk\u0119 i leczenie.<\/li>\n<\/ol>\n<p><strong>OG\u0141OSZENIA PARAFIALNE<\/strong><\/p>\n<ol>\n<li>Kalendarz liturgiczny: poniedzia\u0142ek \u2013 \u015bw. Brunona Bonifacego z Kwerfurtu, wtorek &#8211; \u015bw. pustelnik\u00f3w Andrzeja \u015awierada i Benedykta, \u015broda \u2013 \u015bw. Kamila de Lellis i \u015bw. Henryka, czwartek \u2013 \u015bw. Bonawentury, Pi\u0105tek &#8211; Naj\u015bwi\u0119tszej Maryi Panny z G\u00f3ry Karmel.<\/li>\n<li>Jutro o godz. 8.00 msza \u015bw. pogrzebowa, a o godz. 9.00 parafialna.<\/li>\n<li>W czwartek po mszy \u015bw. wieczornej p\u00f3\u0142godzinna adoracja Naj\u015bwi\u0119tszego Sakramentu.<\/li>\n<li>W pi\u0105tek, w dniu Matki Bo\u017cej Szkaplerznej, msza \u015bw. u OO Karmelit\u00f3w z na\u0142o\u017ceniem szkaplerza o godz. 7.15, 11.30, 15.30 i 18.00.<\/li>\n<li><strong>5<\/strong>. W sobot\u0119, dnia 17 lipca 2021 roku o godzinie 8.00 w Bazylice Archikatedralnej w&nbsp;Poznaniu zostanie odprawiona Msza \u015awi\u0119ta w intencji \u015bp. ks. kardyna\u0142a Zenona Grocholewskiego w pierwsz\u0105 rocznic\u0119 jego \u015bmierci.<\/li>\n<li>S\u0142uchacze Radia Maryja i widzowie telewizji Trwam, kt\u00f3rzy chcieliby wesprze\u0107 te rozg\u0142o\u015bnie, chocia\u017c skromnymi ofiarami, mog\u0105 je przekaza\u0107 pani Marii lub z\u0142o\u017cy\u0107 do skarbony przy wej\u015bciu do ko\u015bcio\u0142a.<\/li>\n<li>B\u00f3g zap\u0142a\u0107 za ofiary sk\u0142adane na utrzymanie naszego ko\u015bcio\u0142a. Informujemy, \u017ce nadzwyczajni szafarze Komunii \u015bw. pe\u0142ni\u0105 swoj\u0105 pos\u0142ug\u0119 charytatywnie i nie przyjmuj\u0105 z tej racji ofiar. Korzystaj\u0105cy z ich pos\u0142ugi niechaj modl\u0105 si\u0119 usilnie o nowych szafarzy dla naszej parafii.<\/li>\n<li>Zach\u0119camy do czytania prasy katolickiej. Przy zakrystii: \u201ePrzewodnik Katolicki\u201d , \u201eGo\u015b\u0107 Niedzielny\u201d, i \u201eMa\u0142y Przewodnik Katolicki\u201d. Producent filmu dokumentalnego \u201ePo\u0142o\u017cna\u201d w re\u017cyserii Marii Stachurskiej, kt\u00f3ry opowiada o wojennych losach Stanis\u0142awy Leszczy\u0144skiej poinformowa\u0142, \u017ce jego projekcja odb\u0119dzie si\u0119 w Kinie Apollo w Poznaniu, dnia 17 lipca, o godz. 16.00 oraz w niedziel\u0119, dnia 18 lipca, o godzinie 14.00.<\/li>\n<\/ol>\n<p>&nbsp;<\/p>\n<p>&nbsp;<\/p>\n<p>&nbsp;<\/p>\n<p>&nbsp;<\/p>\n<p>&nbsp;<\/p>\n<p>&nbsp;<\/p>\n<p>&#8230;&#8230;&#8230;&#8230;&#8230;&#8230;&#8230;&#8230;&#8230;&#8230;&#8230;&#8230;&#8230;&#8230;&#8230;&#8230;&#8230;&#8230;&#8230;&#8230;&#8230;&#8230;&#8230;&#8230;&#8230;&#8230;&#8230;&#8230;&#8230;&#8230;&#8230;&#8230;&#8230;&#8230;&#8230;&#8230;&#8230;&#8230;&#8230;&#8230;&#8230;&#8230;&#8230;&#8230;&#8230;&#8230;&#8230;<\/p>\n<p><strong>&nbsp;<\/strong><\/p>\n<p><strong>&nbsp;<\/strong><\/p>\n<p><strong>INFORMACJE STA\u0141E&nbsp;&nbsp; <\/strong><strong>\/LIPIEC&nbsp; I SIERPIE\u0143\/<\/strong><\/p>\n<ol start=\"12\">\n<li>W lipcu i w sierpniu zmienione godziny odprawiania Mszy \u015bw. w niedziele i dni powszednie oraz zmienione godziny urz\u0119dowania Biura Parafialnego. W niedziele wakacyjne nie ma mszy \u015bw. o godz. 12.30. <u>Msza \u015bw.<\/u> o godz. 8.00 w poniedzia\u0142ek, \u015brod\u0119 i pi\u0105tek<br \/>\n&nbsp;&nbsp;&nbsp;&nbsp;&nbsp;&nbsp;&nbsp;&nbsp;&nbsp;&nbsp;&nbsp;&nbsp;&nbsp;&nbsp;&nbsp;&nbsp;&nbsp;&nbsp;&nbsp;&nbsp;&nbsp;&nbsp;&nbsp;&nbsp;&nbsp;&nbsp;&nbsp;&nbsp;&nbsp;&nbsp;&nbsp;&nbsp;&nbsp;&nbsp;&nbsp;&nbsp;&nbsp;&nbsp;&nbsp;&nbsp;&nbsp;&nbsp;&nbsp;&nbsp;&nbsp;&nbsp;&nbsp;&nbsp;&nbsp;&nbsp;&nbsp;&nbsp;&nbsp;&nbsp;o godz.18.00 we wtorek, czwartek i sobot\u0119<\/li>\n<\/ol>\n<p>Nowenna do Matki Bo\u017cej Nieustaj\u0105cej Pomocy w \u015brod\u0119 o godz. 8.00. R\u00f3\u017caniec do Matki Bo\u017cej Patronki Dobrej \u015amierci i Nowenna do \u015bw. J\u00f3zefa&nbsp; we wtorek o godz. 17.30<\/p>\n<p><u>Biuro Parafialne<\/u>: poniedzia\u0142ek godz. 9.00 do 10.30, czwartek godz. 16.00 do 17.30 i sobota godz. 19.00 do 20.00.<\/p>\n<ol start=\"20\">\n<li>Msza \u015bw. niedzielna w godzinach p\u00f3\u017aniejszych w najbli\u017cszych parafiach: Parafia Pierwszych Polskich M\u0119czennik\u00f3w, os. Tysi\u0105clecia &#8211; godz. 20.00 i Parafia \u015bw. \u0141ukasza, os. Rusa &#8211; godz. 20.30<\/li>\n<li>Dzieci wyje\u017cd\u017caj\u0105ce na kolonie powinny zabra\u0107 pisemne o\u015bwiadczenie rodzic\u00f3w, i\u017c jest ich wol\u0105, aby dziecko uczestniczy\u0142o w niedzielnej Mszy \u015bw.<\/li>\n<li>Spowied\u017a \u015bw. p\u00f3\u0142 godziny przed Msz\u0105 \u015bw. i w sobot\u0119 od godz. 16.00 -18.00.<\/li>\n<li>Grupa Anonimowych Alkoholik\u00f3w spotyka si\u0119 w ka\u017cdy wtorek o godz. 19.00 w salce parafialnej i jest otwarta na wszystkich, kt\u00f3rzy szukaj\u0105 pomocy do \u017cycia w trze\u017awo\u015bci.<\/li>\n<li>Prosimy o podawanie intencji mszalnych, uprzednio zarezerwowanych, na lipiec i sierpie\u0144. Mo\u017cna to uczyni\u0107 w niedziel\u0119, po Mszy \u015bw., w zakrystii.<\/li>\n<\/ol>\n<p>&nbsp;<\/p>\n","protected":false},"excerpt":{"rendered":"<p>OG\u0141OSZENIA DUSZPASTERSKIE NIEDZIELA&nbsp; XV ZWYK\u0141A 11 lipca 2021 r. O\u015aWIADCZENIE PRZEWODNICZ\u0104CEGO KONFERENCJI EPISKOPATU POLSKI,&nbsp;&nbsp;&nbsp;&nbsp;&nbsp;&nbsp;&nbsp;&nbsp;&nbsp;&nbsp;&nbsp;&nbsp;&nbsp;&nbsp;&nbsp;&nbsp;&nbsp;&nbsp;&nbsp;&nbsp;&nbsp;&nbsp;&nbsp;&nbsp;&nbsp;&nbsp;&nbsp;&nbsp;&nbsp;&nbsp;&nbsp;&nbsp;&nbsp;&nbsp;&nbsp;&nbsp;&nbsp;&nbsp;&nbsp;&nbsp; ABPA STANIS\u0141AWA G\u0104DECKIEGO W KWESTII SZCZEPIE\u0143 PRZECIW COVID-19 (fragment) Szczepienia przeciw Covid-19 s\u0105 wa\u017cnym narz\u0119dziem ograniczania rozprzestrzeniania si\u0119 zaka\u017ce\u0144 i przez bardzo wiele os\u00f3b postrzegane s\u0105 jako nadzieja na mo\u017cliwo\u015b\u0107 powrotu do normalnego funkcjonowania spo\u0142ecze\u0144stw. St\u0105d te\u017c Ko\u015bci\u00f3\u0142 \u2012 b\u0119d\u0105c w &#8230; <span class=\"more\"><a class=\"more-link\" href=\"https:\/\/www.chnk.pl\/?p=3256\">czytaj wi\u0119cej<\/a><\/span><\/p>\n","protected":false},"author":3,"featured_media":0,"comment_status":"open","ping_status":"open","sticky":false,"template":"","format":"standard","meta":{"ngg_post_thumbnail":0,"footnotes":""},"categories":[1],"tags":[],"_links":{"self":[{"href":"https:\/\/www.chnk.pl\/index.php?rest_route=\/wp\/v2\/posts\/3256"}],"collection":[{"href":"https:\/\/www.chnk.pl\/index.php?rest_route=\/wp\/v2\/posts"}],"about":[{"href":"https:\/\/www.chnk.pl\/index.php?rest_route=\/wp\/v2\/types\/post"}],"author":[{"embeddable":true,"href":"https:\/\/www.chnk.pl\/index.php?rest_route=\/wp\/v2\/users\/3"}],"replies":[{"embeddable":true,"href":"https:\/\/www.chnk.pl\/index.php?rest_route=%2Fwp%2Fv2%2Fcomments&post=3256"}],"version-history":[{"count":1,"href":"https:\/\/www.chnk.pl\/index.php?rest_route=\/wp\/v2\/posts\/3256\/revisions"}],"predecessor-version":[{"id":3257,"href":"https:\/\/www.chnk.pl\/index.php?rest_route=\/wp\/v2\/posts\/3256\/revisions\/3257"}],"wp:attachment":[{"href":"https:\/\/www.chnk.pl\/index.php?rest_route=%2Fwp%2Fv2%2Fmedia&parent=3256"}],"wp:term":[{"taxonomy":"category","embeddable":true,"href":"https:\/\/www.chnk.pl\/index.php?rest_route=%2Fwp%2Fv2%2Fcategories&post=3256"},{"taxonomy":"post_tag","embeddable":true,"href":"https:\/\/www.chnk.pl\/index.php?rest_route=%2Fwp%2Fv2%2Ftags&post=3256"}],"curies":[{"name":"wp","href":"https:\/\/api.w.org\/{rel}","templated":true}]}}