{"id":3252,"date":"2021-07-03T14:31:34","date_gmt":"2021-07-03T14:31:34","guid":{"rendered":"http:\/\/www.chnk.pl\/?p=3252"},"modified":"2021-07-03T14:31:34","modified_gmt":"2021-07-03T14:31:34","slug":"14-niedziela-zwykla-4","status":"publish","type":"post","link":"https:\/\/www.chnk.pl\/?p=3252","title":{"rendered":"14 Niedziela Zwyk\u0142a"},"content":{"rendered":"<p>&nbsp;<\/p>\n<p><strong>&nbsp;<\/strong><\/p>\n<p><strong>&nbsp;<\/strong><\/p>\n<p><strong>OG\u0141OSZENIA DUSZPASTERSKIE<\/strong><\/p>\n<p><strong>NIEDZIELA XIV ZWYK\u0141A<\/strong><\/p>\n<p><strong>4 lipca 2021 r.<\/strong><\/p>\n<p><strong>1.<\/strong>Kalendarz liturgiczny:<\/p>\n<p>poniedzia\u0142ek \u2013 Marii Goretti,<\/p>\n<p>wtorek \u2013 b\u0142. Marii Teresy Led\u00f3chowskiej,<\/p>\n<p>czwartek \u2013 \u015bw. Jana z Dukli,<\/p>\n<p>pi\u0105tek \u2013 \u015bw. Augustyna Zhao Rohg.<\/p>\n<ol start=\"2\">\n<li>Spotkanie wsp\u00f3lnoty r\u00f3\u017ca\u0144cowej w \u015brod\u0119 po porannej mszy \u015bw.<\/li>\n<li>Zach\u0119camy do czytania prasy katolickiej. Przy zakrystii: \u201ePrzewodnik Katolicki\u201d. Jest &#8222;Ma\u0142y Przewodnik Katolicki&#8221;, \u201eGo\u015b\u0107 Niedzielny\u201d. W internecie: www ProPublico.TV, www Wiara.pl, przez wakacje nie b\u0119dzie gazetki parafialnej<\/li>\n<li>B\u00f3g zap\u0142a\u0107 za ofiary na utrzymanie naszego ko\u015bcio\u0142a. B\u00f3g za ofiary na Stolic\u0119 \u015awi\u0119t\u0105 z\u0142o\u017cone w uroczysto\u015b\u0107 \u015bw. Aposto\u0142\u00f3w Piotra i Paw\u0142a, na KUL,Wydzia\u0142 Teologiczny.<\/li>\n<li><strong>&nbsp;<\/strong>Grupa Anonimowych Alkoholik\u00f3w spotyka si\u0119 w ka\u017cdy wtorek o godz. 19.00 i jest otwarta na wszystkich, kt\u00f3rzy szukaj\u0105 pomocy do \u017cycia w trze\u017awo\u015bci.<\/li>\n<li>M\u00f3dlmy si\u0119 za zmar\u0142ych parafian. Za dusz\u0119 \u015bp. Andrzeja Richtera, os. Lecha 39, za dusz\u0119 sp. Krystyny Wachowiak, os. Lecha 86 (msza \u015bw. pogrzebowa w poniedzia\u0142ek, 12 lipca o godz. 8.00). Wieczny odpoczynek racz zmar\u0142ym da\u0107 Panie.<\/li>\n<\/ol>\n<p>&#8230;&#8230;&#8230;&#8230;&#8230;&#8230;&#8230;&#8230;&#8230;&#8230;&#8230;&#8230;&#8230;&#8230;&#8230;&#8230;&#8230;&#8230;&#8230;&#8230;&#8230;&#8230;&#8230;&#8230;&#8230;&#8230;&#8230;&#8230;&#8230;&#8230;&#8230;&#8230;&#8230;&#8230;&#8230;&#8230;&#8230;&#8230;&#8230;&#8230;&#8230;&#8230;&#8230;&#8230;&#8230;..<\/p>\n<p><u>&nbsp;<\/u><\/p>\n<p><u>&nbsp;<\/u><\/p>\n<p><u>INFORMACJE STA\u0141E<\/u><\/p>\n<p>\/LIPIEC&nbsp; I SIERPIE\u0143\/<\/p>\n<ol>\n<li>W lipcu i w sierpniu zmienione godziny odprawiania Mszy \u015bw. w niedziele i dni powszednie oraz zmienione godziny urz\u0119dowania Biura Parafialnego.<\/li>\n<\/ol>\n<p>W niedziele wakacyjne nie ma mszy \u015bw. o godz. 12.30. W dni powszednie msza \u015bw. o godz. 8.00 w poniedzia\u0142ek, \u015brod\u0119 i pi\u0105tek, a o godz.18.00 we wtorek, czwartek i sobot\u0119.<\/p>\n<ol start=\"9\">\n<li>Biuro Parafialne: poniedzia\u0142ek godz. 9.00 do 10.30, czwartek godz. 16.00 do 17.30 i sobota godz. 19.00 do 20.00. Sprawy pilne prosimy za\u0142atwia\u0107 w godzinach zbli\u017conych do godziny odprawiania mszy \u015bw.<\/li>\n<li>Spowied\u017a \u015bw. p\u00f3\u0142 godziny przed Msz\u0105 \u015bw. i w sobot\u0119 od godz. 16.00-18.00.<\/li>\n<li>Msza \u015bw. niedzielna w godzinach p\u00f3\u017aniejszych w najbli\u017cszych parafiach: Parafia Pierwszych Polskich M\u0119czennik\u00f3w, os. Tysi\u0105clecia &#8211; godz. 20.00 i Parafia \u015bw. \u0141ukasza, os. Rusa &#8211; godz. 20.30<\/li>\n<li>Prosimy o podawanie intencji mszalnych, uprzednio zarezerwowanych, na lipiec i sierpie\u0144. Mo\u017cna to uczyni\u0107 w niedziel\u0119, po mszy \u015bw., w zakrystii.<\/li>\n<li>Spowied\u017a \u015bw. p\u00f3\u0142 godziny przed Msz\u0105 \u015bw. i w sobot\u0119 od godz. 16.00-18.00.<\/li>\n<\/ol>\n<p>&nbsp;<\/p>\n<p>&nbsp;<\/p>\n<p>&nbsp;<\/p>\n<p>&nbsp;<\/p>\n<p>&nbsp;<\/p>\n<p>&nbsp;<\/p>\n<p>&nbsp;<\/p>\n<p>&nbsp;<\/p>\n<p>&nbsp;<\/p>\n<p>&nbsp;<\/p>\n<p>&nbsp;<\/p>\n<p>&nbsp;<\/p>\n<p>&nbsp;<\/p>\n<p>&nbsp;<\/p>\n<p>&nbsp;<\/p>\n<p>&nbsp;<\/p>\n<p>&nbsp;<\/p>\n<p>&nbsp;<\/p>\n<p>&nbsp;<\/p>\n<p>&nbsp;<\/p>\n<p>&nbsp;<\/p>\n<p>&nbsp;<\/p>\n<p>&nbsp;<\/p>\n<p>&nbsp;<\/p>\n<p>&nbsp;<\/p>\n<p>&nbsp;<\/p>\n<p>&nbsp;<\/p>\n<p>&nbsp;<\/p>\n<p>&nbsp;<\/p>\n<p>&nbsp;<\/p>\n<p>&nbsp;<\/p>\n<p>&nbsp;<\/p>\n<p>&nbsp;<\/p>\n","protected":false},"excerpt":{"rendered":"<p>&nbsp; &nbsp; &nbsp; OG\u0141OSZENIA DUSZPASTERSKIE NIEDZIELA XIV ZWYK\u0141A 4 lipca 2021 r. 1.Kalendarz liturgiczny: poniedzia\u0142ek \u2013 Marii Goretti, wtorek \u2013 b\u0142. Marii Teresy Led\u00f3chowskiej, czwartek \u2013 \u015bw. Jana z Dukli, pi\u0105tek \u2013 \u015bw. Augustyna Zhao Rohg. Spotkanie wsp\u00f3lnoty r\u00f3\u017ca\u0144cowej w \u015brod\u0119 po porannej mszy \u015bw. Zach\u0119camy do czytania prasy katolickiej. Przy zakrystii: \u201ePrzewodnik Katolicki\u201d. Jest &#8230; <span class=\"more\"><a class=\"more-link\" href=\"https:\/\/www.chnk.pl\/?p=3252\">czytaj wi\u0119cej<\/a><\/span><\/p>\n","protected":false},"author":3,"featured_media":0,"comment_status":"open","ping_status":"open","sticky":false,"template":"","format":"standard","meta":{"ngg_post_thumbnail":0,"footnotes":""},"categories":[1],"tags":[],"_links":{"self":[{"href":"https:\/\/www.chnk.pl\/index.php?rest_route=\/wp\/v2\/posts\/3252"}],"collection":[{"href":"https:\/\/www.chnk.pl\/index.php?rest_route=\/wp\/v2\/posts"}],"about":[{"href":"https:\/\/www.chnk.pl\/index.php?rest_route=\/wp\/v2\/types\/post"}],"author":[{"embeddable":true,"href":"https:\/\/www.chnk.pl\/index.php?rest_route=\/wp\/v2\/users\/3"}],"replies":[{"embeddable":true,"href":"https:\/\/www.chnk.pl\/index.php?rest_route=%2Fwp%2Fv2%2Fcomments&post=3252"}],"version-history":[{"count":1,"href":"https:\/\/www.chnk.pl\/index.php?rest_route=\/wp\/v2\/posts\/3252\/revisions"}],"predecessor-version":[{"id":3253,"href":"https:\/\/www.chnk.pl\/index.php?rest_route=\/wp\/v2\/posts\/3252\/revisions\/3253"}],"wp:attachment":[{"href":"https:\/\/www.chnk.pl\/index.php?rest_route=%2Fwp%2Fv2%2Fmedia&parent=3252"}],"wp:term":[{"taxonomy":"category","embeddable":true,"href":"https:\/\/www.chnk.pl\/index.php?rest_route=%2Fwp%2Fv2%2Fcategories&post=3252"},{"taxonomy":"post_tag","embeddable":true,"href":"https:\/\/www.chnk.pl\/index.php?rest_route=%2Fwp%2Fv2%2Ftags&post=3252"}],"curies":[{"name":"wp","href":"https:\/\/api.w.org\/{rel}","templated":true}]}}