{"id":3248,"date":"2021-06-26T14:19:27","date_gmt":"2021-06-26T14:19:27","guid":{"rendered":"http:\/\/www.chnk.pl\/?p=3248"},"modified":"2021-06-26T14:19:27","modified_gmt":"2021-06-26T14:19:27","slug":"13-niedziela-zwykla-4","status":"publish","type":"post","link":"https:\/\/www.chnk.pl\/?p=3248","title":{"rendered":"13 Niedziela Zwyk\u0142a"},"content":{"rendered":"<p><strong>OG\u0141OSZENIA DUSZPASTERSKIE<\/strong><\/p>\n<p><strong>NIEDZIELA&nbsp; XIII ZWYK\u0141A&nbsp;&nbsp;&nbsp;&nbsp;&nbsp;&nbsp;&nbsp;&nbsp;&nbsp;&nbsp;&nbsp;&nbsp;&nbsp;&nbsp;&nbsp;&nbsp;&nbsp;&nbsp;&nbsp;&nbsp;&nbsp;&nbsp;&nbsp;&nbsp;&nbsp;&nbsp;&nbsp;&nbsp;&nbsp;&nbsp;&nbsp;&nbsp;&nbsp;&nbsp;&nbsp;&nbsp;&nbsp;&nbsp;&nbsp;&nbsp;&nbsp;&nbsp;&nbsp;&nbsp;&nbsp;&nbsp;&nbsp;&nbsp;&nbsp;&nbsp;&nbsp;&nbsp;&nbsp;&nbsp;&nbsp;&nbsp;&nbsp;&nbsp;&nbsp;&nbsp;&nbsp;&nbsp;&nbsp;&nbsp;&nbsp;&nbsp;&nbsp;&nbsp;&nbsp;&nbsp;&nbsp;&nbsp;&nbsp;&nbsp;&nbsp;&nbsp;&nbsp;&nbsp;&nbsp;&nbsp;&nbsp;&nbsp;&nbsp;&nbsp;&nbsp;&nbsp;&nbsp;&nbsp;&nbsp;&nbsp;&nbsp;&nbsp;&nbsp;&nbsp;&nbsp;&nbsp;&nbsp;&nbsp;&nbsp;&nbsp;&nbsp;&nbsp;&nbsp;&nbsp;&nbsp;&nbsp;&nbsp;&nbsp;&nbsp;&nbsp;&nbsp; <\/strong><\/p>\n<p><strong>27 czerwca<\/strong><strong> 2021 r.<\/strong><\/p>\n<ol>\n<li>Kalendarz liturgiczny: poniedzia\u0142ek \u2013 \u015bw. Ireneusza, wtorek &#8211; uroczysto\u015b\u0107 \u015bw. app. Piotra i Paw\u0142a, \u015broda \u2013 \u015bw. M\u0119czennik\u00f3w Ko\u015bcio\u0142a Rzymskiego, czwartek \u2013 \u015bw. Ottona, sobota \u2013 \u015bw. Tomasza ap.<\/li>\n<li>Uroczysto\u015b\u0107 \u015awi\u0119tych Aposto\u0142\u00f3w Piotra i Paw\u0142a, Patron\u00f3w Bazyliki Archikatedralnej celebrowana b\u0119dzie w dniach 28 i 29 czerwca br. Nieszpory w poniedzia\u0142ek o godz. 19<sup>00<\/sup> W uroczysto\u015b\u0107 \u015awi\u0119tych Aposto\u0142\u00f3w Piotra i Paw\u0142a w dniu 29 czerwca suma odpustowa o godz. 10<sup>00<\/sup>. Przewodniczy\u0107 jej b\u0119dzie Ksi\u0105dz Biskup Damian Bryl. Zapraszamy serdecznie wszystkich na uroczysto\u015bci do \u015bwi\u0105tyni, kt\u00f3ra nazywana jest tradycyjnie \u201eMatk\u0105 Ko\u015bcio\u0142\u00f3w diecezji&#8221;. W naszej parafii&nbsp; w spos\u00f3b szczeg\u00f3lny modli\u0107 si\u0119 b\u0119dziemy w intencji Papie\u017ca na mszy \u015bw. o godz. 8.00, o&nbsp;potrzebne dla niego dary i \u0142aski obchodz\u0105c Dzie\u0144 Papieski. Ofiary na potrzeby Stolicy Apostolskiej.<\/li>\n<li>Informujemy, \u017ce dnia 1 lipca, o godzinie 19.00 w Bazylice Archikatedralnej w Poznaniu zostanie odprawiona uroczysta Eucharystia ku czci b\u0142.&nbsp;Bogumi\u0142a, patrona archidiecezji, kt\u00f3rej b\u0119dzie przewodniczy\u0142 ks. biskup Szymon Stu\u0142kowski.<\/li>\n<li>W lipcu i sierpniu (plan og\u00f3lny) zmienione godziny odprawiania Mszy \u015bw. w dni powszednie i niedziele oraz zmienione godziny urz\u0119dowania Biura Parafialnego. W niedziele wakacyjne nie ma mszy \u015bw. o godz. 12.30. Msza \u015bw. o godz. 8.00: w poniedzia\u0142ki, \u015brody i pi\u0105tki, a o godz.18.00 we wtorki, czwartki i soboty. Biuro Parafialne: poniedzia\u0142ek rano od godz. 9.00 do 10.30, w czwartek po po\u0142udniu godz. 16.00 do 17.30, sobota godz. 19.00 do 20.00. Spowied\u017a \u015bw. p\u00f3\u0142 godziny przed Msz\u0105 \u015bw. i w sobot\u0119 od godz. 16.00 -18.00.<\/li>\n<li>Ale w tym tygodniu msza \u015bw. i biuro jeszcze wed\u0142ug normalnego porz\u0105dku.<\/li>\n<li>W tym tygodniu: I czwartek i I pi\u0105tek i I sobota miesi\u0105ca. W zwi\u0105zku z tym w czwartek adoracja Naj\u015bwi\u0119tszego Sakramentu: od godz. 17.00 do 18.00. Uczestnicz\u0105cych w duchowej adopcji zapraszamy na r\u00f3\u017caniec o godz. 17.15 w intencji obrony \u017cycia ludzkiego. Po Mszy \u015bw. wieczornej adoracja do godz. 21.00 w intencji nowych powo\u0142a\u0144 kap\u0142a\u0144skich i zakonnych. W pi\u0105tek msza \u015bw. o godz. 8.00 i 18.00. Spowied\u017a \u015bw. w pi\u0105tek od godz. 16.00 do 18.00, w sobot\u0119 od godz. 16.00 do 18.00. W sobot\u0119 r\u00f3\u017caniec fatimski o godz. 7.15, msza \u015bw. o godz. 8.00 i zawierzenie Niepokalanemu Sercu Matki Bo\u017cej. Odwiedziny chorych z sakramentami \u015bw. w pi\u0105tek i sobot\u0119 wed\u0142ug sta\u0142ego planu. Nowe zg\u0142oszenia &nbsp;&nbsp;&nbsp;&nbsp;&nbsp;&nbsp;&nbsp;&nbsp;&nbsp;w zakrystii.<\/li>\n<li>Caritas Archidiecezji Pozna\u0144skiej zach\u0119ca do w\u0142\u0105czenia si\u0119 w akcj\u0119 \u201eTornister Pe\u0142en U\u015bmiech\u00f3w\u201d, kt\u00f3rej celem jest wsparcie uczni\u00f3w z ubogich rodzin z Diecezji Grodzie\u0144skiej na Bia\u0142orusi. Przydadz\u0105 si\u0119: plecaki, kredki, mazaki, farbki, plastelina, linijki, gumki, d\u0142ugopisy, o\u0142\u00f3wki, zeszyty, bloki oraz inne przybory przydatne ka\u017cdego dnia w szkole. Chodzi o rzeczy nieu\u017cywane. W przysz\u0142\u0105 niedziel\u0119 do kosza pod ch\u00f3rem b\u0119dzie mo\u017cliwo\u015b\u0107 z\u0142o\u017cenia takich dar\u00f3w.<\/li>\n<li>Prosimy o pomoc w sprz\u0105taniu ko\u015bcio\u0142a, w soboty o godz. 9.00. Pandemia onie\u015bmieli\u0142a ch\u0119tnych do pomocy. Zapraszamy do wznowienia pos\u0142ugi i zapraszamy nowe osoby.<\/li>\n<li>M\u00f3dlmy si\u0119 za zmar\u0142ych Parafian. Za dusz\u0119 \u015bp. Jerzego Bohusza, os. Lecha 59. Wieczny odpoczynek racz zmar\u0142ym da\u0107 Panie.<\/li>\n<\/ol>\n<p><strong><em><u>&nbsp;<\/u><\/em><\/strong><\/p>\n<p><strong><em><u>&nbsp;<\/u><\/em><\/strong><\/p>\n<p><strong><em><u>&nbsp;<\/u><\/em><\/strong><\/p>\n<p><strong><em><u>&nbsp;<\/u><\/em><\/strong><\/p>\n<p><strong><em><u>&nbsp;<\/u><\/em><\/strong><\/p>\n<p><strong><em><u>&nbsp;<\/u><\/em><\/strong><\/p>\n<p><strong><em><u>&nbsp;<\/u><\/em><\/strong><\/p>\n<p><strong><em><u>&nbsp;<\/u><\/em><\/strong><\/p>\n<p><strong><em><u>LIPIEC&nbsp; I&nbsp; SIERPIE\u0143<\/u><\/em><\/strong><\/p>\n<p><strong>&nbsp;<\/strong><\/p>\n<p><em><u>&nbsp;<\/u><\/em><\/p>\n<p><em><u>W niedziele<\/u><\/em> wakacyjne nie ma mszy \u015bw. o godz. 12.30.<\/p>\n<p>&nbsp;<\/p>\n<p><em><u>&nbsp;<\/u><\/em><\/p>\n<p><em><u>W dni powszednie<\/u><\/em><\/p>\n<p>Msza \u015bw. o godz. 8.00 w poniedzia\u0142ek, \u015brod\u0119 i pi\u0105tek<\/p>\n<p>&nbsp;o godz.18.00 we wtorek, czwartek i sobot\u0119.<\/p>\n<p>Nowenna do Matki Bo\u017cej Nieustaj\u0105cej Pomocy&nbsp;&nbsp; w \u015brod\u0119 o godz. 8.00. R\u00f3\u017caniec do Matki Bo\u017cej Patronki Dobrej \u015amierci i Nowenna do \u015bw. J\u00f3zefa&nbsp; we wtorek o godz. 17.30.<\/p>\n<p>&nbsp;<\/p>\n<p><em><u>&nbsp;<\/u><\/em><\/p>\n<p><em><u>Biuro Parafialne:<\/u><\/em> poniedzia\u0142ek godz. 9.00 do 10.30,czwartek godz. 16.00 do 17.30,&nbsp;sobota godz. 19.00 do 20.00.<\/p>\n<p><em><u>&nbsp;<\/u><\/em><\/p>\n<p><em><u>Spowied\u017a \u015bw.<\/u><\/em> p\u00f3\u0142 godziny przed msz\u0105 \u015bw. i w sobot\u0119 od godz. 16.00 -18.00.<\/p>\n<p>&nbsp;<\/p>\n<p><em><u>&nbsp;<\/u><\/em><\/p>\n<p><em><u>Msza \u015bw. niedzielna w godzinach p\u00f3\u017aniejszych w najbli\u017cszych parafiach.<\/u><\/em><br \/>\nParafia Pierwszych Polskich M\u0119czennik\u00f3w, os. Tysi\u0105clecia &#8211; godz. 20.00,&nbsp;&nbsp;&nbsp;&nbsp;&nbsp;&nbsp;&nbsp;&nbsp;&nbsp;&nbsp;&nbsp;&nbsp;&nbsp;&nbsp;&nbsp;&nbsp;&nbsp;<\/p>\n<p>Parafia \u015bw. \u0141ukasza, os. Rusa &#8211; godz. 20.30<\/p>\n<p>&nbsp;&nbsp;&nbsp;&nbsp;&nbsp;&nbsp;&nbsp;&nbsp;&nbsp;&nbsp;&nbsp;&nbsp;&nbsp;&nbsp;&nbsp;&nbsp;&nbsp;&nbsp;&nbsp;&nbsp;&nbsp;&nbsp;&nbsp;&nbsp;&nbsp;&nbsp;&nbsp;&nbsp;&nbsp;&nbsp;&nbsp;&nbsp;&nbsp;&nbsp;&nbsp;&nbsp;&nbsp;&nbsp;&nbsp;&nbsp;&nbsp;&nbsp;&nbsp;&nbsp;&nbsp;&nbsp;&nbsp;&nbsp;&nbsp;&nbsp;<\/p>\n","protected":false},"excerpt":{"rendered":"<p>OG\u0141OSZENIA DUSZPASTERSKIE NIEDZIELA&nbsp; XIII ZWYK\u0141A&nbsp;&nbsp;&nbsp;&nbsp;&nbsp;&nbsp;&nbsp;&nbsp;&nbsp;&nbsp;&nbsp;&nbsp;&nbsp;&nbsp;&nbsp;&nbsp;&nbsp;&nbsp;&nbsp;&nbsp;&nbsp;&nbsp;&nbsp;&nbsp;&nbsp;&nbsp;&nbsp;&nbsp;&nbsp;&nbsp;&nbsp;&nbsp;&nbsp;&nbsp;&nbsp;&nbsp;&nbsp;&nbsp;&nbsp;&nbsp;&nbsp;&nbsp;&nbsp;&nbsp;&nbsp;&nbsp;&nbsp;&nbsp;&nbsp;&nbsp;&nbsp;&nbsp;&nbsp;&nbsp;&nbsp;&nbsp;&nbsp;&nbsp;&nbsp;&nbsp;&nbsp;&nbsp;&nbsp;&nbsp;&nbsp;&nbsp;&nbsp;&nbsp;&nbsp;&nbsp;&nbsp;&nbsp;&nbsp;&nbsp;&nbsp;&nbsp;&nbsp;&nbsp;&nbsp;&nbsp;&nbsp;&nbsp;&nbsp;&nbsp;&nbsp;&nbsp;&nbsp;&nbsp;&nbsp;&nbsp;&nbsp;&nbsp;&nbsp;&nbsp;&nbsp;&nbsp;&nbsp;&nbsp;&nbsp;&nbsp;&nbsp;&nbsp;&nbsp;&nbsp;&nbsp;&nbsp;&nbsp;&nbsp;&nbsp;&nbsp;&nbsp; 27 czerwca 2021 r. Kalendarz liturgiczny: poniedzia\u0142ek \u2013 \u015bw. Ireneusza, wtorek &#8211; uroczysto\u015b\u0107 \u015bw. app. Piotra i Paw\u0142a, \u015broda \u2013 \u015bw. M\u0119czennik\u00f3w Ko\u015bcio\u0142a Rzymskiego, czwartek \u2013 \u015bw. Ottona, sobota \u2013 \u015bw. Tomasza ap. Uroczysto\u015b\u0107 \u015awi\u0119tych Aposto\u0142\u00f3w Piotra i Paw\u0142a, Patron\u00f3w Bazyliki Archikatedralnej celebrowana b\u0119dzie w dniach 28 i 29 czerwca &#8230; <span class=\"more\"><a class=\"more-link\" href=\"https:\/\/www.chnk.pl\/?p=3248\">czytaj wi\u0119cej<\/a><\/span><\/p>\n","protected":false},"author":3,"featured_media":0,"comment_status":"open","ping_status":"open","sticky":false,"template":"","format":"standard","meta":{"ngg_post_thumbnail":0,"footnotes":""},"categories":[1],"tags":[],"_links":{"self":[{"href":"https:\/\/www.chnk.pl\/index.php?rest_route=\/wp\/v2\/posts\/3248"}],"collection":[{"href":"https:\/\/www.chnk.pl\/index.php?rest_route=\/wp\/v2\/posts"}],"about":[{"href":"https:\/\/www.chnk.pl\/index.php?rest_route=\/wp\/v2\/types\/post"}],"author":[{"embeddable":true,"href":"https:\/\/www.chnk.pl\/index.php?rest_route=\/wp\/v2\/users\/3"}],"replies":[{"embeddable":true,"href":"https:\/\/www.chnk.pl\/index.php?rest_route=%2Fwp%2Fv2%2Fcomments&post=3248"}],"version-history":[{"count":1,"href":"https:\/\/www.chnk.pl\/index.php?rest_route=\/wp\/v2\/posts\/3248\/revisions"}],"predecessor-version":[{"id":3249,"href":"https:\/\/www.chnk.pl\/index.php?rest_route=\/wp\/v2\/posts\/3248\/revisions\/3249"}],"wp:attachment":[{"href":"https:\/\/www.chnk.pl\/index.php?rest_route=%2Fwp%2Fv2%2Fmedia&parent=3248"}],"wp:term":[{"taxonomy":"category","embeddable":true,"href":"https:\/\/www.chnk.pl\/index.php?rest_route=%2Fwp%2Fv2%2Fcategories&post=3248"},{"taxonomy":"post_tag","embeddable":true,"href":"https:\/\/www.chnk.pl\/index.php?rest_route=%2Fwp%2Fv2%2Ftags&post=3248"}],"curies":[{"name":"wp","href":"https:\/\/api.w.org\/{rel}","templated":true}]}}