{"id":3244,"date":"2021-06-19T14:53:46","date_gmt":"2021-06-19T14:53:46","guid":{"rendered":"http:\/\/www.chnk.pl\/?p=3244"},"modified":"2021-06-19T14:53:46","modified_gmt":"2021-06-19T14:53:46","slug":"12-niedziela-zwykla-4","status":"publish","type":"post","link":"https:\/\/www.chnk.pl\/?p=3244","title":{"rendered":"12 Niedziela Zwyk\u0142a"},"content":{"rendered":"<p><strong>OG\u0141OSZENIA DUSZPASTERSKIE<\/strong><\/p>\n<p><strong>NIEDZIELA XII ZWYK\u0141A<\/strong><\/p>\n<p><strong>20 czerwca 2021 r.<\/strong><\/p>\n<ol>\n<li>Kalendarz liturgiczny: poniedzia\u0142ek \u2013 \u015bw. Alojzego Gonzagi, wtorek &#8211; \u015bw. Paulina z Noli oraz \u015bw. mm. Jana Fishera i Tomasza Morea, czwartek \u2013 Uroczysto\u015b\u0107 Narodzenia \u015bw. Jana Chrzciciela, pi\u0105tek \u2013 NMP \u015awi\u0119tog\u00f3rskiej z Gostynia, sobota &#8211; \u015bw. Zygmunta Gorazdowskiego.<\/li>\n<li>Informujemy, \u017ce Ksi\u0105dz Arcybiskup Metropolita Pozna\u0144ski Stanis\u0142aw G\u0105decki odwo\u0142a\u0142 dyspens\u0119 od obowi\u0105zku uczestnictwa w we Mszy \u015bw. w niedziele i \u015bwi\u0119ta nakazane z dniem 20 czerwca 2021 roku.<\/li>\n<li>Dzisiaj, o godzinie 21.00, w 38. rocznic\u0119 pierwszej papieskiej wizyty \u015bw. Jana Paw\u0142a II w Poznaniu, odb\u0119dzie si\u0119 XXVI Spotkanie Modlitewne pod Krzy\u017cem Papieskim w Parku Jana Paw\u0142a II (dawne \u0141\u0119gi D\u0119bi\u0144skie).<\/li>\n<li>Adoracja Naj\u015bwi\u0119tszego Sakramentu w czwartek po porannej mszy \u015bw. do godz. 10.30. R\u00f3\u017caniec w intencji powo\u0142a\u0144 po mszy \u015bw. porannej i o godz. 17.30.<\/li>\n<li>Msza \u015bw. z modlitw\u0105 o uzdrowienie w czwartek o godz. 19.15. Prosimy, aby pod ch\u00f3rem sk\u0142ada\u0107 zapisane intencje, kt\u00f3re maj\u0105 by\u0107 w\u0142\u0105czone w odprawian\u0105 msz\u0119 \u015bw.<\/li>\n<li>W lipcu i sierpniu (plan og\u00f3lny) zmienione godziny odprawiania Mszy \u015bw. w dni powszednie i niedziele oraz zmienione godziny urz\u0119dowania Biura Parafialnego. W niedziele wakacyjne nie ma mszy \u015bw. o godz. 12.30. Msza \u015bw. w dni powszednie o godz. 8.00: w poniedzia\u0142ki, \u015brody i pi\u0105tki, a o godz.18.00 we wtorki, czwartki i soboty. Nowenna do Matki Bo\u017cej Nieustaj\u0105cej Pomocy w \u015brod\u0119 o godz. 8.00. R\u00f3\u017caniec do Matki Bo\u017cej Patronki Dobrej \u015amierci i Nowenna do \u015bw. J\u00f3zefa we wtorek o godz. 17.30. Biuro Parafialne: poniedzia\u0142ek rano godz. 9.00 do 10.30, czwartek po po\u0142udniu godz. 16.00 do 17.30, sobota godz. 19.00 do 20.00. Spowied\u017a \u015bw. p\u00f3\u0142 godziny przed Msz\u0105 \u015bw. i w sobot\u0119 od godz. 16.00&nbsp; do 18.00.<\/li>\n<li>W pi\u0105tek, 25 czerwca w parafii \u015bw. Micha\u0142a Archanio\u0142a w Poznaniu (ul. Stolarska 7) obchody 40 rocznicy objawie\u0144 Maryi w Medjugorie. O g. 18.00 r\u00f3\u017caniec (dwie cz\u0119\u015bci), godz. 19.00 msza \u015bwi\u0119ta (ks. bp Szymon Stu\u0142kowski) i adoracja. Zaprasza wiernych Wsp\u00f3lnota Kr\u00f3lowej Pokoju.<\/li>\n<li>Trwa rekrutacja do Publicznej Szko\u0142y Podstawowej nr 1 im. b\u0142. Natalii Tu\u0142asiewicz i Publicznego Liceum Og\u00f3lnokszta\u0142c\u0105cego im. Kard. Augusta Hlonda w Poznaniu przy ul. Mi\u0144skiej 32. Szko\u0142y osi\u0105gaj\u0105 wysokie wyniki nauczania, wsp\u00f3\u0142pracuj\u0105 z licznymi instytucjami i uczelniami wy\u017cszymi zar\u00f3wno w kraju jak i za granic\u0105. Realizuj\u0105 wiele autorskich program\u00f3w i projekt\u00f3w. Du\u017cym atutem szk\u00f3\u0142 jest tak\u017ce pi\u0119kna, spokojna okolica nad Malt\u0105 oraz nieliczne klasy. W tym roku w liceum powstan\u0105 dwie klasy o profilu humanistycznym i biologiczno-chemicznym. Szczeg\u00f3\u0142y rekrutacji znajduj\u0105 si\u0119 na stronach szk\u00f3\u0142. Zainteresowane osoby zapraszamy do sk\u0142adania poda\u0144.<\/li>\n<li>Wielki Odpust Matki Bo\u017cej w Wieleniu Zaobrza\u0144skim w dniach od 26 czerwca do 4 lipca w XVI rocznic\u0119 Koronacji Figury Matki Bo\u017cej. Szczeg\u00f3\u0142y na tablicy og\u0142osze\u0144.<\/li>\n<li>Zach\u0119camy do czytania prasy katolickiej. W kaplicy przy zakrystii: <em>Przewodnik Katolicki, Go\u015b\u0107 Niedzielny, Ziarno, Mi\u0142ujcie si\u0119,<\/em> gazetka parafialna.<\/li>\n<li>M\u00f3dlmy si\u0119 za zmar\u0142ych parafian. Za dusz\u0119 \u015bp. Jerzego Nowickiego os. Lecha 42. Wieczny odpoczynek racz zmar\u0142ym da\u0107 Panie.<\/li>\n<\/ol>\n<p><strong>&nbsp;<\/strong><\/p>\n<p><strong>&nbsp;<\/strong><\/p>\n<p>&nbsp;<\/p>\n<p>&nbsp;<\/p>\n<p><strong>&nbsp;<\/strong><\/p>\n<p><strong>&nbsp;<\/strong><\/p>\n<p><strong>&nbsp;<\/strong><\/p>\n<p style=\"text-align: right;\">&nbsp;&nbsp;&nbsp;&nbsp;&nbsp;&nbsp;&nbsp;&nbsp;&nbsp;&nbsp;&nbsp;&nbsp;&nbsp;&nbsp;&nbsp;&nbsp; &nbsp;&nbsp;&nbsp;&nbsp;&nbsp;&nbsp;&nbsp;&nbsp;&nbsp;&nbsp;&nbsp;&nbsp;&nbsp;&nbsp;&nbsp;&nbsp;&nbsp;&nbsp;&nbsp;&nbsp;&nbsp;&nbsp;&nbsp;&nbsp;&nbsp;&nbsp;&nbsp;&nbsp;&nbsp;&nbsp;&nbsp;&nbsp;&nbsp;&nbsp;&nbsp;&nbsp;&nbsp;&nbsp;&nbsp;&nbsp;&nbsp;&nbsp;&nbsp;&nbsp;&nbsp;&nbsp;&nbsp;&nbsp;&nbsp;&nbsp;&nbsp;&nbsp;&nbsp;&nbsp;&nbsp;&nbsp;&nbsp;&nbsp;&nbsp;&nbsp;&nbsp;&nbsp;&nbsp;&nbsp;&nbsp;&nbsp;&nbsp;&nbsp;&nbsp;<\/p>\n","protected":false},"excerpt":{"rendered":"<p>OG\u0141OSZENIA DUSZPASTERSKIE NIEDZIELA XII ZWYK\u0141A 20 czerwca 2021 r. Kalendarz liturgiczny: poniedzia\u0142ek \u2013 \u015bw. Alojzego Gonzagi, wtorek &#8211; \u015bw. Paulina z Noli oraz \u015bw. mm. Jana Fishera i Tomasza Morea, czwartek \u2013 Uroczysto\u015b\u0107 Narodzenia \u015bw. Jana Chrzciciela, pi\u0105tek \u2013 NMP \u015awi\u0119tog\u00f3rskiej z Gostynia, sobota &#8211; \u015bw. Zygmunta Gorazdowskiego. Informujemy, \u017ce Ksi\u0105dz Arcybiskup Metropolita Pozna\u0144ski Stanis\u0142aw &#8230; <span class=\"more\"><a class=\"more-link\" href=\"https:\/\/www.chnk.pl\/?p=3244\">czytaj wi\u0119cej<\/a><\/span><\/p>\n","protected":false},"author":3,"featured_media":0,"comment_status":"open","ping_status":"open","sticky":false,"template":"","format":"standard","meta":{"ngg_post_thumbnail":0,"footnotes":""},"categories":[1],"tags":[],"_links":{"self":[{"href":"https:\/\/www.chnk.pl\/index.php?rest_route=\/wp\/v2\/posts\/3244"}],"collection":[{"href":"https:\/\/www.chnk.pl\/index.php?rest_route=\/wp\/v2\/posts"}],"about":[{"href":"https:\/\/www.chnk.pl\/index.php?rest_route=\/wp\/v2\/types\/post"}],"author":[{"embeddable":true,"href":"https:\/\/www.chnk.pl\/index.php?rest_route=\/wp\/v2\/users\/3"}],"replies":[{"embeddable":true,"href":"https:\/\/www.chnk.pl\/index.php?rest_route=%2Fwp%2Fv2%2Fcomments&post=3244"}],"version-history":[{"count":1,"href":"https:\/\/www.chnk.pl\/index.php?rest_route=\/wp\/v2\/posts\/3244\/revisions"}],"predecessor-version":[{"id":3245,"href":"https:\/\/www.chnk.pl\/index.php?rest_route=\/wp\/v2\/posts\/3244\/revisions\/3245"}],"wp:attachment":[{"href":"https:\/\/www.chnk.pl\/index.php?rest_route=%2Fwp%2Fv2%2Fmedia&parent=3244"}],"wp:term":[{"taxonomy":"category","embeddable":true,"href":"https:\/\/www.chnk.pl\/index.php?rest_route=%2Fwp%2Fv2%2Fcategories&post=3244"},{"taxonomy":"post_tag","embeddable":true,"href":"https:\/\/www.chnk.pl\/index.php?rest_route=%2Fwp%2Fv2%2Ftags&post=3244"}],"curies":[{"name":"wp","href":"https:\/\/api.w.org\/{rel}","templated":true}]}}