{"id":3239,"date":"2021-06-12T14:14:58","date_gmt":"2021-06-12T14:14:58","guid":{"rendered":"http:\/\/www.chnk.pl\/?p=3239"},"modified":"2021-06-12T14:19:12","modified_gmt":"2021-06-12T14:19:12","slug":"3239","status":"publish","type":"post","link":"https:\/\/www.chnk.pl\/?p=3239","title":{"rendered":"11 Niedziela Zwyk\u0142a"},"content":{"rendered":"<p><strong>&nbsp;<\/strong><\/p>\n<p><strong>OG\u0141OSZENIA DUSZPASTERSKIE<\/strong><\/p>\n<p><strong>NIEDZIELA XI ZWYK\u0141A<\/strong><\/p>\n<p><strong>13 czerwca 2021 r.<\/strong><\/p>\n<p><strong>&nbsp;<\/strong><\/p>\n<ol>\n<li>Kalendarz liturgiczny:poniedzia\u0142ek \u2013 b\u0142. Micha\u0142a Kozala, czwartek \u2013 \u015bw. br. Alberta Chmielowskiego, sobota \u2013 \u015bw. Romualda.<\/li>\n<li>Biskupi zgromadzeni na 389. Zebraniu Plenarnym Konferencji Episkopatu Polski w&nbsp;Kalwarii Zebrzydowskiej zdecydowali, \u017ce 20 czerwca 2021 r. dyspensy od uczestnictwa w&nbsp;niedzielnej Mszy \u015awi\u0119tej oraz w&nbsp;\u015bwi\u0119ta nakazane zostan\u0105 zniesione jednocze\u015bnie we wszystkich diecezjach, w&nbsp;kt\u00f3rych do tej pory obowi\u0105zywa\u0142y w&nbsp;zwi\u0105zku z&nbsp;pandemi\u0105.<\/li>\n<li>W naszej Parafii zaprzestajemy s\u0142uchana spowiedzi \u015bw. w salce. Od poniedzia\u0142ku spowied\u017a \u015bw. w ko\u015bciele.<\/li>\n<li>Pr\u00f3by liturgiczne dzieci, kt\u00f3re przyst\u0105pi\u0105 do I Komunii \u015bw. 20 czerwca, odb\u0119d\u0105 si\u0119 w \u015brod\u0119 16 czerwca i pi\u0105tek 18 czerwca o godz. 16.15 w ko\u015bciele. Spowied\u017a \u015bw. dzieci w czwartek, 17 czerwca o godz. 16.15, spowied\u017a \u015bw. dla rodzin w pi\u0105tek od godz. od 17.00 do 18.30&nbsp; i w sobot\u0119 od 16.00 do 18.00 w ko\u015bciele.<\/li>\n<li>W sobot\u0119, 19 dzie\u0144 miesi\u0105ca. W naszej Parafii procesja salety\u0144ska, wynagradzaj\u0105ca, ku czci Matki Bo\u017cej z La Salette, po porannej mszy \u015bw. R\u00f3\u017caniec salety\u0144ski o godz. 7.30.<\/li>\n<li>B\u00f3g zap\u0142a\u0107 Parafianom za udzia\u0142 w oktawie Bo\u017cego Cia\u0142a i za udzia\u0142 w procesji miejskiej ku czci Naj\u015bwi\u0119tszego Serca Pana Jezusa. To staranie Parafian jest dla wi\u0119kszej chwa\u0142y Bo\u017cej i dla podtrzymania uroczystej tradycji oktawy i czci Naj\u015bwi\u0119tszego Serca Pana Jezusa.<\/li>\n<li>W lipcu i sierpniu nie b\u0119dzie Mszy \u015bw. w niedziel\u0119 o godz. 12.30. Zostaj\u0105 zmienione tak\u017ce godziny odprawiania Mszy \u015bw. w dni powszednie i godziny urz\u0119dowania biura parafialnego.<\/li>\n<\/ol>\n<ol start=\"8\">\n<li>W 38. rocznic\u0119 pierwszej papieskiej wizyty \u015bw. Jana Paw\u0142a II w Poznaniu, dnia 20 czerwca (niedziela) 2021 roku o godzinie 21.00 odb\u0119dzie si\u0119 XXVI Spotkanie Modlitewne pod Krzy\u017cem Papieskim w Parku Jana Paw\u0142a II (dawne \u0141\u0119gi D\u0119bi\u0144skie).<\/li>\n<li>B\u00f3g zap\u0142a\u0107 za ofiary na \u015awi\u0105tynie Opatrzno\u015bci Bo\u017cej. Dzisiaj przed ko\u015bcio\u0142em mo\u017cliwo\u015b\u0107 z\u0142o\u017cenia ofiary na KUL i Wydzia\u0142 Teologiczny.<\/li>\n<li>Zach\u0119camy do czytania prasy katolickiej. W kaplicy przy zakrystii:<em> Przewodnik Katolicki, Ma\u0142y Przewodnik Katolicki, Go\u015b\u0107 Niedzielny, Ziarno<\/em>, gazetka parafialna.<\/li>\n<\/ol>\n<p><strong>&nbsp;<\/strong><\/p>\n<p><strong>&nbsp;<\/strong><\/p>\n<p><strong>&nbsp;<\/strong><\/p>\n<p><strong>&nbsp;<\/strong><\/p>\n<p>&nbsp;<\/p>\n<p>&nbsp;<\/p>\n<p>&nbsp;<\/p>\n<p>&nbsp;<\/p>\n<p>&nbsp;<\/p>\n<p>&nbsp;<\/p>\n<p>&nbsp;<\/p>\n<p>&nbsp;<\/p>\n<p>&nbsp;<\/p>\n<p>&nbsp;&nbsp;&nbsp;&nbsp;&nbsp;&nbsp;&nbsp;&nbsp;&nbsp;&nbsp;&nbsp;&nbsp;&nbsp;&nbsp;&nbsp;&nbsp;&nbsp;&nbsp;&nbsp;&nbsp;&nbsp;&nbsp;&nbsp;&nbsp;&nbsp;&nbsp;&nbsp;&nbsp;&nbsp;&nbsp;&nbsp;&nbsp;&nbsp;&nbsp;&nbsp;&nbsp;&nbsp;&nbsp;&nbsp;&nbsp;&nbsp;&nbsp;&nbsp;&nbsp;&nbsp;&nbsp;&nbsp;&nbsp;&nbsp;&nbsp;&nbsp;&nbsp;&nbsp;&nbsp;&nbsp;&nbsp;&nbsp;&nbsp;&nbsp;&nbsp;&nbsp;&nbsp;&nbsp;&nbsp;&nbsp;&nbsp;&nbsp;&nbsp;&nbsp;&nbsp;&nbsp;&nbsp;&nbsp;&nbsp;&nbsp;&nbsp;&nbsp;&nbsp;&nbsp;&nbsp;&nbsp;&nbsp;&nbsp;&nbsp;&nbsp;&nbsp;&nbsp;&nbsp;&nbsp;&nbsp;&nbsp;&nbsp;&nbsp;&nbsp;&nbsp;&nbsp;&nbsp;&nbsp;&nbsp;&nbsp;&nbsp;&nbsp;&nbsp;&nbsp;&nbsp;&nbsp;&nbsp;&nbsp;&nbsp;&nbsp;&nbsp;&nbsp;&nbsp;&nbsp;&nbsp;&nbsp;&nbsp;&nbsp;&nbsp;&nbsp;&nbsp;&nbsp;&nbsp;&nbsp;&nbsp;&nbsp;&nbsp;&nbsp;&nbsp;&nbsp;&nbsp;&nbsp;&nbsp;&nbsp;&nbsp;&nbsp;&nbsp;&nbsp;&nbsp;&nbsp;&nbsp;&nbsp;&nbsp;&nbsp;&nbsp;&nbsp;&nbsp;&nbsp;&nbsp;&nbsp;&nbsp;&nbsp;&nbsp;&nbsp;&nbsp;&nbsp;&nbsp;&nbsp;&nbsp;&nbsp;&nbsp;&nbsp;&nbsp;&nbsp;&nbsp;&nbsp;&nbsp;&nbsp;&nbsp;&nbsp;&nbsp;&nbsp;&nbsp;&nbsp;&nbsp;&nbsp;&nbsp;&nbsp;&nbsp;&nbsp;&nbsp;&nbsp;&nbsp;&nbsp;&nbsp;&nbsp;&nbsp;&nbsp;&nbsp;&nbsp;&nbsp;&nbsp;&nbsp;&nbsp;&nbsp;&nbsp;&nbsp;&nbsp;&nbsp;&nbsp;&nbsp;&nbsp;&nbsp;&nbsp;&nbsp;&nbsp;&nbsp;&nbsp;&nbsp;&nbsp;<\/p>\n","protected":false},"excerpt":{"rendered":"<p>&nbsp; OG\u0141OSZENIA DUSZPASTERSKIE NIEDZIELA XI ZWYK\u0141A 13 czerwca 2021 r. &nbsp; Kalendarz liturgiczny:poniedzia\u0142ek \u2013 b\u0142. Micha\u0142a Kozala, czwartek \u2013 \u015bw. br. Alberta Chmielowskiego, sobota \u2013 \u015bw. Romualda. Biskupi zgromadzeni na 389. Zebraniu Plenarnym Konferencji Episkopatu Polski w&nbsp;Kalwarii Zebrzydowskiej zdecydowali, \u017ce 20 czerwca 2021 r. dyspensy od uczestnictwa w&nbsp;niedzielnej Mszy \u015awi\u0119tej oraz w&nbsp;\u015bwi\u0119ta nakazane zostan\u0105 zniesione &#8230; <span class=\"more\"><a class=\"more-link\" href=\"https:\/\/www.chnk.pl\/?p=3239\">czytaj wi\u0119cej<\/a><\/span><\/p>\n","protected":false},"author":3,"featured_media":0,"comment_status":"open","ping_status":"open","sticky":false,"template":"","format":"standard","meta":{"ngg_post_thumbnail":0,"footnotes":""},"categories":[1],"tags":[],"_links":{"self":[{"href":"https:\/\/www.chnk.pl\/index.php?rest_route=\/wp\/v2\/posts\/3239"}],"collection":[{"href":"https:\/\/www.chnk.pl\/index.php?rest_route=\/wp\/v2\/posts"}],"about":[{"href":"https:\/\/www.chnk.pl\/index.php?rest_route=\/wp\/v2\/types\/post"}],"author":[{"embeddable":true,"href":"https:\/\/www.chnk.pl\/index.php?rest_route=\/wp\/v2\/users\/3"}],"replies":[{"embeddable":true,"href":"https:\/\/www.chnk.pl\/index.php?rest_route=%2Fwp%2Fv2%2Fcomments&post=3239"}],"version-history":[{"count":2,"href":"https:\/\/www.chnk.pl\/index.php?rest_route=\/wp\/v2\/posts\/3239\/revisions"}],"predecessor-version":[{"id":3242,"href":"https:\/\/www.chnk.pl\/index.php?rest_route=\/wp\/v2\/posts\/3239\/revisions\/3242"}],"wp:attachment":[{"href":"https:\/\/www.chnk.pl\/index.php?rest_route=%2Fwp%2Fv2%2Fmedia&parent=3239"}],"wp:term":[{"taxonomy":"category","embeddable":true,"href":"https:\/\/www.chnk.pl\/index.php?rest_route=%2Fwp%2Fv2%2Fcategories&post=3239"},{"taxonomy":"post_tag","embeddable":true,"href":"https:\/\/www.chnk.pl\/index.php?rest_route=%2Fwp%2Fv2%2Ftags&post=3239"}],"curies":[{"name":"wp","href":"https:\/\/api.w.org\/{rel}","templated":true}]}}