{"id":3231,"date":"2021-06-05T14:45:33","date_gmt":"2021-06-05T14:45:33","guid":{"rendered":"http:\/\/www.chnk.pl\/?p=3231"},"modified":"2021-06-05T14:49:43","modified_gmt":"2021-06-05T14:49:43","slug":"10-niedziela-zwykla-2","status":"publish","type":"post","link":"https:\/\/www.chnk.pl\/?p=3231","title":{"rendered":"10 Niedziela Zwyk\u0142a"},"content":{"rendered":"<p><strong>OG\u0141OSZENIA DUSZPASTERSKIE<\/strong><\/p>\n<p><strong>NIEDZIELA X ZWYK\u0141A<\/strong><\/p>\n<p><strong>6 czerwca 2021 r.<\/strong><\/p>\n<ol>\n<li>Kalendarz liturgiczny:<\/li>\n<\/ol>\n<p>wtorek \u2013 \u015bw. Jadwigi Kr\u00f3lowej,<\/p>\n<p>\u015broda \u2013 \u015bw. Efrema,<\/p>\n<p>czwartek \u2013 b\u0142. Bogumi\u0142a, patrona Archidiecezji,<\/p>\n<p>pi\u0105tek \u2013&nbsp; uroczysto\u015b\u0107 Naj\u015bwi\u0119tszego Serca Pana Jezusa,<\/p>\n<p>sobota \u2013&nbsp; \u015bwi\u0119to Niepokalanego Serca NMP<\/p>\n<ol start=\"2\">\n<li>Uroczysta procesja ku czci Naj\u015bwi\u0119tszego Serca Pana Jezusa wyruszy, w pi\u0105tek, 11 czerwca br. po mszy \u015bw., odprawianej o godzinie 19.00 z ko\u015bcio\u0142a Naj\u015bwi\u0119tszego Serca Pana Jezusa na Je\u017cycach i przejdzie na plac Mickiewicza, gdzie nast\u0105pi odnowienie Aktu zawierzenia i oddania Narodu Polskiego Naj\u015bwi\u0119tszemu Sercu Pana Jezusa. W naszej parafii odm\u00f3wimy Akt zawierzenia na mszy \u015bw. o godz. 8.00 i 18.00. Z racji Uroczysto\u015bci nie obowi\u0105zuje post.<\/li>\n<li>B\u00f3g zap\u0142a\u0107 parafianom za udzia\u0142 w uroczysto\u015bci Bo\u017cego Cia\u0142a. B\u00f3g zap\u0142a\u0107 dziewczynkom sypi\u0105cym kwiaty i ich mamom, s\u0142u\u017cbie liturgicznej i panom nios\u0105cym baldachim w Bo\u017ce Cia\u0142o, za dekoracje okien i balkon\u00f3w. Trwa oktawa tego \u015bwi\u0119ta, zach\u0119camy do licznego udzia\u0142u we mszy \u015bw. wieczornej i procesji eucharystycznej.<\/li>\n<li>Spotkanie rodzic\u00f3w dzieci pierwszokomunijnych w \u015brod\u0119 o godz. 19.15. Ostatnia grupa dzieci przyst\u0105pi do I Komunii \u015bw. w niedziel\u0119, 20 czerwca br. o godz. 14.00.<\/li>\n<li>W tym roku 87 Pozna\u0144ska Piesza Pielgrzymka na Jasn\u0105 G\u00f3r\u0119 odb\u0119dzie si\u0119 w jednodniowych grupach. Wi\u0119cej informacji o zapisach i trasie na stronie www. pielgrzymka. archpoznan.pl<\/li>\n<li>XVIII Archidiecezjalna Pielgrzymka M\u0119\u017cczyzn do Tulec w niedziel\u0119 20 czerwca br. Spotkanie m\u0119\u017cczyzn u Matki Bo\u017cej Tuleckiej uka\u017ce jak r\u00f3\u017cnorodny i silny jest Ko\u015bci\u00f3\u0142 dzi\u0119ki m\u0119\u017cczyznom. Pielgrzymuj\u0105c do tego Sanktuarium zawierzamy Panu Bogu przez Maryj\u0119 wszystko, z czym zmagaj\u0105 si\u0119 m\u0119\u017cczy\u017ani i m\u0142odzie\u017c m\u0119ska. O godzinie 11.20 R\u00f3\u017caniec i o godz. 12:00 msza \u015bw. pod przewodnictwem Ks. Abpa Stanis\u0142awa G\u0105deckiego. Zbi\u00f3rka przy naszym ko\u015bciele o godz. 11.15. Prosz\u0119 zg\u0142asza\u0107 wolne miejsca w swoich samochodach.<\/li>\n<li><strong>&nbsp;<\/strong>W lipcu i sierpniu nie b\u0119dzie mszy \u015bw. w niedziel\u0119 o godz. 12.30. Zostan\u0105 zmienione tak\u017ce godziny odprawiania mszy \u015bw. w dni powszednie i godziny urz\u0119dowania biura parafialnego.<\/li>\n<li>Dzisiaj, po mszy \u015bw., mo\u017cliwo\u015b\u0107 z\u0142o\u017cenia ofiary na \u015awi\u0105tynie Opatrzno\u015bci Bo\u017cej w Warszawie. W przysz\u0142a niedziel\u0119, przed ko\u015bcio\u0142em, mo\u017cliwo\u015b\u0107 z\u0142o\u017cenia ofiary na KUL &nbsp;i Wydzia\u0142 Teologiczny<\/li>\n<li>Prosimy Parafian zamawiaj\u0105cych intencje mszalne, aby przed msz\u0105 \u015bw. sprawdzali na tablicy og\u0142osze\u0144 poprawno\u015b\u0107 zapisanej intencji i zg\u0142aszali ewentualne nie\u015bcis\u0142o\u015bci.<\/li>\n<li><strong>&nbsp;<\/strong>Zach\u0119camy do czytania prasy katolickiej. Przy zakrystii: \u201ePrzewodnik Katolicki\u201d , \u201eGo\u015b\u0107 Niedzielny\u201d, \u201eMa\u0142y Przewodnik Katolicki\u201d, \u201eZiarno\u201d.<\/li>\n<li>M\u00f3dlmy si\u0119 za zmar\u0142ych Parafian. Za dusz\u0119 \u015bp. Eugeniusza Kaisera, os. Lecha 103 ( msza \u015bw. pogrzebowa w poniedzia\u0142ek o godz. 9.00) i \u015bp. Krystyny Garyantesiewicz, os. Lecha 127 (msza \u015bw. pogrzebowa w poniedzia\u0142ek o godz. 19.15). Wieczny odpoczynek racz zmar\u0142ym da\u0107 Panie.&nbsp;&nbsp;&nbsp;&nbsp;&nbsp;&nbsp;&nbsp;&nbsp;&nbsp;&nbsp;&nbsp;&nbsp;&nbsp;&nbsp;&nbsp;&nbsp;&nbsp;&nbsp;&nbsp;&nbsp;&nbsp;&nbsp;&nbsp;&nbsp;&nbsp;&nbsp;&nbsp;&nbsp;&nbsp;&nbsp;<\/li>\n<\/ol>\n<p>&nbsp;&nbsp;&nbsp;&nbsp;&nbsp;&nbsp;&nbsp;&nbsp;&nbsp;&nbsp;&nbsp;&nbsp;&nbsp;&nbsp;&nbsp;&nbsp;&nbsp;&nbsp;&nbsp;&nbsp;&nbsp;&nbsp;&nbsp;&nbsp;&nbsp;&nbsp;&nbsp;&nbsp;&nbsp;&nbsp;&nbsp;&nbsp;&nbsp;&nbsp;&nbsp;&nbsp;&nbsp;&nbsp;&nbsp;&nbsp;&nbsp;&nbsp;&nbsp;&nbsp;&nbsp;&nbsp;&nbsp;&nbsp;&nbsp;&nbsp;&nbsp;&nbsp;&nbsp;&nbsp;&nbsp;&nbsp;&nbsp;&nbsp;&nbsp;&nbsp;&nbsp;&nbsp;&nbsp;&nbsp;&nbsp;&nbsp;&nbsp;&nbsp;&nbsp;&nbsp;&nbsp;&nbsp;&nbsp;&nbsp;&nbsp;&nbsp;&nbsp;&nbsp;&nbsp;&nbsp;&nbsp;<\/p>\n","protected":false},"excerpt":{"rendered":"<p>OG\u0141OSZENIA DUSZPASTERSKIE NIEDZIELA X ZWYK\u0141A 6 czerwca 2021 r. Kalendarz liturgiczny: wtorek \u2013 \u015bw. Jadwigi Kr\u00f3lowej, \u015broda \u2013 \u015bw. Efrema, czwartek \u2013 b\u0142. Bogumi\u0142a, patrona Archidiecezji, pi\u0105tek \u2013&nbsp; uroczysto\u015b\u0107 Naj\u015bwi\u0119tszego Serca Pana Jezusa, sobota \u2013&nbsp; \u015bwi\u0119to Niepokalanego Serca NMP Uroczysta procesja ku czci Naj\u015bwi\u0119tszego Serca Pana Jezusa wyruszy, w pi\u0105tek, 11 czerwca br. po mszy &#8230; <span class=\"more\"><a class=\"more-link\" href=\"https:\/\/www.chnk.pl\/?p=3231\">czytaj wi\u0119cej<\/a><\/span><\/p>\n","protected":false},"author":3,"featured_media":0,"comment_status":"open","ping_status":"open","sticky":false,"template":"","format":"standard","meta":{"ngg_post_thumbnail":0,"footnotes":""},"categories":[1],"tags":[],"_links":{"self":[{"href":"https:\/\/www.chnk.pl\/index.php?rest_route=\/wp\/v2\/posts\/3231"}],"collection":[{"href":"https:\/\/www.chnk.pl\/index.php?rest_route=\/wp\/v2\/posts"}],"about":[{"href":"https:\/\/www.chnk.pl\/index.php?rest_route=\/wp\/v2\/types\/post"}],"author":[{"embeddable":true,"href":"https:\/\/www.chnk.pl\/index.php?rest_route=\/wp\/v2\/users\/3"}],"replies":[{"embeddable":true,"href":"https:\/\/www.chnk.pl\/index.php?rest_route=%2Fwp%2Fv2%2Fcomments&post=3231"}],"version-history":[{"count":2,"href":"https:\/\/www.chnk.pl\/index.php?rest_route=\/wp\/v2\/posts\/3231\/revisions"}],"predecessor-version":[{"id":3237,"href":"https:\/\/www.chnk.pl\/index.php?rest_route=\/wp\/v2\/posts\/3231\/revisions\/3237"}],"wp:attachment":[{"href":"https:\/\/www.chnk.pl\/index.php?rest_route=%2Fwp%2Fv2%2Fmedia&parent=3231"}],"wp:term":[{"taxonomy":"category","embeddable":true,"href":"https:\/\/www.chnk.pl\/index.php?rest_route=%2Fwp%2Fv2%2Fcategories&post=3231"},{"taxonomy":"post_tag","embeddable":true,"href":"https:\/\/www.chnk.pl\/index.php?rest_route=%2Fwp%2Fv2%2Ftags&post=3231"}],"curies":[{"name":"wp","href":"https:\/\/api.w.org\/{rel}","templated":true}]}}