{"id":3216,"date":"2021-05-30T19:29:08","date_gmt":"2021-05-30T19:29:08","guid":{"rendered":"http:\/\/www.chnk.pl\/?p=3216"},"modified":"2021-05-30T19:38:49","modified_gmt":"2021-05-30T19:38:49","slug":"niedziela-trojcy-swietej-2","status":"publish","type":"post","link":"https:\/\/www.chnk.pl\/?p=3216","title":{"rendered":"Niedziela Tr\u00f3jcy \u015awi\u0119tej"},"content":{"rendered":"<p><strong>&nbsp;<\/strong><\/p>\n<p><strong>OG\u0141OSZENIA DUSZPASTERSKIE<\/strong><\/p>\n<p><strong>NIEDZIELA NAJ\u015aWI\u0118TSZEJ TR\u00d3JCY<\/strong><\/p>\n<p><strong>&nbsp;30 maja 2021 r.<\/strong><\/p>\n<p>1.Kalendarz liturgiczny:<\/p>\n<p>poniedzia\u0142ek \u2013 \u015bwi\u0119to Nawiedzenie NMP, wtorek \u2013 \u015bw. Justyna,\u015broda \u2013 \u015bw.\u015bw. Marcelina i Piotra, czwartek \u2013 Uroczysto\u015b\u0107 Naj\u015bwi\u0119tszego Cia\u0142a i Krwi Chrystusa&nbsp; (Urocz. Bo\u017cego Cia\u0142a), sobota \u2013 \u015bw. Bonifacego.<\/p>\n<p>2.Informujemy, \u017ce Ksi\u0105dz Arcybiskup Stanis\u0142aw G\u0105decki podj\u0105\u0142 decyzj\u0119 o przed\u0142u\u017ceniu okresu przyj\u0119cia przez wiernych na terenie Archidiecezji Pozna\u0144skiej wielkanocnej Komunii \u015awi\u0119tej do \u015awi\u0119ta Podwy\u017cszenia Krzy\u017ca, tj. 14 wrze\u015bnia br. Prosimy parafian, aby nie zaniedbali tego obowi\u0105zku i z wiara przyst\u0105pili do sakrament\u00f3w \u015bw. Dotyczy to tak\u017ce tych Parafian, kt\u00f3rzy nie mog\u0105 przyj\u015b\u0107 do ko\u015bcio\u0142a, a mog\u0105 zawezwa\u0107 kap\u0142ana do domu.<\/p>\n<p>3.W czwartek, Uroczysto\u015b\u0107 Naj\u015bwi\u0119tszego Cia\u0142a i Krwi Chrystusa ( Bo\u017ce Cia\u0142o). Centralna procesja rozpocznie si\u0119 msz\u0105 \u015bw. w Parafii Bo\u017cego Cia\u0142a o godz. 10.00 i przejdzie do Katedry. Uczy\u0144my Bo\u017ce Cia\u0142o publicznym wyznaniem wiary w Boga obecnego w Eucharystii i dajmy temu wyraz uczestnicz\u0105c w procesji og\u00f3lnomiejskiej. Msza \u015bw. w naszej Parafii w \u015brod\u0119 o godz. 18.00 (ju\u017c \u015bwi\u0105teczna) i w Bo\u017ce Cia\u0142o o godz. 8.00, 9.30, 11.15, 15.00 i po procesji oko\u0142o 16.30. Nie b\u0119dzie Mszy \u015bw. o godz. 12.30 i 18.00.&nbsp; Prosimy o udekorowanie okien i balkon\u00f3w, prosimy o to tak\u017ce tych parafian, kt\u00f3rzy wyje\u017cd\u017caj\u0105. W \u015brod\u0119 okazja do spowiedzi \u015bw. od godz. 16.30 do 18.00. W oktawie Bo\u017cego Cia\u0142a w dni powszednie msza \u015bw. o godz. 18.00 z procesj\u0105, a w niedziel\u0119 po mszy \u015bw. o godz. 9.30. Dziewczynki (zw\u0142aszcza pierwszokomunijne) prosimy o sypanie kwiat\u00f3w w Bo\u017ce Cia\u0142o i w oktaw\u0119. Pr\u00f3ba sypania kwiat\u00f3w w \u015brod\u0119, przy ko\u015bciele, o godz. 17.00. Prosimy o przynoszenie p\u0142atk\u00f3w kwiat\u00f3w i zostawianie ich przy zakrystii oraz zb\u0119dnych koszyczk\u00f3w do sypania kwiat\u00f3w.&nbsp; &nbsp; &nbsp; &nbsp; &nbsp; &nbsp; &nbsp; &nbsp; &nbsp; &nbsp; &nbsp; &nbsp; &nbsp; &nbsp;<\/p>\n<p>4.OKTAWA BO\u017bEGO CIA\u0141A: pi\u0105tek i sobota: godz. 17.30 r\u00f3\u017caniec, godz.18.00 &#8211; nieszpory, msza \u015bw., Litania do Serca Pana Jezusa i procesja. Niedziela, 06.06: godz.&nbsp; 9.30 \u2013 msza \u015bw., Litania do Serca Pana Jezusa i procesja, a o godz. 17.25 \u2013 r\u00f3\u017caniec w intencji rodzin. Poniedzia\u0142ek, wtorek, \u015broda i czwartek: godz. 17.30 \u2013 r\u00f3\u017caniec, godz.18.00 &#8211; nieszpory, msza \u015bw., Litania do Serca Pana Jezusa i procesja.&nbsp;&nbsp;&nbsp;&nbsp;&nbsp;&nbsp;&nbsp;&nbsp;&nbsp;&nbsp;&nbsp;&nbsp;&nbsp;&nbsp;&nbsp;&nbsp;&nbsp;&nbsp;&nbsp;&nbsp;&nbsp;&nbsp;&nbsp;&nbsp;&nbsp;&nbsp; .&nbsp;&nbsp;&nbsp;&nbsp;&nbsp;&nbsp;&nbsp;&nbsp;&nbsp;&nbsp;&nbsp;&nbsp;&nbsp;&nbsp;&nbsp;&nbsp; &nbsp;&nbsp;&nbsp;&nbsp;&nbsp;&nbsp;&nbsp;&nbsp;&nbsp;&nbsp;&nbsp;&nbsp;&nbsp;&nbsp;&nbsp;&nbsp;&nbsp;&nbsp;&nbsp;&nbsp;&nbsp;&nbsp;&nbsp;&nbsp;&nbsp;&nbsp;&nbsp;&nbsp;&nbsp;&nbsp;&nbsp;&nbsp;&nbsp;&nbsp;&nbsp;&nbsp;&nbsp;&nbsp;&nbsp;&nbsp;&nbsp;&nbsp;&nbsp;&nbsp;&nbsp;&nbsp;&nbsp;&nbsp;&nbsp;&nbsp;&nbsp;&nbsp;&nbsp;&nbsp;&nbsp;&nbsp;&nbsp;&nbsp;&nbsp;&nbsp;&nbsp;&nbsp;&nbsp;&nbsp;&nbsp;&nbsp;&nbsp;&nbsp;&nbsp;&nbsp;&nbsp;&nbsp;&nbsp;&nbsp;&nbsp;&nbsp;&nbsp;&nbsp;&nbsp;&nbsp;&nbsp;&nbsp;&nbsp;&nbsp;&nbsp;&nbsp;&nbsp;&nbsp;&nbsp;&nbsp;&nbsp;&nbsp;&nbsp;&nbsp;&nbsp;&nbsp;&nbsp;&nbsp;&nbsp;&nbsp;&nbsp;&nbsp;&nbsp;&nbsp;&nbsp;&nbsp;&nbsp;&nbsp;&nbsp;&nbsp;&nbsp;&nbsp;&nbsp;&nbsp;&nbsp;&nbsp;&nbsp;&nbsp;&nbsp;&nbsp;&nbsp;&nbsp;&nbsp;&nbsp;&nbsp;&nbsp;&nbsp;&nbsp;&nbsp;&nbsp;&nbsp;&nbsp;&nbsp;&nbsp;&nbsp;&nbsp;&nbsp;&nbsp;&nbsp;&nbsp;&nbsp;&nbsp;&nbsp;&nbsp;&nbsp;&nbsp;&nbsp;&nbsp;&nbsp;&nbsp;&nbsp;&nbsp;&nbsp;&nbsp;&nbsp;&nbsp;&nbsp;&nbsp;&nbsp;&nbsp;&nbsp;&nbsp;&nbsp;&nbsp;&nbsp;&nbsp;&nbsp;&nbsp;&nbsp;&nbsp;&nbsp;&nbsp;&nbsp;&nbsp; <strong>5.<\/strong> Od wtorku nabo\u017ce\u0144stwo czerwcowe do Naj\u015bwi\u0119tszego Serca Pana Jezusa po mszy \u015bw. porannej i wieczornej.&nbsp; &nbsp; &nbsp; &nbsp; &nbsp; &nbsp; &nbsp; &nbsp; &nbsp; &nbsp; &nbsp; &nbsp; &nbsp; &nbsp; &nbsp; &nbsp; &nbsp; &nbsp; &nbsp; &nbsp; &nbsp; &nbsp; &nbsp; &nbsp;<\/p>\n<p>6<strong>.<\/strong> W tym tygodniu: I czwartek, I pi\u0105tek, i I sobota miesi\u0105ca. &nbsp;Odwiedziny chorych z sakramentami \u015bw. w pi\u0105tek i sobot\u0119, nowe zg\u0142oszenia w zakrystii,&nbsp; W pi\u0105tek spowied\u017a \u015bw. od godz.15.00 w salce. Nabo\u017ce\u0144stwo do Niepokalanego Serca Matki Bo\u017cej w sobot\u0119,&nbsp; 5 czerwca, o godz. 7.15. Spotkanie wsp\u00f3lnoty ma\u0142\u017ce\u0144stw w sobot\u0119 o g. 19.15 w ko\u015bciele.&nbsp;&nbsp;&nbsp;&nbsp;&nbsp;&nbsp;&nbsp;&nbsp;&nbsp;&nbsp;&nbsp;&nbsp;&nbsp;&nbsp;&nbsp;&nbsp;&nbsp;&nbsp;&nbsp;&nbsp;&nbsp;&nbsp;<\/p>\n<p><strong>7. <\/strong>W przysz\u0142\u0105 niedziel\u0119, 6 czerwca br., b\u0119dziemy \u015bwi\u0119towa\u0107 Dzie\u0144 Dzi\u0119kczynienia. Zawierzymy si\u0119 Bo\u017cej Opatrzno\u015bci i b\u0119dziemy dzi\u0119kowa\u0107 za odzyskanie niepodleg\u0142o\u015bci. Przed ko\u015bcio\u0142em mo\u017cliwo\u015b\u0107 z\u0142o\u017cenia ofiary na budow\u0119 \u015awi\u0105tyni Opatrzno\u015bci Bo\u017cej w Warszawie gdzie we wrze\u015bniu odb\u0119dzie si\u0119 beatyfikacja S\u0142ugi Bo\u017cego kard. Stefana Wyszy\u0144skiego.&nbsp;&nbsp;&nbsp;<\/p>\n<p><strong>8<\/strong><strong>. <\/strong>Zach\u0119camy do czytania prasy katolickiej. Przy zakrystii: <em>Przewodnik Katolicki, Go\u015b\u0107 Niedzielny, Ma\u0142y Przewodnik Katolicki, <\/em>gazetka parafialna i materia\u0142y do dekoracji okien. <em>&nbsp;&nbsp;&nbsp;&nbsp;&nbsp;&nbsp;&nbsp;&nbsp;&nbsp;&nbsp;&nbsp;<\/em><\/p>\n<p><em>9<\/em><strong>. <\/strong>M\u00f3dlmy si\u0119 za zmar\u0142ych parafian. Za \u015bp. Jadwigi Kasea, os. Lecha 122.( pogrzeb jeszcze nie ustalony). Wieczny odpoczynek racz zmar\u0142ym da\u0107 Panie.<\/p>\n<p>&nbsp;<\/p>\n<p>&nbsp;<\/p>\n<p><strong>&nbsp;<\/strong><\/p>\n<p><strong>&nbsp;<\/strong><\/p>\n<p><strong>&nbsp;<\/strong><\/p>\n<p><strong>UROCZYSTO\u015a\u0106 BO\u017bEGO CIA\u0141A I OKTAWA<\/strong><\/p>\n<p>&nbsp;<\/p>\n<p>&nbsp;<\/p>\n<p><strong>BO\u017bE CIA\u0141O Msza \u015bw.:<\/strong><\/p>\n<p>(w przeddzie\u0144) \u015broda: godz. 17.30 r\u00f3\u017caniec, 18.00 &#8211; msza \u015bw.,<\/p>\n<p>czwartek: 8.00,&nbsp; 9.30,&nbsp; 11.15,&nbsp; 15.30,&nbsp; 16.15 (po procesji) Nie ma mszy \u015bw. o godz. 12.30 i 18.00<\/p>\n<p>&nbsp;<\/p>\n<p><strong>OKTAWA BO\u017bEGO CIA\u0141A<\/strong>&nbsp;<\/p>\n<p>pi\u0105tek, 4 .6. godz. 17.30 r\u00f3\u017caniec,<\/p>\n<p>godz.18.00 &#8211; nieszpory, msza \u015bw., Litania&nbsp; &nbsp; &nbsp; &nbsp; &nbsp; &nbsp; &nbsp; &nbsp; &nbsp;do Serca Pana Jezusa i procesja<\/p>\n<p>sobota, 5 .6. godz. 17.30 r\u00f3\u017caniec<\/p>\n<p>godz. 18.00 &#8211; nieszpory, msza \u015bw., Litania do Serca Pana Jezusa i procesja<\/p>\n<p>niedziela, 6 .6.&nbsp; godz.&nbsp; 9.30 \u2013 msza \u015bw., Litania do Serca Pana Jezusa i procesja<\/p>\n<p>godz. 17.25 \u2013 r\u00f3\u017caniec w intencji rodzin,&nbsp;&nbsp;&nbsp;&nbsp;<\/p>\n<p>poniedzia\u0142ek, 7 .6. godz. 17.30 &#8211; r\u00f3\u017caniec,&nbsp;<\/p>\n<p>godz.18.00 &#8211; nieszpory, msza \u015bw., Litania do Serca Pana Jezusa i procesja<\/p>\n<p>wtorek, 8 .6. godz.17.30 r\u00f3\u017caniec,<\/p>\n<p>godz. 18.00 &#8211; nieszpory, msza \u015bw., Litania do Serca Pana Jezusa i procesja<\/p>\n<p>\u015broda, 9 .6. <strong>&nbsp;<\/strong>&nbsp;godz.17.30 r\u00f3\u017caniec,<\/p>\n<p>godz.18.00 &#8211; nieszpory, msza \u015bw., Litania do Serca Pana Jezusa i procesja<\/p>\n<p>czwartek,10.6. godz. 18.00 &#8211; nieszpory, msza \u015bw., Litania do Serca Pana Jezusa i procesja<\/p>\n<p>&nbsp;<\/p>\n<p>&nbsp;<\/p>\n<p>&nbsp;<\/p>\n<p>&nbsp;<\/p>\n<p>&nbsp;<\/p>\n<p>&nbsp;<\/p>\n<p>&nbsp;<\/p>\n<p>&nbsp;<\/p>\n<p>&nbsp;<\/p>\n<p>&nbsp;<\/p>\n","protected":false},"excerpt":{"rendered":"<p>&nbsp; OG\u0141OSZENIA DUSZPASTERSKIE NIEDZIELA NAJ\u015aWI\u0118TSZEJ TR\u00d3JCY &nbsp;30 maja 2021 r. 1.Kalendarz liturgiczny: poniedzia\u0142ek \u2013 \u015bwi\u0119to Nawiedzenie NMP, wtorek \u2013 \u015bw. Justyna,\u015broda \u2013 \u015bw.\u015bw. Marcelina i Piotra, czwartek \u2013 Uroczysto\u015b\u0107 Naj\u015bwi\u0119tszego Cia\u0142a i Krwi Chrystusa&nbsp; (Urocz. Bo\u017cego Cia\u0142a), sobota \u2013 \u015bw. Bonifacego. 2.Informujemy, \u017ce Ksi\u0105dz Arcybiskup Stanis\u0142aw G\u0105decki podj\u0105\u0142 decyzj\u0119 o przed\u0142u\u017ceniu okresu przyj\u0119cia przez wiernych &#8230; <span class=\"more\"><a class=\"more-link\" href=\"https:\/\/www.chnk.pl\/?p=3216\">czytaj wi\u0119cej<\/a><\/span><\/p>\n","protected":false},"author":3,"featured_media":0,"comment_status":"open","ping_status":"open","sticky":false,"template":"","format":"standard","meta":{"ngg_post_thumbnail":0,"footnotes":""},"categories":[1],"tags":[],"_links":{"self":[{"href":"https:\/\/www.chnk.pl\/index.php?rest_route=\/wp\/v2\/posts\/3216"}],"collection":[{"href":"https:\/\/www.chnk.pl\/index.php?rest_route=\/wp\/v2\/posts"}],"about":[{"href":"https:\/\/www.chnk.pl\/index.php?rest_route=\/wp\/v2\/types\/post"}],"author":[{"embeddable":true,"href":"https:\/\/www.chnk.pl\/index.php?rest_route=\/wp\/v2\/users\/3"}],"replies":[{"embeddable":true,"href":"https:\/\/www.chnk.pl\/index.php?rest_route=%2Fwp%2Fv2%2Fcomments&post=3216"}],"version-history":[{"count":3,"href":"https:\/\/www.chnk.pl\/index.php?rest_route=\/wp\/v2\/posts\/3216\/revisions"}],"predecessor-version":[{"id":3220,"href":"https:\/\/www.chnk.pl\/index.php?rest_route=\/wp\/v2\/posts\/3216\/revisions\/3220"}],"wp:attachment":[{"href":"https:\/\/www.chnk.pl\/index.php?rest_route=%2Fwp%2Fv2%2Fmedia&parent=3216"}],"wp:term":[{"taxonomy":"category","embeddable":true,"href":"https:\/\/www.chnk.pl\/index.php?rest_route=%2Fwp%2Fv2%2Fcategories&post=3216"},{"taxonomy":"post_tag","embeddable":true,"href":"https:\/\/www.chnk.pl\/index.php?rest_route=%2Fwp%2Fv2%2Ftags&post=3216"}],"curies":[{"name":"wp","href":"https:\/\/api.w.org\/{rel}","templated":true}]}}