{"id":3212,"date":"2021-05-22T09:18:41","date_gmt":"2021-05-22T09:18:41","guid":{"rendered":"http:\/\/www.chnk.pl\/?p=3212"},"modified":"2021-05-22T09:18:41","modified_gmt":"2021-05-22T09:18:41","slug":"zeslanie-ducha-swietego-4","status":"publish","type":"post","link":"https:\/\/www.chnk.pl\/?p=3212","title":{"rendered":"Zes\u0142anie Ducha \u015awi\u0119tego"},"content":{"rendered":"<p><strong>&nbsp;<\/strong><\/p>\n<p><strong>OG\u0141OSZENIA DUSZPASTERSKIE<\/strong><\/p>\n<p><strong>ZES\u0141ANIE DUCHA \u015aWI\u0118TEGO<\/strong><\/p>\n<p><strong>23 maja 2021 r.<\/strong><\/p>\n<ol>\n<li>Kalendarz liturgiczny: poniedzia\u0142ek \u2013 NMP Matki Ko\u015bcio\u0142a, wtorek- \u015bw. Bedy Czcigodnego, \u015broda \u2013 \u015bw. \u015bw. Filipa Neri, <strong>czwartek \u2013 \u015bwi\u0119to Jezusa Chrystusa Najwy\u017cszego i Wiecznego Kap\u0142an, <\/strong>sobota \u2013 \u015bw. Urszuli Led\u00f3chowskiej, patronki Archidiecezji.<\/li>\n<\/ol>\n<p>&nbsp;<\/p>\n<ol start=\"2\">\n<li>W poniedzia\u0142ek, II \u015bwi\u0119to Zielonych \u015awi\u0105t, \u015awi\u0119to Naj\u015bwi\u0119tszej Maryi Panny Matki Ko\u015bcio\u0142a. Zapraszamy na msz\u0119 \u015bw. o godz.: 8.00 i 18.00.<\/li>\n<\/ol>\n<p>&nbsp;<\/p>\n<ol start=\"3\">\n<li>W \u015brod\u0119 2 rocznica Nawiedzenia naszej Parafii przez Matk\u0119 Bo\u017c\u0105 w znaku Jasnog\u00f3rskiego Obrazu. Zapraszamy na dzi\u0119kczynne nabo\u017ce\u0144stwo majowe i modlitw\u0119 w intencji matek \u017cyj\u0105cych i zmar\u0142ych z okazji Dnia Matki.<\/li>\n<\/ol>\n<p>&nbsp;<\/p>\n<ol start=\"4\">\n<li>W dniu 20 czerwca br. trzecia grupa dzieci przyst\u0105pi do I Komunii \u015bw. Spotkanie dla tych dzieci w salce parafialnej w \u015brod\u0119 o godz. 16.45.<\/li>\n<\/ol>\n<p>&nbsp;<\/p>\n<ol start=\"5\">\n<li>Spotkanie wsp\u00f3lnoty r\u00f3\u017ca\u0144cowej w \u015brod\u0119 po wieczornej mszy \u015bw. w ko\u015bciele.<\/li>\n<\/ol>\n<p>&nbsp;<\/p>\n<ol start=\"6\">\n<li>Odpust w naszej Parafii. Ojciec \u015bw. Benedykt XVI ustanowi\u0142 \u015bwi\u0119to Jezusa Chrystusa Najwy\u017cszego i Wiecznego Kap\u0142ana, obchodzone w czwartek po Zes\u0142aniu Ducha \u015awi\u0119tego. Zatem Odpust w naszej parafii w najbli\u017cszy czwartek. Msza \u015bw. z kazaniem odpustowym o godz. 8.00 i adoracja do godz. 10.30, wieczorem nabo\u017ce\u0144stwo majowe o godz, 17.30, msza \u015bw. o godz. 18.00 i adoracja do godz. 20.00. Kazania wyg\u0142osi ks. senior Zbigniew Wo\u017aniak.<\/li>\n<\/ol>\n<p><strong>&nbsp;<\/strong><\/p>\n<ol start=\"7\">\n<li>Podtrzymujemy transmisj\u0119 mszy \u015bw. niedzielnej o godz. 11.15.<\/li>\n<\/ol>\n<p>&nbsp;<\/p>\n<ol start=\"8\">\n<li>Przygotowujemy si\u0119 do uroczysto\u015bci Bo\u017cego Cia\u0142a. Spotkanie w sprawie o\u0142tarzy na procesj\u0119 Bo\u017ce Cia\u0142o w pi\u0105tek o godz. 19.00 w salce parafialnej. Prosimy, aby o\u0142tarze przygotowali: I &#8211; Rodzice dzieci pierwszokomunijnych, II &#8211; Rodzice ministrant\u00f3w,&nbsp; III \u2013 Wsp\u00f3lnota \u201dSpotkania w drodze\u201d, IV &#8211; Stowarzyszenie Matki Bo\u017cej Patronki Dobrej \u015amierci i Wsp\u00f3lnota R\u00f3\u017ca\u0144cowa. Bardzo potrzebna jest pomoc&nbsp; pan\u00f3w, kt\u00f3rych na to spotkanie r\u00f3wnie\u017c zapraszamy.<\/li>\n<\/ol>\n<p>&nbsp;<\/p>\n<ol start=\"9\">\n<li>W przysz\u0142\u0105 niedziel\u0119, w Uroczysto\u015b\u0107 Tr\u00f3jcy Przenaj\u015bwi\u0119tszej, ko\u0144czy si\u0119 czas spo\u00adwiedzi i komunii \u015bw. wielkanocnej. Prosimy aby wszyscy, kt\u00f3rzy nie spe\u0142nili jeszcze tego obowi\u0105zku, aby z wiar\u0105 przyst\u0105pili do sakrament\u00f3w. \u015bw.<\/li>\n<\/ol>\n<p>&nbsp;<\/p>\n<ol start=\"10\">\n<li>Zach\u0119camy do czytania <em>Przewodnika Katolickiego<\/em>. Jest <em>Go\u015b\u0107 Niedzielny i <\/em>gazetka parafialna Prosimy dzieci, aby zabiera\u0142y Ziarno z niedzieln\u0105 Ewangeli\u0105 i odczyta\u0142y j\u0105 w rodzinie przed wsp\u00f3lnym posi\u0142kiem, albo w czasie wieczornego pacierza. Og\u0142oszenia parafialne zamieszczane s\u0105 tak\u017ce na parafialnej stronie internetowej.<\/li>\n<\/ol>\n<p>&nbsp;<\/p>\n<ol start=\"11\">\n<li>M\u00f3dlmy si\u0119 za zmar\u0142ych Parafian. Za dusz\u0119 \u015bp. Pauliny Bzd\u0119ga z domu Walewska (pogrzeb odby\u0142 si\u0119 w Tulcach), \u015bp. Bogdana Draszczyka, os. Lecha 5 i \u015bp. Czes\u0142awa Wachowiaka, os. Lecha 65. Wieczny odpoczynek racz zmar\u0142ym da\u0107 Panie.<\/li>\n<\/ol>\n<p><strong>&nbsp;<\/strong><\/p>\n<p><strong>&nbsp;<\/strong><\/p>\n<p><strong>&nbsp;<\/strong><\/p>\n<p><strong>&nbsp;<\/strong><\/p>\n<p><strong>&nbsp;<\/strong><\/p>\n<p><strong>&nbsp;<\/strong><\/p>\n<p><strong>&nbsp;<\/strong><\/p>\n","protected":false},"excerpt":{"rendered":"<p>&nbsp; OG\u0141OSZENIA DUSZPASTERSKIE ZES\u0141ANIE DUCHA \u015aWI\u0118TEGO 23 maja 2021 r. Kalendarz liturgiczny: poniedzia\u0142ek \u2013 NMP Matki Ko\u015bcio\u0142a, wtorek- \u015bw. Bedy Czcigodnego, \u015broda \u2013 \u015bw. \u015bw. Filipa Neri, czwartek \u2013 \u015bwi\u0119to Jezusa Chrystusa Najwy\u017cszego i Wiecznego Kap\u0142an, sobota \u2013 \u015bw. Urszuli Led\u00f3chowskiej, patronki Archidiecezji. &nbsp; W poniedzia\u0142ek, II \u015bwi\u0119to Zielonych \u015awi\u0105t, \u015awi\u0119to Naj\u015bwi\u0119tszej Maryi Panny Matki &#8230; <span class=\"more\"><a class=\"more-link\" href=\"https:\/\/www.chnk.pl\/?p=3212\">czytaj wi\u0119cej<\/a><\/span><\/p>\n","protected":false},"author":3,"featured_media":0,"comment_status":"open","ping_status":"open","sticky":false,"template":"","format":"standard","meta":{"ngg_post_thumbnail":0,"footnotes":""},"categories":[1],"tags":[],"_links":{"self":[{"href":"https:\/\/www.chnk.pl\/index.php?rest_route=\/wp\/v2\/posts\/3212"}],"collection":[{"href":"https:\/\/www.chnk.pl\/index.php?rest_route=\/wp\/v2\/posts"}],"about":[{"href":"https:\/\/www.chnk.pl\/index.php?rest_route=\/wp\/v2\/types\/post"}],"author":[{"embeddable":true,"href":"https:\/\/www.chnk.pl\/index.php?rest_route=\/wp\/v2\/users\/3"}],"replies":[{"embeddable":true,"href":"https:\/\/www.chnk.pl\/index.php?rest_route=%2Fwp%2Fv2%2Fcomments&post=3212"}],"version-history":[{"count":1,"href":"https:\/\/www.chnk.pl\/index.php?rest_route=\/wp\/v2\/posts\/3212\/revisions"}],"predecessor-version":[{"id":3213,"href":"https:\/\/www.chnk.pl\/index.php?rest_route=\/wp\/v2\/posts\/3212\/revisions\/3213"}],"wp:attachment":[{"href":"https:\/\/www.chnk.pl\/index.php?rest_route=%2Fwp%2Fv2%2Fmedia&parent=3212"}],"wp:term":[{"taxonomy":"category","embeddable":true,"href":"https:\/\/www.chnk.pl\/index.php?rest_route=%2Fwp%2Fv2%2Fcategories&post=3212"},{"taxonomy":"post_tag","embeddable":true,"href":"https:\/\/www.chnk.pl\/index.php?rest_route=%2Fwp%2Fv2%2Ftags&post=3212"}],"curies":[{"name":"wp","href":"https:\/\/api.w.org\/{rel}","templated":true}]}}