{"id":3206,"date":"2021-05-15T20:09:18","date_gmt":"2021-05-15T20:09:18","guid":{"rendered":"http:\/\/www.chnk.pl\/?p=3206"},"modified":"2021-05-15T20:10:00","modified_gmt":"2021-05-15T20:10:00","slug":"7-niedziela-wielkanocna-2","status":"publish","type":"post","link":"https:\/\/www.chnk.pl\/?p=3206","title":{"rendered":"7 Niedziela Wielkanocna"},"content":{"rendered":"<p><strong>&nbsp;<\/strong><\/p>\n<p><strong>&nbsp;<\/strong><\/p>\n<p><strong>OG\u0141OSZENIA DUSZPASTERSKIE<\/strong><\/p>\n<p><strong>NIEDZIELA VII WIELKANOCY<\/strong><\/p>\n<p><strong>16 maja 2021 r.<\/strong><\/p>\n<p>&nbsp;<\/p>\n<ol>\n<li>Kalendarz liturgiczny: wtorek \u2013 \u015bw. Jana I, papie\u017ca i m\u0119czennika, czwartek \u2013 \u015bw. Bernardyna ze Sieny, pi\u0105tek \u2013 \u015bw. Krzysztofa Magellanesa i Eugeniusza de Mazenod, sobota- \u015bw. Rity.<\/li>\n<\/ol>\n<p>&nbsp;<\/p>\n<ol start=\"2\">\n<li>Nabo\u017ce\u0144stwa majowe po mszy \u015bw. porannej i o godz. 17.30.<\/li>\n<\/ol>\n<p>&nbsp;<\/p>\n<ol start=\"3\">\n<li>Podtrzymujemy transmisj\u0119 mszy \u015bw. niedzielnej o godz. 11:15.<\/li>\n<\/ol>\n<p>&nbsp;<\/p>\n<ol start=\"4\">\n<li>Dzieci, kt\u00f3re przyst\u0105pi\u0142y w tych dniach do I Komunii \u015bw. zapraszamy z rodzinami do udzia\u0142u w Bia\u0142ym Tygodniu. Msza \u015bw. o godz. 18.00, majowe nabo\u017ce\u0144stwo o 17.30. Prosimy dopilnowa\u0107, aby dzieci przestrzega\u0142y postu eucharystycznego.<\/li>\n<li>Rocznica I Komunii \u015bw. w poniedzia\u0142ek, 17 maja na mszy \u015bw. o godz. 19.15. Zapraszamy dzieci z rodzicami.<\/li>\n<li>M\u0142odzie\u017c klas 7 i 8, kt\u00f3ra zg\u0142osi\u0142a si\u0119 na rozpocz\u0119cie przygotowania do bierzmowania zapraszamy na rekolekcje o Duchu \u015awi\u0119tym w dniach 20-22 maja na godz. 19:30 do ko\u015bcio\u0142a. Rekolekcje b\u0119d\u0105 te\u017c transmitowane na naszym parafialnym Facebooku.<br \/>\nZapraszamy Parafian na czuwanie w Wigili\u0119 Uroczysto\u015bci Zes\u0142ania Ducha \u015awi\u0119tego &#8211; sobota 22 maja, godz. 19:30. Czuwanie b\u0119dzie transmitowane na naszym Facebooku.<\/li>\n<li>Dzieci zach\u0119camy do wzi\u0119cia udzia\u0142u w konkursie na przygotowanie prac plastycznych na temat &#8222;Dary Ducha \u015awi\u0119tego&#8221;. Prace przynosimy do 23 maja &#8211; do Niedzieli Zes\u0142ania Ducha \u015awi\u0119tego.<\/li>\n<li>Trwa czas spowiedzi i komunii \u015bw. wielkanocnej. Okazja do spowiedzi \u015bw.: w poniedzia\u0142ek i wtorek p\u00f3\u0142 godziny przed porann\u0105 msz\u0105 \u015bw., a od \u015brody do pi\u0105tku p\u00f3\u0142 godziny przed porann\u0105 i wieczorn\u0105 msz\u0105 \u015bw.; w sobot\u0119 od godz. 16.00 do 18.00; w niedziel\u0119 przed mszami \u015bw. z wyj\u0105tkiem mszy \u015bw. wieczornej. Spowied\u017a \u015bw. w salce parafialnej, wej\u015bcie z dziedzi\u0144ca, z oczekiwaniem na zewn\u0105trz.<\/li>\n<li>9<strong>. <\/strong>Trwa rekrutacja do Publicznej Szko\u0142y Podstawowej im. b\u0142. Natalii Tu\u0142asiewicz i Publicznego Liceum Og\u00f3lnokszta\u0142c\u0105cego im. Kard. Augusta Hlonda w Poznaniu przy ul. Mi\u0144skiej 32. Du\u017cym atutem szk\u00f3\u0142 jest spokojna okolica nad Malt\u0105 oraz nieliczne klasy. Szczeg\u00f3\u0142y rekrutacji znajduj\u0105 si\u0119 na stronach szk\u00f3\u0142.<\/li>\n<li>Przed ko\u015bcio\u0142em mo\u017cliwo\u015b\u0107 z\u0142o\u017cenia ofiary na Arcybiskupie Seminarium Duchowne.<\/li>\n<li>Zach\u0119camy do czytania prasy katolickiej. Przy zakrystii: <em>Przewodnik Katolicki, Go\u015b\u0107 Niedzielny, Ziarno<\/em>, gazetka parafialna. .<\/li>\n<\/ol>\n<p>&nbsp;<\/p>\n<p>&nbsp;<\/p>\n<p>&nbsp;<\/p>\n<p>&nbsp;<\/p>\n<p>&nbsp;<\/p>\n<p>&nbsp;<\/p>\n<p>&nbsp;<\/p>\n<p>&nbsp;<\/p>\n<p>&nbsp;<\/p>\n<p>&nbsp;<\/p>\n<p>&nbsp;<\/p>\n<p>&nbsp;<\/p>\n<p>&nbsp;<\/p>\n<p>&nbsp;<\/p>\n<p>&nbsp;<\/p>\n<p>&nbsp;<\/p>\n<p>&nbsp;<\/p>\n<p>&nbsp;<\/p>\n<p>&nbsp;<\/p>\n<p>&nbsp;<\/p>\n<p>&nbsp;<\/p>\n<p>&nbsp;<\/p>\n<p>&nbsp;<\/p>\n<p>&nbsp;<\/p>\n<p>&nbsp;<\/p>\n<p>&nbsp;<\/p>\n<p>&nbsp;<\/p>\n<p>&nbsp;<\/p>\n<p>&nbsp;<\/p>\n<p>&nbsp;<\/p>\n","protected":false},"excerpt":{"rendered":"<p>&nbsp; &nbsp; OG\u0141OSZENIA DUSZPASTERSKIE NIEDZIELA VII WIELKANOCY 16 maja 2021 r. &nbsp; Kalendarz liturgiczny: wtorek \u2013 \u015bw. Jana I, papie\u017ca i m\u0119czennika, czwartek \u2013 \u015bw. Bernardyna ze Sieny, pi\u0105tek \u2013 \u015bw. Krzysztofa Magellanesa i Eugeniusza de Mazenod, sobota- \u015bw. Rity. &nbsp; Nabo\u017ce\u0144stwa majowe po mszy \u015bw. porannej i o godz. 17.30. &nbsp; Podtrzymujemy transmisj\u0119 mszy &#8230; <span class=\"more\"><a class=\"more-link\" href=\"https:\/\/www.chnk.pl\/?p=3206\">czytaj wi\u0119cej<\/a><\/span><\/p>\n","protected":false},"author":3,"featured_media":0,"comment_status":"open","ping_status":"open","sticky":false,"template":"","format":"standard","meta":{"ngg_post_thumbnail":0,"footnotes":""},"categories":[1],"tags":[],"_links":{"self":[{"href":"https:\/\/www.chnk.pl\/index.php?rest_route=\/wp\/v2\/posts\/3206"}],"collection":[{"href":"https:\/\/www.chnk.pl\/index.php?rest_route=\/wp\/v2\/posts"}],"about":[{"href":"https:\/\/www.chnk.pl\/index.php?rest_route=\/wp\/v2\/types\/post"}],"author":[{"embeddable":true,"href":"https:\/\/www.chnk.pl\/index.php?rest_route=\/wp\/v2\/users\/3"}],"replies":[{"embeddable":true,"href":"https:\/\/www.chnk.pl\/index.php?rest_route=%2Fwp%2Fv2%2Fcomments&post=3206"}],"version-history":[{"count":2,"href":"https:\/\/www.chnk.pl\/index.php?rest_route=\/wp\/v2\/posts\/3206\/revisions"}],"predecessor-version":[{"id":3208,"href":"https:\/\/www.chnk.pl\/index.php?rest_route=\/wp\/v2\/posts\/3206\/revisions\/3208"}],"wp:attachment":[{"href":"https:\/\/www.chnk.pl\/index.php?rest_route=%2Fwp%2Fv2%2Fmedia&parent=3206"}],"wp:term":[{"taxonomy":"category","embeddable":true,"href":"https:\/\/www.chnk.pl\/index.php?rest_route=%2Fwp%2Fv2%2Fcategories&post=3206"},{"taxonomy":"post_tag","embeddable":true,"href":"https:\/\/www.chnk.pl\/index.php?rest_route=%2Fwp%2Fv2%2Ftags&post=3206"}],"curies":[{"name":"wp","href":"https:\/\/api.w.org\/{rel}","templated":true}]}}