{"id":3203,"date":"2021-05-08T19:44:54","date_gmt":"2021-05-08T19:44:54","guid":{"rendered":"http:\/\/www.chnk.pl\/?p=3203"},"modified":"2021-05-08T19:44:54","modified_gmt":"2021-05-08T19:44:54","slug":"6-niedziela-wielkanocna-4","status":"publish","type":"post","link":"https:\/\/www.chnk.pl\/?p=3203","title":{"rendered":"6 Niedziela Wielkanocna"},"content":{"rendered":"<p><strong>&nbsp;<\/strong><\/p>\n<p><strong>OG\u0141OSZENIA DUSZPASTERSKIE<\/strong><\/p>\n<p><strong>NIEDZIELA VI WIELKANOCNA<\/strong><\/p>\n<p><strong>9 maja 2021 r.<\/strong><\/p>\n<ol>\n<li>Kalendarz liturgiczny: \u015broda \u2013 \u015bw. Pankracego, czwartek \u2013 NMP z Fatimy, pi\u0105tek \u2013 \u015bw. Macieja, niedziela \u2013 uroczysto\u015b\u0107 Wniebowst\u0105pienia Pa\u0144skiego.<\/li>\n<\/ol>\n<p>&nbsp;<\/p>\n<ol start=\"2\">\n<li>Zgodnie z najnowszymi zarz\u0105dzeniami podczas mszy \u015bw. mo\u017ce przebywa\u0107 w ko\u015bciele 60 os\u00f3b. Prosimy jednak, aby zajmowa\u0107 tak\u017ce miejsca na ch\u00f3rze i w kaplicy oraz zachowywa\u0107 odpowiedni odst\u0119p. Ca\u0142y czas nale\u017cy w czasie liturgii mie\u0107 zas\u0142oni\u0119te usta i noc.<\/li>\n<\/ol>\n<p>&nbsp;<\/p>\n<ol start=\"3\">\n<li>Nabo\u017ce\u0144stwa majowe po porannej mszy \u015bw. i o godz. 17.30. \u015arodowa nowenna do Matki Bo\u017cej Nieustaj\u0105cej Pomocy razem z majowym nabo\u017ce\u0144stwem.<\/li>\n<\/ol>\n<p>&nbsp;<\/p>\n<ol start=\"4\">\n<li>W poniedzia\u0142ek, wtorek i \u015brod\u0119 kwartalne dni modlitwy o dobre urodzaje i za kraje g\u0142oduj\u0105ce. We wtorek po mszy \u015bw. porannej procesja b\u0142agalna i litania do \u015awi\u0119tych.<\/li>\n<\/ol>\n<p><strong>&nbsp;<\/strong><\/p>\n<ol start=\"5\">\n<li>Zapraszamy na Msz\u0119 \u015bw. z modlitw\u0105 o uzdrowienie w czwartek 13 maja na godz. 19:15. Intencje mo\u017cna napisa\u0107 na karce i w\u0142o\u017cy\u0107 pod ch\u00f3rem. B\u0119dziemy r\u00f3wnie\u017c dzi\u0119kowa\u0107 Matce Bo\u017cej Fatimskiej za ocalenie \u017cycia papie\u017ca Jana Paw\u0142a II, w 40 rocznice zamachu na Jego \u017cycie. Msza b\u0119dzie transmitowana na naszym parafialnym Facebooku.<\/li>\n<\/ol>\n<p>&nbsp;<\/p>\n<ol start=\"6\">\n<li>M\u0142odzie\u017c klas 7 i 8, kt\u00f3ra zg\u0142osi\u0142a si\u0119 na rozpocz\u0119cie przygotowania do bierzmowania zapraszamy na rekolekcje o Duchu \u015awi\u0119tym w dniach 20-22 maja na godz. 19:30 do ko\u015bcio\u0142a. Rekolekcje b\u0119d\u0105 te\u017c transmitowane na naszym parafialnym Facebooku.<\/li>\n<\/ol>\n<p>&nbsp;<\/p>\n<ol start=\"7\">\n<li>Podtrzymujemy transmitowanie parafialnych mszy \u015bw. niedzielnych o godz. 11:15 <a href=\"http:\/\/www.facebook.com\/parafiachnk\">www.facebook.com\/parafiachnk<\/a>.<\/li>\n<\/ol>\n<p>&nbsp;<\/p>\n<ol start=\"8\">\n<li>Dzieci zach\u0119camy do wzi\u0119cia udzia\u0142u w konkursie na przygotowanie prac plastycznych na temat &#8222;Dary Ducha \u015awi\u0119tego&#8221;. Prace przynosimy do 23 maja &#8211; do Niedzieli Zes\u0142ania Ducha \u015awi\u0119tego.<\/li>\n<\/ol>\n<p>&nbsp;<\/p>\n<ol start=\"9\">\n<li>Rocznica I Komunii \u015bw. w poniedzia\u0142ek, 17 maja na mszy \u015bw. o godz. 19.15. Zebranie rodzic\u00f3w tych dzieci w poniedzia\u0142ek, 10 maja o godz. 19.00 w ko\u015bciele.<\/li>\n<\/ol>\n<p>&nbsp;<\/p>\n<ol start=\"10\">\n<li>Trwa czas spowiedzi i komunii \u015bw. wielkanocnej. Pomimo utrudnie\u0144 przynaglamy, aby nie zaniedba\u0107 tego obowi\u0105zku. Okazja do spowiedzi \u015bw.: w poniedzia\u0142ek i wtorek p\u00f3\u0142 godziny przed porann\u0105 msz\u0105 \u015bw. oraz , a od \u015brody do pi\u0105tku p\u00f3\u0142 godziny przed porann\u0105 i wieczorn\u0105 msz\u0105 \u015bw.; w sobot\u0119 p\u00f3\u0142 godziny przed porann\u0105 msz\u0105 \u015bw. oraz od godz. 16.00 do 18.00; w niedziel\u0119 przed mszami \u015bw. z wyj\u0105tkiem mszy \u015bw. wieczornej. Spowied\u017a \u015bw. w salce parafialnej, wej\u015bcie z dziedzi\u0144ca, z oczekiwaniem na zewn\u0105trz.<\/li>\n<\/ol>\n<p>&nbsp;<\/p>\n<ol start=\"11\">\n<li>W przysz\u0142\u0105 niedziel\u0119, przed ko\u015bcio\u0142em, mo\u017cliwo\u015b\u0107 z\u0142o\u017cenia ofiary na Arcybiskupie Seminarium Duchowne. B\u00f3g zap\u0142a\u0107 za ofiary na danin\u0119 diecezjaln\u0105 i utrzymanie naszego ko\u015bcio\u0142a.<\/li>\n<\/ol>\n<p>&nbsp;<\/p>\n<ol start=\"12\">\n<li>Zach\u0119camy do czytania prasy religijnej. Przy zakrystii: <em>Przewodnik Katolicki<\/em>, <em>Go\u015b\u0107<\/em><em>Niedzielny<\/em> i gazetka parafialna.<\/li>\n<\/ol>\n<p>&nbsp;<\/p>\n","protected":false},"excerpt":{"rendered":"<p>&nbsp; OG\u0141OSZENIA DUSZPASTERSKIE NIEDZIELA VI WIELKANOCNA 9 maja 2021 r. Kalendarz liturgiczny: \u015broda \u2013 \u015bw. Pankracego, czwartek \u2013 NMP z Fatimy, pi\u0105tek \u2013 \u015bw. Macieja, niedziela \u2013 uroczysto\u015b\u0107 Wniebowst\u0105pienia Pa\u0144skiego. &nbsp; Zgodnie z najnowszymi zarz\u0105dzeniami podczas mszy \u015bw. mo\u017ce przebywa\u0107 w ko\u015bciele 60 os\u00f3b. Prosimy jednak, aby zajmowa\u0107 tak\u017ce miejsca na ch\u00f3rze i w kaplicy &#8230; <span class=\"more\"><a class=\"more-link\" href=\"https:\/\/www.chnk.pl\/?p=3203\">czytaj wi\u0119cej<\/a><\/span><\/p>\n","protected":false},"author":3,"featured_media":0,"comment_status":"open","ping_status":"open","sticky":false,"template":"","format":"standard","meta":{"ngg_post_thumbnail":0,"footnotes":""},"categories":[1],"tags":[],"_links":{"self":[{"href":"https:\/\/www.chnk.pl\/index.php?rest_route=\/wp\/v2\/posts\/3203"}],"collection":[{"href":"https:\/\/www.chnk.pl\/index.php?rest_route=\/wp\/v2\/posts"}],"about":[{"href":"https:\/\/www.chnk.pl\/index.php?rest_route=\/wp\/v2\/types\/post"}],"author":[{"embeddable":true,"href":"https:\/\/www.chnk.pl\/index.php?rest_route=\/wp\/v2\/users\/3"}],"replies":[{"embeddable":true,"href":"https:\/\/www.chnk.pl\/index.php?rest_route=%2Fwp%2Fv2%2Fcomments&post=3203"}],"version-history":[{"count":1,"href":"https:\/\/www.chnk.pl\/index.php?rest_route=\/wp\/v2\/posts\/3203\/revisions"}],"predecessor-version":[{"id":3204,"href":"https:\/\/www.chnk.pl\/index.php?rest_route=\/wp\/v2\/posts\/3203\/revisions\/3204"}],"wp:attachment":[{"href":"https:\/\/www.chnk.pl\/index.php?rest_route=%2Fwp%2Fv2%2Fmedia&parent=3203"}],"wp:term":[{"taxonomy":"category","embeddable":true,"href":"https:\/\/www.chnk.pl\/index.php?rest_route=%2Fwp%2Fv2%2Fcategories&post=3203"},{"taxonomy":"post_tag","embeddable":true,"href":"https:\/\/www.chnk.pl\/index.php?rest_route=%2Fwp%2Fv2%2Ftags&post=3203"}],"curies":[{"name":"wp","href":"https:\/\/api.w.org\/{rel}","templated":true}]}}