{"id":3191,"date":"2021-05-01T19:39:55","date_gmt":"2021-05-01T19:39:55","guid":{"rendered":"http:\/\/www.chnk.pl\/?p=3191"},"modified":"2021-05-01T19:39:55","modified_gmt":"2021-05-01T19:39:55","slug":"5-niedziela-wielkanocna-4","status":"publish","type":"post","link":"https:\/\/www.chnk.pl\/?p=3191","title":{"rendered":"5 Niedziela Wielkanocna"},"content":{"rendered":"<p>&nbsp;<\/p>\n<p><strong>OG\u0141OSZENIA DUSZPASTERSKIE<\/strong><\/p>\n<p><strong>NIEDZIELA V WIELKANOCNA<\/strong><\/p>\n<p><strong>2 maja 2021 r.<\/strong><\/p>\n<ol>\n<li>Kalendarz liturgiczny:<\/li>\n<\/ol>\n<p>poniedzia\u0142ek<strong> \u2013 <\/strong>uroczysto\u015b\u0107 NMP Kr\u00f3lowej Polski,<\/p>\n<p>wtorek \u2013 \u015bw. Floriana,<\/p>\n<p>\u015broda &#8211; \u015bw. Stanis\u0142awa Ka\u017amierczyka,<\/p>\n<p>czwartek \u2013 \u015bw. app. Filipa i Jakuba,<\/p>\n<p>sobota \u015bw. Stanis\u0142awa bp. i m., g\u0142\u00f3wnego patrona Polski<\/p>\n<p>&nbsp;<\/p>\n<ol start=\"2\">\n<li>W poniedzia\u0142ek uroczysto\u015b\u0107 Naj\u015bwi\u0119tszej Maryi Panny Kr\u00f3lowej Polski, g\u0142\u00f3wnej patronki Polski. Porz\u0105dek odprawiania mszy \u015bw. jak w niedziel\u0119. Prosimy o flagowanie mieszka\u0144 barwami maryjnymi i narodowymi.<\/li>\n<\/ol>\n<p>&nbsp;<\/p>\n<ol start=\"3\">\n<li>Nabo\u017ce\u0144stwa majowe codziennie o godz. 17.30. W \u015brod\u0119 nowenna do Matki Bo\u017cej Nieustaj\u0105cej Pomocy w \u0142\u0105czno\u015bci z majowym nabo\u017ce\u0144stwem. Poranna msza \u015bw. z majowym nabo\u017ce\u0144stwem o godz. 8.00. Prosimy, aby nie przychodzi\u0107 dwukrotnie na nabo\u017ce\u0144stwa w ci\u0105gu dnia. Pragnienie cz\u0119stszej obecno\u015bci w \u015bwi\u0105tyni zast\u0105pi\u0107 indywidualnym nawiedzeniem.<\/li>\n<\/ol>\n<p>&nbsp;<\/p>\n<ol start=\"4\">\n<li>Zebranie rodzic\u00f3w dzieci pierwszokomunijnych w \u015brod\u0119 o godz. 19.00 w ko\u015bciele.<\/li>\n<\/ol>\n<p>&nbsp;<\/p>\n<ol start=\"5\">\n<li>W tym tygodniu : I czwartek i I pi\u0105tek miesi\u0105ca. W czwartek adoracja Naj\u015bwi\u0119tszego Sakramentu od godz. 17.00 do 18.00 w intencji poszanowania \u017cycia ludzkiego od pocz\u0119cia do naturalnej \u015bmierci. Po mszy \u015bw. adoracja do godz. 21.00 w intencji zachowania i o nowe powo\u0142ania kap\u0142a\u0144skie oraz zakonne m\u0119skie i \u017ce\u0144skie. Miesi\u0119czna spowied\u017a i Komunia \u015bw. dla klas: 4, 5, 6, 7 i 8 w pi\u0105tek od godz. 15.00, msza \u015bw. pierwszopi\u0105tkowa o godz. 18.00. Od godziny 17.30 spowied\u017a \u015bw. dla m\u0142odzie\u017cy. Odwiedzimy chorych z sakramentami \u015bw. w pi\u0105tek i sobot\u0119 wed\u0142ug sta\u0142ego porz\u0105dku. Nowe zg\u0142oszenia w zakrystii.<\/li>\n<\/ol>\n<p>&nbsp;<\/p>\n<ol start=\"6\">\n<li>Zapraszamy ma\u0142\u017ce\u0144stwa na \u201espotkania w drodze\u201d. W najbli\u017csz\u0105 sobot\u0119 spotkanie w ko\u015bciele o godz. 19.00.<\/li>\n<\/ol>\n<p>&nbsp;<\/p>\n<ol start=\"7\">\n<li>Rocznica I Komunii \u015bw. w poniedzia\u0142ek, 17 maja na mszy \u015bw. o godz. 19.15. Zebranie rodzic\u00f3w tych dzieci w poniedzia\u0142ek, 10 maja o godz. 19.00 w ko\u015bciele.<\/li>\n<li>B\u00f3g zap\u0142a\u0107 za ofiary na danin\u0119 diecezjaln\u0105 i na potrzeby naszego ko\u015bcio\u0142a.<\/li>\n<li>Zach\u0119camy do czytania prasy katolickiej. Przy zakrystii: <em>Przewodnik Katolicki, Ma\u0142y Przewodnik Katolicki, Go\u015b\u0107 Niedzielny, Ziarno,<\/em> gazetka parafialna.<\/li>\n<li>M\u00f3dlmy si\u0119 za zmar\u0142ych parafian. Za dusz\u0119 \u015bp. Danuty Nowak, os. Lecha 40. (msza \u015bw. pogrzebowa w pi\u0105tek, o godz. 10.00) za dusz\u0119 \u015bp. Mariana Henzla, os. Lecha 42 (msza \u015bw. pogrzebowa w sobot\u0119 o godz. 9.00). Wieczny odpoczynek racz zmar\u0142ym da\u0107 Panie.<\/li>\n<\/ol>\n<p>&nbsp;<\/p>\n<p>&nbsp;<\/p>\n<p>&nbsp;<\/p>\n<p>&nbsp;<\/p>\n<p>&nbsp;<\/p>\n<p>&nbsp;<\/p>\n<p>&nbsp;<\/p>\n<p>&nbsp;<\/p>\n<p>&nbsp;<\/p>\n<p>&nbsp;<\/p>\n<p>&nbsp;<\/p>\n<p>&nbsp;<\/p>\n<p>&nbsp;<\/p>\n<p>&nbsp;<\/p>\n<p>&nbsp;<\/p>\n<p>&nbsp;<\/p>\n<p>&nbsp;<\/p>\n<p>&nbsp;<\/p>\n<p>&nbsp;<\/p>\n<p>&nbsp;<\/p>\n<p>&nbsp;<\/p>\n<p>&nbsp;<\/p>\n<p>&nbsp;<\/p>\n<p>&nbsp;<\/p>\n<p>&nbsp;<\/p>\n<p>&nbsp;<\/p>\n<p>&nbsp;<\/p>\n<p>&nbsp;<\/p>\n<p>&nbsp;<\/p>\n<p>&nbsp;<\/p>\n<p>&nbsp;<\/p>\n<p>&nbsp;<\/p>\n<p>&nbsp;<\/p>\n<p>&nbsp;<\/p>\n<p>&nbsp;<\/p>\n<p>&nbsp;&nbsp;&nbsp;&nbsp;&nbsp;&nbsp;&nbsp;&nbsp;&nbsp;&nbsp;&nbsp;&nbsp;&nbsp;&nbsp;&nbsp;&nbsp;&nbsp;&nbsp;&nbsp;&nbsp;&nbsp;&nbsp;&nbsp;&nbsp;&nbsp;&nbsp;&nbsp;&nbsp;&nbsp;&nbsp;&nbsp;&nbsp;&nbsp;&nbsp;&nbsp;&nbsp;&nbsp;&nbsp;&nbsp;&nbsp;&nbsp;&nbsp;&nbsp;&nbsp;&nbsp;&nbsp;&nbsp;&nbsp;&nbsp;&nbsp;&nbsp;&nbsp;&nbsp;&nbsp;&nbsp;&nbsp;&nbsp;&nbsp;&nbsp;&nbsp;&nbsp;&nbsp;&nbsp;&nbsp;&nbsp;&nbsp;&nbsp;&nbsp;&nbsp;&nbsp;&nbsp;&nbsp;&nbsp;&nbsp;&nbsp;&nbsp;&nbsp;&nbsp;&nbsp;&nbsp;&nbsp;&nbsp;&nbsp;&nbsp;&nbsp;&nbsp;&nbsp;&nbsp;&nbsp;&nbsp;&nbsp;&nbsp;&nbsp;&nbsp;&nbsp;&nbsp;&nbsp;&nbsp;&nbsp;&nbsp;&nbsp;&nbsp;&nbsp;&nbsp;&nbsp;&nbsp;&nbsp;&nbsp;&nbsp;&nbsp;&nbsp;&nbsp;&nbsp;&nbsp;&nbsp;&nbsp;&nbsp;&nbsp;&nbsp;&nbsp;&nbsp;&nbsp;&nbsp;&nbsp;&nbsp;&nbsp;&nbsp;&nbsp;&nbsp;&nbsp;&nbsp;&nbsp;&nbsp;&nbsp;&nbsp;&nbsp;&nbsp;&nbsp;&nbsp;&nbsp;&nbsp;&nbsp;&nbsp;&nbsp;&nbsp;&nbsp;&nbsp;&nbsp;&nbsp;&nbsp;&nbsp;&nbsp;&nbsp;&nbsp;&nbsp;&nbsp;&nbsp;&nbsp;&nbsp;&nbsp;&nbsp;&nbsp;&nbsp;&nbsp;&nbsp;&nbsp;&nbsp;&nbsp;&nbsp;&nbsp;&nbsp;&nbsp;&nbsp;&nbsp;&nbsp;&nbsp;&nbsp;&nbsp;&nbsp;&nbsp;&nbsp;&nbsp;&nbsp;&nbsp;&nbsp;&nbsp;&nbsp;&nbsp;&nbsp;&nbsp;&nbsp;&nbsp;&nbsp;&nbsp;&nbsp;&nbsp;&nbsp;&nbsp;&nbsp;&nbsp;&nbsp;&nbsp;&nbsp;&nbsp;&nbsp;&nbsp;&nbsp;&nbsp;&nbsp;&nbsp;&nbsp;&nbsp;&nbsp;&nbsp;&nbsp;&nbsp;&nbsp;&nbsp;&nbsp;&nbsp;&nbsp;&nbsp;&nbsp;&nbsp;&nbsp;&nbsp;&nbsp;&nbsp;&nbsp;&nbsp;&nbsp;&nbsp;&nbsp;&nbsp;&nbsp;&nbsp;&nbsp;&nbsp;&nbsp;&nbsp;&nbsp;&nbsp;&nbsp;&nbsp;&nbsp;&nbsp;&nbsp;&nbsp;&nbsp;&nbsp;&nbsp;&nbsp;&nbsp;&nbsp;&nbsp; &nbsp;&nbsp;&nbsp;&nbsp;&nbsp;&nbsp;&nbsp;&nbsp;&nbsp;&nbsp;&nbsp;&nbsp;&nbsp;&nbsp;&nbsp;&nbsp;&nbsp;&nbsp;&nbsp;&nbsp;&nbsp;&nbsp;&nbsp;&nbsp;&nbsp;&nbsp;&nbsp;&nbsp;&nbsp;&nbsp;&nbsp;&nbsp;&nbsp;&nbsp;&nbsp;&nbsp;&nbsp;&nbsp;&nbsp;&nbsp;&nbsp;<\/p>\n","protected":false},"excerpt":{"rendered":"<p>&nbsp; OG\u0141OSZENIA DUSZPASTERSKIE NIEDZIELA V WIELKANOCNA 2 maja 2021 r. Kalendarz liturgiczny: poniedzia\u0142ek \u2013 uroczysto\u015b\u0107 NMP Kr\u00f3lowej Polski, wtorek \u2013 \u015bw. Floriana, \u015broda &#8211; \u015bw. Stanis\u0142awa Ka\u017amierczyka, czwartek \u2013 \u015bw. app. Filipa i Jakuba, sobota \u015bw. Stanis\u0142awa bp. i m., g\u0142\u00f3wnego patrona Polski &nbsp; W poniedzia\u0142ek uroczysto\u015b\u0107 Naj\u015bwi\u0119tszej Maryi Panny Kr\u00f3lowej Polski, g\u0142\u00f3wnej patronki Polski. &#8230; <span class=\"more\"><a class=\"more-link\" href=\"https:\/\/www.chnk.pl\/?p=3191\">czytaj wi\u0119cej<\/a><\/span><\/p>\n","protected":false},"author":3,"featured_media":0,"comment_status":"open","ping_status":"open","sticky":false,"template":"","format":"standard","meta":{"ngg_post_thumbnail":0,"footnotes":""},"categories":[1],"tags":[],"_links":{"self":[{"href":"https:\/\/www.chnk.pl\/index.php?rest_route=\/wp\/v2\/posts\/3191"}],"collection":[{"href":"https:\/\/www.chnk.pl\/index.php?rest_route=\/wp\/v2\/posts"}],"about":[{"href":"https:\/\/www.chnk.pl\/index.php?rest_route=\/wp\/v2\/types\/post"}],"author":[{"embeddable":true,"href":"https:\/\/www.chnk.pl\/index.php?rest_route=\/wp\/v2\/users\/3"}],"replies":[{"embeddable":true,"href":"https:\/\/www.chnk.pl\/index.php?rest_route=%2Fwp%2Fv2%2Fcomments&post=3191"}],"version-history":[{"count":1,"href":"https:\/\/www.chnk.pl\/index.php?rest_route=\/wp\/v2\/posts\/3191\/revisions"}],"predecessor-version":[{"id":3192,"href":"https:\/\/www.chnk.pl\/index.php?rest_route=\/wp\/v2\/posts\/3191\/revisions\/3192"}],"wp:attachment":[{"href":"https:\/\/www.chnk.pl\/index.php?rest_route=%2Fwp%2Fv2%2Fmedia&parent=3191"}],"wp:term":[{"taxonomy":"category","embeddable":true,"href":"https:\/\/www.chnk.pl\/index.php?rest_route=%2Fwp%2Fv2%2Fcategories&post=3191"},{"taxonomy":"post_tag","embeddable":true,"href":"https:\/\/www.chnk.pl\/index.php?rest_route=%2Fwp%2Fv2%2Ftags&post=3191"}],"curies":[{"name":"wp","href":"https:\/\/api.w.org\/{rel}","templated":true}]}}