{"id":3187,"date":"2021-04-24T14:48:02","date_gmt":"2021-04-24T14:48:02","guid":{"rendered":"http:\/\/www.chnk.pl\/?p=3187"},"modified":"2021-04-24T14:48:02","modified_gmt":"2021-04-24T14:48:02","slug":"4-niedziela-wielkanocna-4","status":"publish","type":"post","link":"https:\/\/www.chnk.pl\/?p=3187","title":{"rendered":"4 Niedziela Wielkanocna"},"content":{"rendered":"<p>&nbsp;<\/p>\n<p><strong>&nbsp;<\/strong><\/p>\n<p><strong>&nbsp;<\/strong><\/p>\n<p><strong>OG\u0141OSZENIA DUSZPASTERSKIE<\/strong><\/p>\n<p><strong>NIEDZIELA IV WIELKANOCNA<\/strong><\/p>\n<p><strong>&nbsp;25 kwietnia 2021 r.<\/strong><\/p>\n<p><strong>&nbsp;<\/strong><\/p>\n<ol>\n<li>Kalendarz liturgiczny:<\/li>\n<\/ol>\n<p>\u015broda \u2013 Piotra Chanela i \u015bw. Ludwika M. Grignion de Montfort,<\/p>\n<p>czwartek \u2013 \u015bw. Katarzyny ze Sieny, patronki Europy,<\/p>\n<p>pi\u0105tek \u2013 \u015bw. \u015bw. Piusa V, papie\u017ca,<\/p>\n<p>sobota \u2013 \u015bw. J\u00f3zefa Rzemie\u015blnika.<\/p>\n<p><strong>&nbsp;<\/strong><\/p>\n<ol start=\"2\">\n<li>Czwart\u0105 Niedziel\u0105 Wielkanocn\u0105 rozpoczynamy Kwartalne Dni Modlitw o powo\u0142ania do s\u0142u\u017cby w Ko\u015bciele. B\u0119dziemy si\u0119 o to modli\u0107 w czasie mszy \u015bw. i w r\u00f3\u017ca\u0144cu. Pana Boga pro\u015bmy o to tak\u017ce w prywatnych modlitwach.<\/li>\n<\/ol>\n<p><strong>&nbsp;<\/strong><\/p>\n<ol start=\"3\">\n<li>Od soboty rozpoczynamy nabo\u017ce\u0144stwa majowe, codziennie o godz. 17.30. B\u0119dziemy je prze\u017cywa\u0107 jako ufn\u0105 pro\u015bb\u0119 o rych\u0142e wznowienie Nawiedzenia naszej Archidiecezji przez Matk\u0119 Bo\u017c\u0105 w Jej Jasnog\u00f3rskiego Wizerunku. \u015arodowa nowenna do Matki Bo\u017cej Nieustaj\u0105cej Pomocy w razem&nbsp; z majowym nabo\u017ce\u0144stwem.<\/li>\n<\/ol>\n<p>&nbsp;<\/p>\n<ol start=\"4\">\n<li>W sobot\u0119, pierwsz\u0105 w miesi\u0105cu, zapraszamy na nabo\u017ce\u0144stwo ku czci Matki Bo\u017cej Fatimskiej. R\u00f3\u017caniec o godz. 7.15 i rozwa\u017canie tajemnic fatimskich. Nawiedzenie chorych z sakramentami \u015bw. w przysz\u0142ym tygodniu; nowe zg\u0142oszenia w zakrystii.<\/li>\n<\/ol>\n<p>&nbsp;<\/p>\n<ol start=\"5\">\n<li>Uroczysto\u015b\u0107 I Komunii \u015bw. w naszej parafii: w sobot\u0119 15 maja o godz. 12.00, w niedziel\u0119 16 maja o godz. 14.00 i w niedziel\u0119 20 czerwca o godz. 14.00. W tym tygodniu spotkania: grupa sobotnia majowa w \u015brod\u0119 o godz. 16.30 i grupa niedzielna majowa, w czwartek o godz. 16.30, w ko\u015bciele. Przyj\u015bcie konieczne.<\/li>\n<\/ol>\n<p>&nbsp;<\/p>\n<ol start=\"6\">\n<li>Uczestnicz\u0105c we mszy \u015bw. nale\u017cy zas\u0142ania\u0107 drogi oddechowe, ods\u0142aniaj\u0105c usta jedynie przed przyj\u0119ciem komunii \u015bw. Prosimy rozsiada\u0107 si\u0119 na ca\u0142ej przestrzeni ko\u015bcio\u0142a: nawa, podcienia, ch\u00f3r i kaplica. Komunia \u015bw. w niedziel\u0119 poza msz\u0105 \u015bw. o godz. 13.30.<\/li>\n<\/ol>\n<p>&nbsp;<\/p>\n<ol start=\"7\">\n<li>B\u00f3g zap\u0142a\u0107 za ofiary na danin\u0119 diecezjaln\u0105 i ofiary na utrzymanie naszego ko\u015bcio\u0142a.<\/li>\n<\/ol>\n<p>&nbsp;<\/p>\n<ol start=\"8\">\n<li>Zach\u0119camy do czytania prasy katolickiej. Przy zakrystii: <em>Przewodnik Katolicki<\/em>, ksi\u0105\u017ceczka <em>31.dni z Maryj\u0105<\/em> (specjalny modlitewnik na maj), <em>Go\u015b\u0107 Niedzielny<\/em>, <em>Ziarno <\/em>(doro\u015bli zabieraj\u0105 dla dzieci zw\u0142aszcza pierwszokomunijnych). S\u0142uchaj na antenie i w internecie Dobrego Radia \u201eEmaus\u201d &#8211; <a href=\"http:\/\/www.radioemaus.pl\/\">www.radioemaus.pl<\/a>.<\/li>\n<li>M\u00f3dlmy si\u0119 za zmar\u0142ych parafian. Za dusz\u0119 \u015bp. Czes\u0142awy Janiszewskiej, os. Lecha 42 (msza \u015bw. pogrzebowa we wtorek o godz. 11.00), za dusz\u0119 \u015bp. Damiana Musia\u0142a, os. Lecha 5, i za dusz\u0119 \u015bp. Barbary Dobrogowskiej, os. Lecha 27 ( msza \u015bw. pogrzebowa w \u015brod\u0119 o godz. 11.30). Wieczny odpoczynek racz zmar\u0142ym da\u0107 Panie.<\/li>\n<\/ol>\n<p>&nbsp;<\/p>\n<p>&nbsp;<\/p>\n<p>&nbsp;<\/p>\n<p>&nbsp;<\/p>\n<p>&nbsp;<\/p>\n<p>&nbsp;<\/p>\n<p>&nbsp;<\/p>\n<p>&nbsp;<\/p>\n<p>&nbsp;<\/p>\n<p>&nbsp;&nbsp;&nbsp;&nbsp;&nbsp;&nbsp;&nbsp;&nbsp;&nbsp;&nbsp;&nbsp;&nbsp;&nbsp;&nbsp;&nbsp;&nbsp;&nbsp;&nbsp;&nbsp;&nbsp;&nbsp;&nbsp;&nbsp;&nbsp;&nbsp;&nbsp;&nbsp;&nbsp;&nbsp;&nbsp;&nbsp;&nbsp;&nbsp;&nbsp;&nbsp;&nbsp;&nbsp;&nbsp;&nbsp;&nbsp;&nbsp;&nbsp;&nbsp;&nbsp;&nbsp;&nbsp;&nbsp;&nbsp;&nbsp;&nbsp;&nbsp;&nbsp;&nbsp;&nbsp;&nbsp;&nbsp;&nbsp;&nbsp;&nbsp;&nbsp;&nbsp;&nbsp;&nbsp;&nbsp;&nbsp;&nbsp;&nbsp;&nbsp;&nbsp;&nbsp;&nbsp;&nbsp;&nbsp;&nbsp;&nbsp;&nbsp;&nbsp;&nbsp;&nbsp;&nbsp;&nbsp;&nbsp;&nbsp;&nbsp;&nbsp;&nbsp;&nbsp;&nbsp;&nbsp;&nbsp;&nbsp;&nbsp;&nbsp;&nbsp;&nbsp;&nbsp;&nbsp;&nbsp;&nbsp;&nbsp;&nbsp;&nbsp;&nbsp;&nbsp;&nbsp;&nbsp;&nbsp;&nbsp;&nbsp;&nbsp;&nbsp;&nbsp;&nbsp;&nbsp;&nbsp;&nbsp;&nbsp;&nbsp;&nbsp;&nbsp;&nbsp;&nbsp;&nbsp;&nbsp;&nbsp;&nbsp;&nbsp; &nbsp;&nbsp;&nbsp;&nbsp;&nbsp;&nbsp;&nbsp;&nbsp;&nbsp;&nbsp;&nbsp;&nbsp;&nbsp;&nbsp;&nbsp;&nbsp;&nbsp;&nbsp;&nbsp;&nbsp;&nbsp;&nbsp;&nbsp;&nbsp;&nbsp;&nbsp;&nbsp;&nbsp;&nbsp;&nbsp;&nbsp;&nbsp;&nbsp;&nbsp;&nbsp;&nbsp;&nbsp;&nbsp;&nbsp;&nbsp;&nbsp;&nbsp;&nbsp;&nbsp;&nbsp;&nbsp;&nbsp;&nbsp;&nbsp;&nbsp;&nbsp;&nbsp;&nbsp;&nbsp;&nbsp;&nbsp;&nbsp;&nbsp;&nbsp;&nbsp;&nbsp;&nbsp;&nbsp;&nbsp;&nbsp;&nbsp;&nbsp;&nbsp;&nbsp;&nbsp;&nbsp;&nbsp;&nbsp;&nbsp;&nbsp;&nbsp;&nbsp;&nbsp;&nbsp;&nbsp;&nbsp;&nbsp;&nbsp;&nbsp;&nbsp;&nbsp;&nbsp;&nbsp;&nbsp;&nbsp;&nbsp;&nbsp;&nbsp;&nbsp;&nbsp;&nbsp;&nbsp;&nbsp;&nbsp;&nbsp;&nbsp;&nbsp;&nbsp;&nbsp;&nbsp;&nbsp;&nbsp;&nbsp;&nbsp;&nbsp;&nbsp;&nbsp;&nbsp;&nbsp;&nbsp;&nbsp;&nbsp;&nbsp;&nbsp;&nbsp;&nbsp;&nbsp;&nbsp;&nbsp;&nbsp;&nbsp;&nbsp;&nbsp;&nbsp;&nbsp;&nbsp;&nbsp;&nbsp;&nbsp;&nbsp;&nbsp;&nbsp;&nbsp;&nbsp;&nbsp;&nbsp;&nbsp;&nbsp;&nbsp;&nbsp;&nbsp;&nbsp;&nbsp;&nbsp;&nbsp;&nbsp;&nbsp;&nbsp;&nbsp;&nbsp;&nbsp;&nbsp;&nbsp;&nbsp;&nbsp;&nbsp;&nbsp;&nbsp;&nbsp;&nbsp;&nbsp;&nbsp;&nbsp;&nbsp;&nbsp;&nbsp;&nbsp;&nbsp;&nbsp;&nbsp;&nbsp;&nbsp;&nbsp;&nbsp;&nbsp;&nbsp;&nbsp;&nbsp;&nbsp;&nbsp;&nbsp;&nbsp;&nbsp;&nbsp;&nbsp;&nbsp;&nbsp;&nbsp;&nbsp;&nbsp;&nbsp;&nbsp;&nbsp;&nbsp;&nbsp;&nbsp;&nbsp;&nbsp;&nbsp;&nbsp;&nbsp;&nbsp;&nbsp;&nbsp;&nbsp;&nbsp;&nbsp;&nbsp;&nbsp;&nbsp;&nbsp;&nbsp;&nbsp;&nbsp;&nbsp;&nbsp;&nbsp;&nbsp;&nbsp;&nbsp;&nbsp;&nbsp;&nbsp;&nbsp;&nbsp;&nbsp;&nbsp;&nbsp;&nbsp;&nbsp;&nbsp;&nbsp;&nbsp;&nbsp;&nbsp;&nbsp;&nbsp;&nbsp;&nbsp;&nbsp;&nbsp;&nbsp;&nbsp;&nbsp;&nbsp;&nbsp;&nbsp;&nbsp;&nbsp;&nbsp;&nbsp;&nbsp;&nbsp;&nbsp;&nbsp;&nbsp;&nbsp;&nbsp;&nbsp;&nbsp;&nbsp;&nbsp;&nbsp;&nbsp;&nbsp;&nbsp;&nbsp;&nbsp;&nbsp;<\/p>\n","protected":false},"excerpt":{"rendered":"<p>&nbsp; &nbsp; &nbsp; OG\u0141OSZENIA DUSZPASTERSKIE NIEDZIELA IV WIELKANOCNA &nbsp;25 kwietnia 2021 r. &nbsp; Kalendarz liturgiczny: \u015broda \u2013 Piotra Chanela i \u015bw. Ludwika M. Grignion de Montfort, czwartek \u2013 \u015bw. Katarzyny ze Sieny, patronki Europy, pi\u0105tek \u2013 \u015bw. \u015bw. Piusa V, papie\u017ca, sobota \u2013 \u015bw. J\u00f3zefa Rzemie\u015blnika. &nbsp; Czwart\u0105 Niedziel\u0105 Wielkanocn\u0105 rozpoczynamy Kwartalne Dni Modlitw o &#8230; <span class=\"more\"><a class=\"more-link\" href=\"https:\/\/www.chnk.pl\/?p=3187\">czytaj wi\u0119cej<\/a><\/span><\/p>\n","protected":false},"author":3,"featured_media":0,"comment_status":"open","ping_status":"open","sticky":false,"template":"","format":"standard","meta":{"ngg_post_thumbnail":0,"footnotes":""},"categories":[1],"tags":[],"_links":{"self":[{"href":"https:\/\/www.chnk.pl\/index.php?rest_route=\/wp\/v2\/posts\/3187"}],"collection":[{"href":"https:\/\/www.chnk.pl\/index.php?rest_route=\/wp\/v2\/posts"}],"about":[{"href":"https:\/\/www.chnk.pl\/index.php?rest_route=\/wp\/v2\/types\/post"}],"author":[{"embeddable":true,"href":"https:\/\/www.chnk.pl\/index.php?rest_route=\/wp\/v2\/users\/3"}],"replies":[{"embeddable":true,"href":"https:\/\/www.chnk.pl\/index.php?rest_route=%2Fwp%2Fv2%2Fcomments&post=3187"}],"version-history":[{"count":1,"href":"https:\/\/www.chnk.pl\/index.php?rest_route=\/wp\/v2\/posts\/3187\/revisions"}],"predecessor-version":[{"id":3188,"href":"https:\/\/www.chnk.pl\/index.php?rest_route=\/wp\/v2\/posts\/3187\/revisions\/3188"}],"wp:attachment":[{"href":"https:\/\/www.chnk.pl\/index.php?rest_route=%2Fwp%2Fv2%2Fmedia&parent=3187"}],"wp:term":[{"taxonomy":"category","embeddable":true,"href":"https:\/\/www.chnk.pl\/index.php?rest_route=%2Fwp%2Fv2%2Fcategories&post=3187"},{"taxonomy":"post_tag","embeddable":true,"href":"https:\/\/www.chnk.pl\/index.php?rest_route=%2Fwp%2Fv2%2Ftags&post=3187"}],"curies":[{"name":"wp","href":"https:\/\/api.w.org\/{rel}","templated":true}]}}