{"id":3182,"date":"2021-04-17T18:52:45","date_gmt":"2021-04-17T18:52:45","guid":{"rendered":"http:\/\/www.chnk.pl\/?p=3182"},"modified":"2021-04-17T18:52:45","modified_gmt":"2021-04-17T18:52:45","slug":"3-niedziela-wielkanocna-5","status":"publish","type":"post","link":"https:\/\/www.chnk.pl\/?p=3182","title":{"rendered":"3 Niedziela Wielkanocna"},"content":{"rendered":"<p><strong>&nbsp;<\/strong><\/p>\n<p><strong>&nbsp;<\/strong><\/p>\n<p><strong>&nbsp;OG\u0141OSZENIA DUSZPASTERSKIE<\/strong><\/p>\n<p><strong>NIEDZIELA III WIELKANOCNA<\/strong><\/p>\n<p><strong>&nbsp;18 kwietnia 2021 r.<\/strong><\/p>\n<p>&nbsp;<\/p>\n<ol>\n<li>Kalendarz liturgiczny:<\/li>\n<\/ol>\n<p>\u015broda \u2013 \u015bw. Anzelma,<\/p>\n<p>pi\u0105tek \u2013 Uroczysto\u015b\u0107 \u015bw. Wojciecha, biskupa i m\u0119czennika, g\u0142\u00f3wnego patrona Polski ( nie obowi\u0105zuje wstrzemi\u0119\u017aliwo\u015b\u0107 od pokarm\u00f3w mi\u0119snych),<\/p>\n<p>sobota \u2013 \u015bw. Jerzego i Fidelisa).<\/p>\n<p>&nbsp;<\/p>\n<ol start=\"2\">\n<li>Dnia 20 kwietnia (wtorek) 2021 roku przypada 19. rocznica ingresu do katedry pozna\u0144skiej Ksi\u0119dza Arcybiskupa Stanis\u0142awa G\u0105deckiego, Metropolity Pozna\u0144skiego. O godzinie 18.00 w katedrze Ksi\u0105dz Arcybiskup b\u0119dzie przewodniczy\u0142 uroczystej Eucharystii. W naszej parafii, w czasie mszy \u015bw. pami\u0119ta\u0107 b\u0119dziemy o Ks. Arcybiskupie Stanis\u0142awie G\u0105deckim. Pro\u015bmy Boga w modlitwie o&nbsp;si\u0142y, b\u0142ogos\u0142awie\u0144stwo i \u0142ask\u0119 zdrowia dla naszego Pasterza. Uroczysto\u015b\u0107 b\u0119dzie transmitowana przez stron\u0119 internetow\u0105 parafii katedralnej.<\/li>\n<\/ol>\n<p>&nbsp;<\/p>\n<ol start=\"3\">\n<li>Spotkanie dla rodzic\u00f3w dzieci pierwszokomunijnych w poniedzia\u0142ek o 19.00 w ko\u015bciele. Pierwsza spowied\u017a \u015bw. dzieci w \u015brod\u0119: dziewczynki o godz. 15.45, ch\u0142opcy o godz. 16.45.<\/li>\n<\/ol>\n<p>&nbsp;<\/p>\n<ol start=\"4\">\n<li>Msza \u015bw. o uzdrowienie duszy i cia\u0142a w czwartek o godz. 19.15. Zapisane intencje mo\u017cna z\u0142o\u017cy\u0107 pod ch\u00f3rem. Transmisja na parafialnej stronie internetowej.<\/li>\n<\/ol>\n<p>&nbsp;<\/p>\n<ol start=\"5\">\n<li>W zwi\u0105zku z trwaj\u0105c\u0105 epidemi\u0105 obowi\u0105zuje wcze\u015bniej wydana dyspensa od obowi\u0105zku uczestnictwa we mszy \u015bw. niedzielnej i&nbsp;\u015bwi\u0105tecznej. Komunia \u015bw. poza msz\u0105 \u015bw. dla os\u00f3b niemieszcz\u0105cych si\u0119 w limicie: w niedziel\u0119 o godz. 13.30. Spowied\u017a \u015bw. w salce parafialnej (wej\u015bcie z dziedzi\u0144ca) z oczekiwaniem na zewn\u0105trz, p\u00f3\u0142 godziny przed msz\u0105 \u015bw. odprawian\u0105 o godz. 8.00 i 18.00 i w sobot\u0119 od godz. 16.00 do 18.00. Transmisja mszy \u015bw. niedzielnej o godz. 11:15. Dost\u0119p przez stron\u0119: www.facebook.com\/parafiachnk (z transmisji mo\u017cna korzysta\u0107 nie maj\u0105c konta na Facebooku \u2013 wystarczy wej\u015b\u0107 w podany link). Ko\u015bci\u00f3\u0142 w ci\u0105gu dnia otwarty.<\/li>\n<\/ol>\n<p>&nbsp;<\/p>\n<ol start=\"6\">\n<li>Zach\u0119camy do czytania prasy katolickiej. Przy zakrystii: <em>Przewodnik Katolicki<\/em>, <em>Go\u015b\u0107 Niedzielny<\/em>, <em>Go\u015b\u0107 Niedzielny Extra (o \u015bw. J\u00f3zefie)<\/em> <em>Ziarno (dla dzieci zabieraj\u0105 doro\u015bli)<\/em>.<\/li>\n<\/ol>\n<p>&nbsp;<\/p>\n<ol start=\"7\">\n<li>B\u00f3g zap\u0142a\u0107 za ofiary na danin\u0119 diecezjaln\u0105 i utrzymanie naszego ko\u015bcio\u0142a.<\/li>\n<\/ol>\n<p>&nbsp;<\/p>\n<p>&nbsp;<\/p>\n<p>&nbsp;<\/p>\n<p>&nbsp;<\/p>\n<p>&nbsp;<\/p>\n<p>&nbsp;<\/p>\n<p>&nbsp;<\/p>\n<p>&nbsp;<\/p>\n<p>&nbsp;<\/p>\n<p>&nbsp;<\/p>\n<p>&nbsp;&nbsp;&nbsp;&nbsp;&nbsp;&nbsp;&nbsp;&nbsp;&nbsp;&nbsp;&nbsp;&nbsp;&nbsp;&nbsp;&nbsp;&nbsp;&nbsp;&nbsp;&nbsp;&nbsp;&nbsp;&nbsp;&nbsp;&nbsp;&nbsp;&nbsp;&nbsp;&nbsp;&nbsp;&nbsp;&nbsp;&nbsp;&nbsp;&nbsp;&nbsp;&nbsp;&nbsp;&nbsp;&nbsp;&nbsp;&nbsp;&nbsp;&nbsp;&nbsp;&nbsp;&nbsp;&nbsp;&nbsp;&nbsp;&nbsp;&nbsp;&nbsp;&nbsp;&nbsp;&nbsp;&nbsp;&nbsp;&nbsp;&nbsp;&nbsp;&nbsp;&nbsp;&nbsp;&nbsp; &nbsp;&nbsp;&nbsp;&nbsp;&nbsp;&nbsp;&nbsp;&nbsp;&nbsp;&nbsp;&nbsp;&nbsp;&nbsp;&nbsp;&nbsp;&nbsp;&nbsp;&nbsp;&nbsp;&nbsp;&nbsp;&nbsp;&nbsp;&nbsp;&nbsp;&nbsp;&nbsp;&nbsp;&nbsp;&nbsp;&nbsp;&nbsp;&nbsp;&nbsp;&nbsp;&nbsp;&nbsp;&nbsp;&nbsp;&nbsp;&nbsp;&nbsp;&nbsp;&nbsp;&nbsp;&nbsp;&nbsp;&nbsp;&nbsp;&nbsp;&nbsp;&nbsp;&nbsp;&nbsp;&nbsp;&nbsp;&nbsp;&nbsp;&nbsp;&nbsp;&nbsp;&nbsp;&nbsp;&nbsp;&nbsp;&nbsp;&nbsp;&nbsp;&nbsp;&nbsp;&nbsp;&nbsp;&nbsp;&nbsp;&nbsp;&nbsp;&nbsp;&nbsp;&nbsp;&nbsp;&nbsp;&nbsp;&nbsp;&nbsp;&nbsp;&nbsp;&nbsp;&nbsp;&nbsp;&nbsp;&nbsp;&nbsp;&nbsp;&nbsp;&nbsp;&nbsp;&nbsp;&nbsp;&nbsp;&nbsp;&nbsp;&nbsp;&nbsp;&nbsp;&nbsp;&nbsp;&nbsp;&nbsp;&nbsp;&nbsp;&nbsp;&nbsp;&nbsp;&nbsp;&nbsp;&nbsp;&nbsp;&nbsp;&nbsp;&nbsp;&nbsp;&nbsp;&nbsp;&nbsp;&nbsp;&nbsp;&nbsp;&nbsp;&nbsp;&nbsp;&nbsp;&nbsp;&nbsp;&nbsp;&nbsp;&nbsp;&nbsp;&nbsp;&nbsp;&nbsp;&nbsp;&nbsp;&nbsp;&nbsp;&nbsp;&nbsp;&nbsp;&nbsp;&nbsp;&nbsp;&nbsp;&nbsp;&nbsp;&nbsp;&nbsp;&nbsp;&nbsp;&nbsp;&nbsp;&nbsp;&nbsp;&nbsp;&nbsp;&nbsp;&nbsp;&nbsp;&nbsp;&nbsp;&nbsp;&nbsp;&nbsp;&nbsp;&nbsp;&nbsp;&nbsp;&nbsp;&nbsp;&nbsp;&nbsp;&nbsp;&nbsp;&nbsp;&nbsp;&nbsp;&nbsp;&nbsp;&nbsp;&nbsp;&nbsp;&nbsp;&nbsp;&nbsp;&nbsp;&nbsp;&nbsp;&nbsp;&nbsp;&nbsp;&nbsp;&nbsp;&nbsp;&nbsp;&nbsp;&nbsp;&nbsp;&nbsp;&nbsp;&nbsp;&nbsp;&nbsp;&nbsp;&nbsp;&nbsp;&nbsp;&nbsp;&nbsp;&nbsp;&nbsp;&nbsp;&nbsp;&nbsp;&nbsp;&nbsp;&nbsp;&nbsp;&nbsp;&nbsp;&nbsp;&nbsp;&nbsp;&nbsp;&nbsp;&nbsp;&nbsp;&nbsp;&nbsp;&nbsp;&nbsp;&nbsp;&nbsp;&nbsp;&nbsp;&nbsp;&nbsp;&nbsp;&nbsp;&nbsp;&nbsp;&nbsp;&nbsp;&nbsp;&nbsp;&nbsp;&nbsp;&nbsp;&nbsp;&nbsp;&nbsp;&nbsp;&nbsp;&nbsp;&nbsp;&nbsp;&nbsp;&nbsp;&nbsp;&nbsp;&nbsp;&nbsp;&nbsp;&nbsp;&nbsp;&nbsp;&nbsp;&nbsp;&nbsp;&nbsp;&nbsp;&nbsp;&nbsp;&nbsp;&nbsp;&nbsp;&nbsp;&nbsp;&nbsp;&nbsp;&nbsp;&nbsp;&nbsp;&nbsp;&nbsp;&nbsp;&nbsp;&nbsp;&nbsp;&nbsp;&nbsp;&nbsp;&nbsp;&nbsp;&nbsp;&nbsp;&nbsp;&nbsp;&nbsp;&nbsp;&nbsp;&nbsp;&nbsp;&nbsp;&nbsp;&nbsp;&nbsp;&nbsp;&nbsp;&nbsp;&nbsp;&nbsp;&nbsp;&nbsp;&nbsp;&nbsp;&nbsp;&nbsp;&nbsp;&nbsp;&nbsp;&nbsp;&nbsp;&nbsp;&nbsp;&nbsp;&nbsp;&nbsp;&nbsp;&nbsp;<\/p>\n","protected":false},"excerpt":{"rendered":"<p>&nbsp; &nbsp; &nbsp;OG\u0141OSZENIA DUSZPASTERSKIE NIEDZIELA III WIELKANOCNA &nbsp;18 kwietnia 2021 r. &nbsp; Kalendarz liturgiczny: \u015broda \u2013 \u015bw. Anzelma, pi\u0105tek \u2013 Uroczysto\u015b\u0107 \u015bw. Wojciecha, biskupa i m\u0119czennika, g\u0142\u00f3wnego patrona Polski ( nie obowi\u0105zuje wstrzemi\u0119\u017aliwo\u015b\u0107 od pokarm\u00f3w mi\u0119snych), sobota \u2013 \u015bw. Jerzego i Fidelisa). &nbsp; Dnia 20 kwietnia (wtorek) 2021 roku przypada 19. rocznica ingresu do katedry &#8230; <span class=\"more\"><a class=\"more-link\" href=\"https:\/\/www.chnk.pl\/?p=3182\">czytaj wi\u0119cej<\/a><\/span><\/p>\n","protected":false},"author":3,"featured_media":0,"comment_status":"open","ping_status":"open","sticky":false,"template":"","format":"standard","meta":{"ngg_post_thumbnail":0,"footnotes":""},"categories":[1],"tags":[],"_links":{"self":[{"href":"https:\/\/www.chnk.pl\/index.php?rest_route=\/wp\/v2\/posts\/3182"}],"collection":[{"href":"https:\/\/www.chnk.pl\/index.php?rest_route=\/wp\/v2\/posts"}],"about":[{"href":"https:\/\/www.chnk.pl\/index.php?rest_route=\/wp\/v2\/types\/post"}],"author":[{"embeddable":true,"href":"https:\/\/www.chnk.pl\/index.php?rest_route=\/wp\/v2\/users\/3"}],"replies":[{"embeddable":true,"href":"https:\/\/www.chnk.pl\/index.php?rest_route=%2Fwp%2Fv2%2Fcomments&post=3182"}],"version-history":[{"count":1,"href":"https:\/\/www.chnk.pl\/index.php?rest_route=\/wp\/v2\/posts\/3182\/revisions"}],"predecessor-version":[{"id":3183,"href":"https:\/\/www.chnk.pl\/index.php?rest_route=\/wp\/v2\/posts\/3182\/revisions\/3183"}],"wp:attachment":[{"href":"https:\/\/www.chnk.pl\/index.php?rest_route=%2Fwp%2Fv2%2Fmedia&parent=3182"}],"wp:term":[{"taxonomy":"category","embeddable":true,"href":"https:\/\/www.chnk.pl\/index.php?rest_route=%2Fwp%2Fv2%2Fcategories&post=3182"},{"taxonomy":"post_tag","embeddable":true,"href":"https:\/\/www.chnk.pl\/index.php?rest_route=%2Fwp%2Fv2%2Ftags&post=3182"}],"curies":[{"name":"wp","href":"https:\/\/api.w.org\/{rel}","templated":true}]}}